{"id":51163,"date":"2022-06-02T14:42:13","date_gmt":"2022-06-02T20:42:13","guid":{"rendered":"https:\/\/redsemlac.com\/semmexico\/?p=51163"},"modified":"2023-07-21T19:05:40","modified_gmt":"2023-07-22T00:05:40","slug":"un-inocente-llamado-andres-manuel","status":"publish","type":"post","link":"https:\/\/redsemlac.com\/semmexico\/un-inocente-llamado-andres-manuel\/","title":{"rendered":"<strong>Un inocente llamado Andr\u00e9s Manuel<\/strong>"},"content":{"rendered":"\n<p class=\"wp-block-paragraph\"><strong>Mois\u00e9s S\u00e1nchez Lim\u00f3n<\/strong><\/p>\n\n\n\n<p class=\"wp-block-paragraph\">SemM\u00e9xico, Ciudad de M\u00e9xico, 2 de junio, 2022.- \u00a1Nooo! Brincos diera el Santo Patrono de los otros datos por parecerse siquiera por asomo a Pedro Infante y haber filmado con la hermosa Silvia Pinal aquella famosa pel\u00edcula \u201cEl Inocente\u201d, estrenada en esos d\u00edas de septiembre de 1956.<\/p>\n\n\n\n<p class=\"wp-block-paragraph\">Bueno, bueno, en la escenificaci\u00f3n de la obra montada todos los mi\u00e9rcoles en el Sal\u00f3n Tesorer\u00eda de Palacio Nacional, ni la bachillera Ana Elizabeth Garc\u00eda Vilchis, es Man\u00e9 &#8211;\u00a1Dios me libre! \u2014ni Andr\u00e9s Manuel es Cutberto Gaud\u00e1zar, los personajes de la pel\u00edcula que le refiero.<\/p>\n\n\n\n<p class=\"wp-block-paragraph\">Mie usted, la protagonizada por Pedro (Cruci) y Silvia (Man\u00e9) es una comedia igual que la ma\u00f1anera y tienen algo en com\u00fan: el enga\u00f1o. Y enga\u00f1o es enga\u00f1o, aunque vaya maquillado de inocentada.<\/p>\n\n\n\n<p class=\"wp-block-paragraph\">Disculpe usted que recurra a la referencia de una pel\u00edcula, de \u00e9stas que las nuevas generaciones desconocen o simplemente ignoran por considerarlas anacr\u00f3nicas, pero ilustran la analog\u00eda de la comedia llevada a la pantalla grande y la escenificada de lunes a viernes en Palacio por Su Alteza Seren\u00edsima que de pronto se asume escolapio en proceso de aprendizaje y olvida nombres, hechos o se desmarca de asuntos de su responsabilidad.<\/p>\n\n\n\n<p class=\"wp-block-paragraph\">\u00bfA poco no?<\/p>\n\n\n\n<p class=\"wp-block-paragraph\">Es recurrente que desde la audiencia le soplen un nombre, una fecha, o que el DJ que cobra como vocero presidencial, Chucho Ram\u00edrez, atienda interrogantes o lagunas mentales que, es evidente, el licenciado presidente las asume a prop\u00f3sito. &nbsp;<\/p>\n\n\n\n<p class=\"wp-block-paragraph\">Cutberto Gaud\u00e1zar es inocente porque, de acuerdo con la definici\u00f3n, es libre de culpa, es decir, no incurri\u00f3 en pecado carnal con Man\u00e9 \u2013para no herir a las buenas conciencias\u2014ni procedi\u00f3 con mala intenci\u00f3n o malicia. Se les pasaron los tragos, ni modos.<\/p>\n\n\n\n<p class=\"wp-block-paragraph\">Usted dir\u00e1 que es mucho rollo para entrar en materia. Pero vale la pena recordar estos filmes que retrataban a una sociedad mexicana que pol\u00edticamente maduraba en la mitad del siglo pasado y que hoy, politizada, no admite ni puede darse el lujo de extender pasaporte de impunidad a enga\u00f1abobos, demagogos que transitan por la vida como inocentes escolapios, querubines de la doctrina dominical.<\/p>\n\n\n\n<p class=\"wp-block-paragraph\">El ant\u00f3nimo de Cruci se apellida L\u00f3pez Obrador y se llama Andr\u00e9s Manuel cuyo oficio tiene mucho del enga\u00f1o: pasar como inocente cuando le conviene porque se sabe arropado por su grupo selecto y defendido por un importante sector de ciudadanos que a\u00fan creen en \u00e9l y validan sus inocentadas incluso con risas y aplausos.<\/p>\n\n\n\n<p class=\"wp-block-paragraph\">As\u00ed, le falta el respeto al sentido com\u00fan de quienes no comulgan con \u00e9l y cuya ideolog\u00eda dista de ser conservadora y apisonada con sentimientos golpistas. Miente y blofea con vastos conocimientos de la historia patria, pero escurre posturas asumi\u00e9ndose no informado, am\u00e9n de que protege a sus socios, amigos y compadres, comadres y familiares. \u00bfA poco no?<\/p>\n\n\n\n<p class=\"wp-block-paragraph\">Por ejemplo, aunque desde 2019 se document\u00f3 que Ignacio Ovalle Fern\u00e1ndez estaba involucrado en actos de corrupci\u00f3n al frente de Segalmex, el licenciado presidente soslay\u00f3 denuncias y desvi\u00f3 la acci\u00f3n justiciera hacia subalternos de quien fue su mecenas desde tiempos de Luis Echeverr\u00eda \u00c1lvarez.<\/p>\n\n\n\n<p class=\"wp-block-paragraph\">Ante ese caso, en la ma\u00f1anera de media semana se atrevi\u00f3 a transitar como inocente bur\u00f3crata.<\/p>\n\n\n\n<p class=\"wp-block-paragraph\">Mire usted, la pregunta debi\u00f3 ser por qu\u00e9 no se proced\u00eda contra Ovalle Fern\u00e1ndez por su responsabilidad como director de Seguridad Alimentaria Mexicana (Segalmex) en el millonario fraude documentado y atendido finalmente por la Secretar\u00eda de la Funci\u00f3n P\u00fablica y la Fiscal\u00eda General de la Rep\u00fablica, finalmente porque ya no cab\u00eda bajo la alfombra.<\/p>\n\n\n\n<p class=\"wp-block-paragraph\">Pero, a Su Alteza Seren\u00edsima le pregunt\u00f3 una reportera&nbsp;\u201csi tiene informaci\u00f3n acerca del destino que se hizo (del dinero defraudado), que se desviaron, si hay empresas que pudieron beneficiarse de esto, si tiene usted mayor informaci\u00f3n al respecto\u201d.<\/p>\n\n\n\n<p class=\"wp-block-paragraph\">&#8211;S\u00ed, hay un presunto fraude en Segalmex que se est\u00e1 investigando. Ya est\u00e1 la denuncia desde hace alg\u00fan tiempo en la Fiscal\u00eda General de la Rep\u00fablica y est\u00e1 abierta la investigaci\u00f3n\u2014fue la respuesta de Andr\u00e9s Manuel I, en serio.<\/p>\n\n\n\n<p class=\"wp-block-paragraph\">\u00a1Caray!, \u00bfsu cuaderno del alma metido en un millonario fraude \u2013m\u00e1s de ocho mil millones de pesos&#8211; del que se sab\u00eda desde 2019 y apenas se entera de que est\u00e1 abierta la investigaci\u00f3n?<\/p>\n\n\n\n<p class=\"wp-block-paragraph\">Por eso, por eso, a Ovalle Fern\u00e1ndez lo renunci\u00f3 de la direcci\u00f3n general de Segalmex y lo nombr\u00f3 coordinador del Instituto Nacional para el Federalismo y el Desarrollo Municipal, es decir, bajo el cobijo de la impunidad en la Secretar\u00eda de Gobernaci\u00f3n, blindado, \u00a1faltaba m\u00e1s!, por el mism\u00edsimo brother Ad\u00e1n Augusto L\u00f3pez Hern\u00e1ndez.<\/p>\n\n\n\n<p class=\"wp-block-paragraph\">\u00bfNo es mal intencionado el Duce? \u00bfEs un inocente p\u00e1rvulo que acumula hartos a\u00f1os? Lea usted un desplante m\u00e1s.<\/p>\n\n\n\n<p class=\"wp-block-paragraph\">Otra colega le refiri\u00f3 la informaci\u00f3n en la que se documenta que, en el \u00faltimo a\u00f1o, el titular de la Profeco, Ricardo Sheffield, cre\u00f3 una constructora y una operadora tur\u00edstica, adem\u00e1s de transformar un despacho jur\u00eddico en una inmobiliaria y todos esos negocios los hizo teniendo como socios a delegados de la Profeco en Veracruz y en Guanajuato.<\/p>\n\n\n\n<p class=\"wp-block-paragraph\">&#8211;\u00bfUsted sab\u00eda de este tipo de negocios? \u00bfY qu\u00e9 opini\u00f3n tiene? \u2014pregunt\u00f3 la colega.<\/p>\n\n\n\n<p class=\"wp-block-paragraph\">Y qu\u00e9 cree que respondi\u00f3 el culto e informado licenciado presidente. \u00a1Exacto!<\/p>\n\n\n\n<p class=\"wp-block-paragraph\">&#8211;No tengo informaci\u00f3n, pero vamos a hacer la investigaci\u00f3n\u2014respondi\u00f3 Su Alteza Seren\u00edsima con tierna inocencia y pregunt\u00f3 a la colega:<\/p>\n\n\n\n<p class=\"wp-block-paragraph\">\u201c\u00bfT\u00fa hablas de Ricardo Sheffield?\u201d<\/p>\n\n\n\n<p class=\"wp-block-paragraph\">&#8211;El titular de la Profeco\u2014asinti\u00f3 la reporteraza.<\/p>\n\n\n\n<p class=\"wp-block-paragraph\">&#8211;Vamos a informar aqu\u00ed\u2014resumi\u00f3 Andr\u00e9s Manuel I. \u00bfQu\u00e9 le parece el inocente Duce?<\/p>\n\n\n\n<p class=\"wp-block-paragraph\">Pero ah\u00ed le va la perla de esta comedia del inocente L\u00f3pez Obrador en la ma\u00f1anera-<\/p>\n\n\n\n<p class=\"wp-block-paragraph\">&#8211;Y tambi\u00e9n preguntarle un tercer tema, el d\u00eda de ayer el dirigente nacional del PRI dijo que por instrucciones de usted el secretario de Gobernaci\u00f3n lo hab\u00eda mandado a amenazar con el senador Manuel Velasco para presionarlo y que el PRI votara a favor de su reforma el\u00e9ctrica. \u00bfQu\u00e9 le responde? \u2014requiri\u00f3 la colega.<\/p>\n\n\n\n<p class=\"wp-block-paragraph\">&#8211;Pues que no es cierto, yo no me meto en eso, nunca lo he hecho, es un asunto de principios, de ideales, de moral\u2014atendi\u00f3 el licenciado presidente en el papel del mozalbete pillado en el robo de los chicles en la miscel\u00e1nea de la esquina.<\/p>\n\n\n\n<p class=\"wp-block-paragraph\">&#8211;Y \u2013justific\u00f3&#8211; tiene que ver con la pol\u00e9mica que existe actualmente y adem\u00e1s estamos en v\u00edsperas de las elecciones, pero yo no me meto en eso.<\/p>\n\n\n\n<p class=\"wp-block-paragraph\">Adem\u00e1s, explic\u00f3, \u201ctiene como dos a\u00f1os que no platico con, dos o tres, que no platico con Manuel Velasco. Lo salud\u00e9 el d\u00eda del aeropuerto, de la inauguraci\u00f3n del aeropuerto \u2018Felipe \u00c1ngeles\u2019, ah\u00ed lo salud\u00e9\u201d. La pregunta aludi\u00f3 a que gir\u00f3 instrucciones a Ad\u00e1n Augusto, no que se hubiera entrevistado con el g\u00fcero Velasco.<\/p>\n\n\n\n<p class=\"wp-block-paragraph\">\u00a1Sopas! Explicaci\u00f3n no pedida, acusaci\u00f3n manifiesta, reza la m\u00e1xima.<\/p>\n\n\n\n<p class=\"wp-block-paragraph\">&#8211;Lo que dice el dirigente del PRI es que, digamos, el mensaje habr\u00eda llegado a trav\u00e9s del secretario de Gobernaci\u00f3n, que usted instruy\u00f3 al secretario de Gobernaci\u00f3n para amenazarlo a trav\u00e9s de Manuel Velasco&#8211; le preciso la colega.<\/p>\n\n\n\n<p class=\"wp-block-paragraph\">&#8211;No, no. Ah\u00ed son otras cosas, ah\u00ed se trata de otros asuntos\u2014pretext\u00f3 el licenciado presidente.<\/p>\n\n\n\n<p class=\"wp-block-paragraph\">&#8211;\u00bfCu\u00e1les? &#8212;pregunt\u00f3 la reportera.<\/p>\n\n\n\n<p class=\"wp-block-paragraph\">&#8211;Yo creo que ya son hasta de dominio p\u00fablico, pero adem\u00e1s ustedes son muy buenos periodistas y yo no quiero hablar de eso\u2014se zaf\u00f3 el inocente Andr\u00e9s Manuel I, escurri\u00f3 el bulto.<\/p>\n\n\n\n<p class=\"wp-block-paragraph\">&#8211;Pero \u00bfc\u00f3mo ve todos estos esc\u00e1ndalos inmobiliarios de lavado, de predios, en los que est\u00e1 involucrado el dirigente (\u00bfnacional del PRI?&nbsp; \u2014arrincon\u00f3 la reportera al inocente licenciado quien de plano cort\u00f3:<\/p>\n\n\n\n<p class=\"wp-block-paragraph\">\u201cNo quiero hablar de eso, y menos hoy, a lo mejor pasando las elecciones ya hablamos, pero no quiero hablar de eso\u201d. \u00bfNo que su pecho es bodega? Vaya, vaya con el inocente macuspano. Digo.<\/p>\n\n\n\n<p class=\"wp-block-paragraph\"><a href=\"mailto:sanchezlimon@gmail.com\" target=\"_blank\" rel=\"noreferrer noopener\">sanchezlimon@gmail.com<\/a>&nbsp;&nbsp;&nbsp;&nbsp;&nbsp;<a href=\"http:\/\/www.entresemana.mx\/\" target=\"_blank\" rel=\"noreferrer noopener\">www.entresemana.mx<\/a>&nbsp;&nbsp;&nbsp;&nbsp;&nbsp;<strong>&nbsp;@msanchezlimon&nbsp;&nbsp;&nbsp;&nbsp; @msanchezlimon1<\/strong><\/p>\n","protected":false},"excerpt":{"rendered":"<p>El ant\u00f3nimo de Cruci se apellida L\u00f3pez Obrador y se llama Andr\u00e9s Manuel cuyo oficio tiene mucho del enga\u00f1o: pasar como inocente cuando le conviene porque se sabe arropado por su grupo selecto y defendido por un importante sector de ciudadanos que a\u00fan creen en \u00e9l y validan sus inocentadas incluso con risas y aplausos.<\/p>\n","protected":false},"author":3,"featured_media":41799,"comment_status":"open","ping_status":"open","sticky":false,"template":"","format":"standard","meta":{"_monsterinsights_skip_tracking":false,"footnotes":""},"categories":[693,83,35],"tags":[],"class_list":["post-51163","post","type-post","status-publish","format-standard","has-post-thumbnail","category-693","category-moises-sanchez-limon","category-opinion"],"_links":{"self":[{"href":"https:\/\/redsemlac.com\/semmexico\/wp-json\/wp\/v2\/posts\/51163","targetHints":{"allow":["GET"]}}],"collection":[{"href":"https:\/\/redsemlac.com\/semmexico\/wp-json\/wp\/v2\/posts"}],"about":[{"href":"https:\/\/redsemlac.com\/semmexico\/wp-json\/wp\/v2\/types\/post"}],"author":[{"embeddable":true,"href":"https:\/\/redsemlac.com\/semmexico\/wp-json\/wp\/v2\/users\/3"}],"replies":[{"embeddable":true,"href":"https:\/\/redsemlac.com\/semmexico\/wp-json\/wp\/v2\/comments?post=51163"}],"version-history":[{"count":0,"href":"https:\/\/redsemlac.com\/semmexico\/wp-json\/wp\/v2\/posts\/51163\/revisions"}],"wp:featuredmedia":[{"embeddable":true,"href":"https:\/\/redsemlac.com\/semmexico\/wp-json\/wp\/v2\/media\/41799"}],"wp:attachment":[{"href":"https:\/\/redsemlac.com\/semmexico\/wp-json\/wp\/v2\/media?parent=51163"}],"wp:term":[{"taxonomy":"category","embeddable":true,"href":"https:\/\/redsemlac.com\/semmexico\/wp-json\/wp\/v2\/categories?post=51163"},{"taxonomy":"post_tag","embeddable":true,"href":"https:\/\/redsemlac.com\/semmexico\/wp-json\/wp\/v2\/tags?post=51163"}],"curies":[{"name":"wp","href":"https:\/\/api.w.org\/{rel}","templated":true}]}}