{"id":51161,"date":"2022-06-02T14:37:16","date_gmt":"2022-06-02T20:37:16","guid":{"rendered":"https:\/\/redsemlac.com\/semmexico\/?p=51161"},"modified":"2023-07-21T19:05:40","modified_gmt":"2023-07-22T00:05:40","slug":"rafaga-hace-38-anos-mataron-a-manuel-buendia-y","status":"publish","type":"post","link":"https:\/\/redsemlac.com\/semmexico\/rafaga-hace-38-anos-mataron-a-manuel-buendia-y\/","title":{"rendered":"R\u00e1faga| Hace 38 A\u00f1os Mataron a Manuel Buend\u00eda Y\u2026"},"content":{"rendered":"\n<p class=\"wp-block-paragraph\"><strong>Jorge Herrera Valenzuela<\/strong><\/p>\n\n\n\n<p class=\"wp-block-paragraph\"><strong>ADI\u00d3S A OLIVERIO DUQUE JU\u00c1REZ Y A PEPE MART\u00cdNEZ MENDOZA<\/strong><\/p>\n\n\n\n<p class=\"wp-block-paragraph\">SemM\u00e9xico, Ciudad de M\u00e9xico, 2 de junio, 2022.- Eran poco m\u00e1s de las siete y media de la noche, mi\u00e9rcoles 30 de mayo de 1984. Sin m\u00e1s o\u00ed que el reportero Miguel Gonz\u00e1lez Segundo me dec\u00eda, por tel\u00e9fono, \u00ab<strong>Padrino, acaban de matar al se\u00f1or Buend\u00eda. Lo balacearon por la espalda, en el estacionamiento. Iba por su coche<\/strong>\u201d. El autor material viajaba en motocicleta. Nadie le vio el rostro, seg\u00fan se coment\u00f3.<\/p>\n\n\n\n<p class=\"wp-block-paragraph\">Surgieron todas las versiones que pueden ustedes imaginar. El autor de la influyente columna pol\u00edtica, iniciada a\u00f1os atr\u00e1s en las p\u00e1ginas del diario La Prensa, perdi\u00f3 la vida como \u00e9l nos dec\u00eda: \u201c<strong>Al que me mate, que lo haga por la espalda, porque de frente me lo llevo primero<\/strong>\u201d. <strong>Manuel Buend\u00eda Tellezgir\u00f3n, <\/strong>zitacuarense de nacimiento, era un excelente tirador y aficionado a la cacer\u00eda.<\/p>\n\n\n\n<p class=\"wp-block-paragraph\">Tres nombres de pol\u00edticos se mencionaron inmediatamente. Se habla que uno de ellos era el autor intelectual del asesinato. El presidente <strong>Miguel de la Madrid Hurtado<\/strong>, <strong>Manuel Bartlett D\u00edaz<\/strong>, secretario de Gobernaci\u00f3n. Y un subalterno del segundo, <strong>Jos\u00e9 Antonio Zorilla P\u00e9rez<\/strong>, titular de la Direcci\u00f3n Federal de Seguridad. Todo mundo sigue pensando que el \u00fanico que sabe la verdad, pero calla, es el expriista y hoy morenista, de hueso supercolorado, Bartlett D\u00edaz, actual director general de la Comisi\u00f3n Federal de Electricidad.<\/p>\n\n\n\n<p class=\"wp-block-paragraph\">El escenario del primer crimen de narcopol\u00edticos, as\u00ed se afirm\u00f3, fue el estacionamiento de Insurgentes Sur y Londres, Colonia Ju\u00e1rez. La semioscuridad del lugar estuvo a favor del gatillero que dispar\u00f3 cuatro balas a la espalda del columnista que iba a recoger su autom\u00f3vil. &nbsp;Cumplida la orden, el sujeto huy\u00f3 en la motocicleta, de la que no se baj\u00f3 al hacer los disparos.<\/p>\n\n\n\n<p class=\"wp-block-paragraph\">Mi compadre estrenaba un traje que Lolita, su esposa y comadre m\u00eda, le regal\u00f3 en su cumplea\u00f1os 58, precisamente el 24 de ese mes y a\u00f1o. D\u00edas antes del asesinato hubo una comida de reconciliaci\u00f3n amistosa entre Manuel y el ingeniero <strong>Luis Mart\u00ednez Villica\u00f1a, <\/strong>entonces secretario de la Reforma Agraria. &nbsp;Asist\u00ed como invitado de piedra, mudo. Manuel coment\u00f3, \u201cvine porque \u00e9ste, si \u00e9ste, que es mi compadre, me trajo como si yo fuera una mujer de la calle\u201d.<\/p>\n\n\n\n<p class=\"wp-block-paragraph\">La madrugada del jueves 31 est\u00e1bamos en la capilla funeraria, cuando de pronto muy girito y a pasos grandes entr\u00f3, seguido de sus guardaespaldas, Zorilla P\u00e9rez y sin hasta ahora saber por qu\u00e9, mi hija Claudia, ahijada de Manuel y Lolita, le grit\u00f3: \u201c\u00bfA qu\u00e9 vienes?, \u00a1asesino!\u201d. Todos nos quedamos mudos y el polic\u00eda se acerc\u00f3 a la viuda para darle el p\u00e9same y no tard\u00f3 en salir.<\/p>\n\n\n\n<p class=\"wp-block-paragraph\"><strong>\u00bfQUI\u00c9N FUE EL AUTOR INTELECTUAL?<\/strong><\/p>\n\n\n\n<p class=\"wp-block-paragraph\">Los a\u00f1os han pasado y en este 2022 seguimos sin saber qui\u00e9n orden\u00f3 dar muerte a un maestro del periodismo mexicano, el hombre que supo elegir a sus amigos, el amoroso esposo y padre de familia. Para m\u00ed el que guarda secretos es a quien conoc\u00ed en la Facultad de Derecho, UNAM, y del que no fui amigo, pero creo que su conocido, s\u00ed: <strong>Manuel Bartlett D\u00edaz.<\/strong><\/p>\n\n\n\n<p class=\"wp-block-paragraph\">La verdad es que se cumpli\u00f3 el dicho popular de que \u201cel hilo se revienta por lo m\u00e1s delgado\u201d y los tres primeros sospechosos, el que fue a prisi\u00f3n fue <strong>Jos\u00e9 Antonio Zorrilla P\u00e9rez<\/strong>. Fue el primer funcionario en llegar al lugar de los hechos; no hab\u00edan transcurrido m\u00e1s de 5 minutos del asesinato. Sus agentes saquearon el despacho privado de Buend\u00eda, ubicado sobre Insurgentes Sur. Nunca se supo que tantos documentos se llevaron.<\/p>\n\n\n\n<p class=\"wp-block-paragraph\">Durante las primeras semanas circularon toda clase de versiones. En la internacional columna <strong>Red Privada<\/strong>, su autor jam\u00e1s fue rebatido porque los datos estaban reporteados, confirmados y reconfirmados antes de que se publicaran. Desde la primera en que Manuel escribi\u00f3 la columna, qued\u00f3 claro que no redactar\u00eda ninguna sin antes certificar la informaci\u00f3n.<\/p>\n\n\n\n<p class=\"wp-block-paragraph\">Lo mismo denunci\u00f3 las piller\u00edas de la familia due\u00f1a de la Universidad Aut\u00f3noma de Guadalajara y de las acciones de llamados \u201cLos Tecos\u201d, como desenmascar\u00f3 a los l\u00edderes corruptos, no se le escaparon los \u201ciniciativos privados\u201d que obten\u00edan privilegios del gobierno. Entr\u00f3 al terreno de los narcos y los pol\u00edticos. Investig\u00f3 siempre a fondo cada tema, registraba nombres de civiles, de militares, de pol\u00edticos, de los lugares donde se operaba.<\/p>\n\n\n\n<p class=\"wp-block-paragraph\">Las investigaciones polic\u00edacas, si es que las hubo, llevaron a la c\u00e1rcel, los procesaron por homicidio agravado y sentenciados hasta 35 a\u00f1os. Nombres: Jos\u00e9 Antonio Zorrilla P\u00e9rez, bajo el cargo de autor intelectual. Juan Rafael Moro \u00c1vila, Sof\u00eda Maya y dos agentes m\u00e1s de la Federal de Seguridad. Ninguno acept\u00f3 tener responsabilidad en el asesinato.<\/p>\n\n\n\n<p class=\"wp-block-paragraph\">Lo \u00fanico cierto es que un gatillero profesional le cort\u00f3 la vida a un columnista excepcional, cuyo trabajo repercuti\u00f3 en la vida del pa\u00eds. Se inici\u00f3 en la revista La Naci\u00f3n, del Partido Acci\u00f3n Nacional, a invitaci\u00f3n del profesor don <strong>Alejandro Avil\u00e9s Isunza<\/strong>. Como diarista se abri\u00f3 paso en La Prensa, estuvo en El D\u00eda con don <strong>Enrique Ram\u00edrez y Ram\u00edrez. <\/strong>M\u00e1s tarde en la cadena de Los Soles que dirig\u00eda don <strong>Mario V\u00e1zquez Ra\u00f1a, la Organizaci\u00f3n Editorial Mexicana, <\/strong>y finaliz\u00f3 en Exc\u00e9lsior. Adem\u00e1s, mi gran amigo <strong>Jos\u00e9 Luis Becerra<\/strong>, director de la Agencia Mexicana de Noticias, la distribuy\u00f3 en diarios de toda la Rep\u00fablica.<\/p>\n\n\n\n<p class=\"wp-block-paragraph\">Lolita Abalos seis a\u00f1os despu\u00e9s, en 1990, dej\u00f3 a este mundo y sigue en el coraz\u00f3n de sus hijos Jos\u00e9 Manuel, \u201cJosito\u201d, Gabriela y Juan Carlos, as\u00ed como de quienes la quisimos mucho.<\/p>\n\n\n\n<p class=\"wp-block-paragraph\"><strong>Desde estas l\u00edneas env\u00edo un abrazo solidario para Vicky, Diana, Sandra, Luis y Carlos Mu\u00f1oz \u00c1ngeles y al licenciado Dar\u00edo Arrieta, por el fallecimiento de do\u00f1a Vicky \u00c1ngeles, mam\u00e1 y prima hermana, respectivamente.<\/strong><\/p>\n\n\n\n<p class=\"wp-block-paragraph\"><strong>Igual para los familiares de los apreciados colegas mencionados en las primeras l\u00edneas.<\/strong><\/p>\n\n\n\n<p class=\"wp-block-paragraph\"><strong>jherrerav@live.com.mx<\/strong><\/p>\n","protected":false},"excerpt":{"rendered":"<p>Eran poco m\u00e1s de las siete y media de la noche, mi\u00e9rcoles 30 de mayo de 1984. Sin m\u00e1s o\u00ed que el reportero Miguel Gonz\u00e1lez Segundo me dec\u00eda, por tel\u00e9fono, \u00abPadrino, acaban de matar al se\u00f1or Buend\u00eda. Lo balacearon por la espalda, en el estacionamiento. Iba por su coche\u201d<\/p>\n","protected":false},"author":3,"featured_media":38023,"comment_status":"open","ping_status":"open","sticky":false,"template":"","format":"standard","meta":{"_monsterinsights_skip_tracking":false,"footnotes":""},"categories":[693,94,35,107],"tags":[],"class_list":["post-51161","post","type-post","status-publish","format-standard","has-post-thumbnail","category-693","category-jorge-herrera-valenzuela","category-opinion","category-rafaga"],"_links":{"self":[{"href":"https:\/\/redsemlac.com\/semmexico\/wp-json\/wp\/v2\/posts\/51161","targetHints":{"allow":["GET"]}}],"collection":[{"href":"https:\/\/redsemlac.com\/semmexico\/wp-json\/wp\/v2\/posts"}],"about":[{"href":"https:\/\/redsemlac.com\/semmexico\/wp-json\/wp\/v2\/types\/post"}],"author":[{"embeddable":true,"href":"https:\/\/redsemlac.com\/semmexico\/wp-json\/wp\/v2\/users\/3"}],"replies":[{"embeddable":true,"href":"https:\/\/redsemlac.com\/semmexico\/wp-json\/wp\/v2\/comments?post=51161"}],"version-history":[{"count":0,"href":"https:\/\/redsemlac.com\/semmexico\/wp-json\/wp\/v2\/posts\/51161\/revisions"}],"wp:featuredmedia":[{"embeddable":true,"href":"https:\/\/redsemlac.com\/semmexico\/wp-json\/wp\/v2\/media\/38023"}],"wp:attachment":[{"href":"https:\/\/redsemlac.com\/semmexico\/wp-json\/wp\/v2\/media?parent=51161"}],"wp:term":[{"taxonomy":"category","embeddable":true,"href":"https:\/\/redsemlac.com\/semmexico\/wp-json\/wp\/v2\/categories?post=51161"},{"taxonomy":"post_tag","embeddable":true,"href":"https:\/\/redsemlac.com\/semmexico\/wp-json\/wp\/v2\/tags?post=51161"}],"curies":[{"name":"wp","href":"https:\/\/api.w.org\/{rel}","templated":true}]}}