{"id":51142,"date":"2022-06-02T13:55:00","date_gmt":"2022-06-02T19:55:00","guid":{"rendered":"https:\/\/redsemlac.com\/semmexico\/?p=51142"},"modified":"2023-07-21T19:05:41","modified_gmt":"2023-07-22T00:05:41","slug":"conmemoran-el-centenario-del-muralismo-en-mexico-con-coloquio-dedicado-a-mujeres","status":"publish","type":"post","link":"https:\/\/redsemlac.com\/semmexico\/conmemoran-el-centenario-del-muralismo-en-mexico-con-coloquio-dedicado-a-mujeres\/","title":{"rendered":"Conmemoran el centenario del muralismo en M\u00e9xico con coloquio dedicado a mujeres&nbsp;"},"content":{"rendered":"\n<p class=\"has-small-font-size wp-block-paragraph\" style=\"font-style:normal;font-weight:100\">Aurora Reyes es considerada a primera representante femenina del muralismo mexicano<\/p>\n\n\n\n<p class=\"wp-block-paragraph\">En las mesas de reflexi\u00f3n, realizadas en el Centro Nacional de las Artes, participan ponentes de M\u00e9xico, Argentina y Honduras\u00a0<\/p>\n\n\n\n<p class=\"wp-block-paragraph\">Redacci\u00f3n<\/p>\n\n\n\n<p class=\"wp-block-paragraph\">SemM\u00e9xico, Ciudad de M\u00e9xico, 2 de junio, 2022.- Revisar el trabajo de las artistas que fueron parte del movimiento muralista mexicano, as\u00ed como difundir las pr\u00e1cticas contempor\u00e1neas, es tema del coloquio&nbsp;<em>Mujer creadora &#8211; mujer imaginada. El reto de las muralistas en los andamios<\/em>, se lleva a cabo de manera virtual y presencial, del 1 al 3 de junio en el Aula Magna del Centro Nacional de las Artes, con transmisi\u00f3n en vivo por redes sociales.&nbsp;<\/p>\n\n\n\n<p class=\"wp-block-paragraph\">El encuentro, que se realiza en el marco de la conmemoraci\u00f3n del centenario del muralismo mexicano, es organizado por el Centro Nacional de Investigaci\u00f3n, Documentaci\u00f3n e Informaci\u00f3n de las Artes Pl\u00e1sticas (Cenidiap), como parte de las estrategias&nbsp;#VolverAVerte&nbsp;y \u201cContigo en la distancia\u201d de la Secretar\u00eda de Cultura del Gobierno de M\u00e9xico y del Instituto Nacional de Bellas Artes y Literatura (Inbal), a trav\u00e9s de la Subdirecci\u00f3n General de Educaci\u00f3n Investigaci\u00f3n Art\u00edsticas (Sgeia).&nbsp;<\/p>\n\n\n\n<p class=\"wp-block-paragraph\">La titular de la Sgeia, M\u00f3nica Hern\u00e1ndez Riquelme, subray\u00f3 que este homenaje a las muralistas y artistas en general contribuye a la transformaci\u00f3n de la realidad<\/p>\n\n\n\n<p class=\"wp-block-paragraph\">actual.\u00a0\u00a0<\/p>\n\n\n\n<div class=\"wp-block-image\"><figure class=\"aligncenter size-full\"><a href=\"https:\/\/redsemlac.com\/semmexico\/wp-content\/uploads\/2022\/06\/centenario-muralismo-02.jpg\"><img loading=\"lazy\" decoding=\"async\" width=\"1010\" height=\"600\" src=\"https:\/\/redsemlac.com\/semmexico\/wp-content\/uploads\/2022\/06\/centenario-muralismo-02.jpg\" alt=\"\" class=\"wp-image-51152\"\/><\/a><\/figure><\/div>\n\n\n\n<p class=\"wp-block-paragraph\">Este espacio de reflexi\u00f3n \u2014detall\u00f3\u2014 permite analizar, no solo el tema de g\u00e9nero, sino las desigualdades, discriminaci\u00f3n e inequidad a la que se han enfrentado las artistas a lo largo de su historia. \u201cEs la oportunidad de revisar la producci\u00f3n de las mujeres en todos los espacios art\u00edsticos con su est\u00e9tica y con su apreciaci\u00f3n de la realidad\u201d, coment\u00f3.&nbsp;&nbsp;<\/p>\n\n\n\n<p class=\"wp-block-paragraph\">Al inaugurar el coloquio, Hern\u00e1ndez Riquelme se dijo entusiasmada porque el encuentro sea un espacio para las nuevas generaciones. \u201cMe parece fundamental que este tipo de reflexiones tambi\u00e9n las hagamos para aportarles nuevos elementos a los y las artistas de las escuelas del Instituto\u201d.&nbsp;&nbsp;<\/p>\n\n\n\n<p class=\"wp-block-paragraph\">El director del Cenidiap, Carlos Guevara Meza, indic\u00f3 que el coloquio es una oportunidad para reivindicar la colaboraci\u00f3n de mujeres artistas, de generaciones y pa\u00edses diferentes, en el gran movimiento de vanguardia iniciado en M\u00e9xico hace 100 a\u00f1os.\u00a0\u00a0<\/p>\n\n\n\n<div class=\"wp-block-image\"><figure class=\"aligncenter size-large\"><a href=\"https:\/\/redsemlac.com\/semmexico\/wp-content\/uploads\/2022\/06\/centenario-muralismo-03.jpg\"><img decoding=\"async\" src=\"https:\/\/redsemlac.com\/semmexico\/wp-content\/uploads\/2022\/06\/centenario-muralismo-03-1024x750.jpg\" alt=\"\" class=\"wp-image-51151\"\/><\/a><\/figure><\/div>\n\n\n\n<p class=\"wp-block-paragraph\">\u201cPor fortuna, la investigaci\u00f3n ha permitido conocer los ocultamientos, la marginaci\u00f3n, invisibilizaci\u00f3n y exclusi\u00f3n de los discursos acad\u00e9micos y de cr\u00edtica de arte, de las artistas. Por ello, la comunidad del Cenidiap, en particular sus investigadoras, llevan d\u00e9cadas en la lucha por la reivindicaci\u00f3n del trabajo de estas creadoras, en un contexto en el cual la violencia de g\u00e9nero, por desgracia, alcanza niveles inusitados e inaceptables\u201d, subray\u00f3.&nbsp;<\/p>\n\n\n\n<p class=\"wp-block-paragraph\">La directora general adjunta del Centro Nacional de las Artes (CNA), \u00c1ngeles Castro Gurr\u00eda, precis\u00f3 que un centenario brinda la ocasi\u00f3n para mirar alguno de los \u00e1ngulos del movimiento muralista en M\u00e9xico. \u201cVer con una nueva mirada circunstancias, hechos y personajes, a los que se les debe reconocer un valor que hasta ahora les ha sido escatimado, particularmente a las mujeres muralistas\u201d, expuso.&nbsp;&nbsp;<\/p>\n\n\n\n<p class=\"wp-block-paragraph\">Para el CNA es satisfactorio ser el espacio para los debates actuales y para la revisi\u00f3n del pasado, a la luz de los temas que hoy nos ocupan con miras a encontrar otros matices de nuestra historia y afinar los instrumentos que nos sirvan de gu\u00eda, se\u00f1al\u00f3.\u00a0\u00a0<\/p>\n\n\n\n<div class=\"wp-block-image\"><figure class=\"aligncenter size-full\"><a href=\"https:\/\/redsemlac.com\/semmexico\/wp-content\/uploads\/2022\/06\/centenario-muralismo-04.jpg\"><img loading=\"lazy\" decoding=\"async\" width=\"750\" height=\"422\" src=\"https:\/\/redsemlac.com\/semmexico\/wp-content\/uploads\/2022\/06\/centenario-muralismo-04.jpg\" alt=\"\" class=\"wp-image-51150\"\/><\/a><figcaption>Elena Huerta, muralista mexicana. Su obra en la Universidad Aut\u00f3noma de Coahuila<\/figcaption><\/figure><\/div>\n\n\n\n<p class=\"wp-block-paragraph\">La investigadora del Cenidiap y coordinadora del coloquio, Guillermina Guadarrama Pe\u00f1a, dijo que este espacio es un homenaje, m\u00e1s que un reconocimiento, por el trabajo que las artistas mexicanas y extranjeras tuvieron en el movimiento del siglo XX y presente. \u201cEl arte mural ha sido una actividad dominada por varones, al menos en ese siglo, por ello son muy pocas las muralistas conocidas\u201d.&nbsp;&nbsp;<\/p>\n\n\n\n<p class=\"wp-block-paragraph\">En este espacio se presentar\u00e1n muralistas de los a\u00f1os veinte que iniciaron el rompimiento con el sistema patriarcal de su \u00e9poca, como forma de resistencia, hasta las pr\u00e1cticas contempor\u00e1neas de artistas latinoamericanas con t\u00e9cnicas propias. Tambi\u00e9n se consider\u00f3 revisar la visi\u00f3n masculina sobre la imagen femenina en algunos murales.&nbsp;<\/p>\n\n\n\n<p class=\"wp-block-paragraph\">Guadarrama Pe\u00f1a agreg\u00f3 que reflexionar sobre las obras murales realizadas por mujeres, atendiendo la perspectiva de g\u00e9nero y resaltando cuestiones est\u00e9ticas, art\u00edsticas y de activismo pol\u00edtico, es una tarea pendiente en estos tiempos de emergencia feminista. Para culminar los trabajos y celebraci\u00f3n del centenario, se realizar\u00e1 un foro donde las muralistas actuales mostrar\u00e1n sus producciones.&nbsp;<\/p>\n\n\n\n<p class=\"wp-block-paragraph\">En el coloquio participan especialistas de universidades y centros de investigaci\u00f3n de M\u00e9xico (Aguascalientes, Ciudad de M\u00e9xico, Durango, Morelos y Puebla), Argentina y Honduras.&nbsp;&nbsp;<\/p>\n\n\n\n<p class=\"wp-block-paragraph\">Aborda ejes tem\u00e1ticos como: las muralistas que vinieron de lejos; mujeres muralistas y acci\u00f3n pol\u00edtica; miradas e imaginarios en torno a lo femenino y retos y perspectivas actuales.&nbsp;<\/p>\n\n\n\n<p class=\"wp-block-paragraph\">Con estas actividades la Subdirecci\u00f3n General de Educaci\u00f3n e Investigaci\u00f3n Art\u00edsticas (Sgeia) reitera su compromiso de propiciar espacios para la discusi\u00f3n y an\u00e1lisis del papel que han desempe\u00f1ado las mujeres en la historia cultural de nuestro pa\u00eds.&nbsp;&nbsp;<\/p>\n\n\n\n<p class=\"wp-block-paragraph\">Para consultar el programa completo se puede ingresar a la p\u00e1gina del Centro\u00a0<a href=\"http:\/\/cenidiap.net\/j\/es\/\" target=\"_blank\" rel=\"noreferrer noopener\">http:\/\/cenidiap.net\/j\/es\/<\/a>; tambi\u00e9n se transmite en vivo a trav\u00e9s de las redes sociales del Inbal.\u00a0<\/p>\n\n\n\n<div class=\"wp-block-image\"><figure class=\"aligncenter size-large\"><a href=\"https:\/\/redsemlac.com\/semmexico\/wp-content\/uploads\/2022\/06\/centenario-muralismo-05.jpg\"><img decoding=\"async\" src=\"https:\/\/redsemlac.com\/semmexico\/wp-content\/uploads\/2022\/06\/centenario-muralismo-05-1024x483.jpg\" alt=\"\" class=\"wp-image-51149\"\/><\/a><figcaption>Atentado a las maestras rurales, 1936, por Aurora Reyes.<\/figcaption><\/figure><\/div>\n\n\n\n<p class=\"wp-block-paragraph\">ELLAS<\/p>\n\n\n\n<p class=\"wp-block-paragraph\">Una mujer con el rostro suplicante es arrastrada de los cabellos por un hombre que a la vez destruye un libro en el aire. Mientras el cuerpo de la mujer es tirado en\u00e9rgicamente, otro hombre, cuyo rostro es imposible de ver por el gran sombrero que porta, la golpea con la cantonera de un rifle. El acto es observado por un tr\u00edo de ni\u00f1os que se resguardan detr\u00e1s de un muro, incluso uno parece esconder su rostro ante la imposibilidad de concebir este acto de violencia.<\/p>\n\n\n\n<p class=\"wp-block-paragraph\">La escena forma parte del mural Atentado a las maestras rurales, pintado en 1936 y ubicado en el Centro Escolar Revoluci\u00f3n, localizado al sur del Centro Hist\u00f3rico de la Ciudad de M\u00e9xico; se trata de una obra elaborada por Aurora Reyes, considerada la primera mujer muralista de nuestro pa\u00eds.<\/p>\n\n\n\n<p class=\"wp-block-paragraph\">Las obras murales en M\u00e9xico realizadas por mujeres son bastas; sin embargo, poco se ha hablado de ello, pues el muralismo en nuestro pa\u00eds tiene una identidad marcada por la influencia e impacto del trabajo de quienes son considerados \u201cLos tres grandes del muralismo\u201d: Diego Rivera, David Alfaro Siqueiros y Jos\u00e9 Clemente Orozco.<\/p>\n\n\n\n<p class=\"wp-block-paragraph\">Sin embargo, m\u00e1s all\u00e1 de esa narrativa existe una diversa obra de mujeres mexicanas y extranjeras que formaron parte de un movimiento de artistas que transformaron de manera radical el arte p\u00fablico en M\u00e9xico durante el siglo XX y que en sus obras reflejaron la preocupaci\u00f3n social que marc\u00f3 la \u00e9poca y la generaci\u00f3n de creadores a la que pertenecieron.<\/p>\n\n\n\n<p class=\"wp-block-paragraph\">Rina Lazo (1923-2019)<\/p>\n\n\n\n<p class=\"wp-block-paragraph\">Originaria de Guatemala y fallecida recientemente, esta pintora arrib\u00f3 a M\u00e9xico en 1946 tras ganar una beca para estudiar pintura en la Escuela Nacional de Pintura, Escultura y Grabado La Esmeralda. La llegada de Lazo a M\u00e9xico se dio cuando el muralismo ya estaba convertido en una de las actividades culturales m\u00e1s importantes del pa\u00eds. Fue asistente de Diego Rivera, con quien trabaj\u00f3 en el ic\u00f3nico mural Sue\u00f1o de una tarde dominical en la Alameda Central. Rivera se convertir\u00eda en maestro de Lazo, y \u00e9sta en una pieza destacada del muralismo mexicano.<\/p>\n\n\n\n<p class=\"wp-block-paragraph\">Algunas de sus obras murales son El agua, origen de la vida sobre la tierra (1951), ubicada en el C\u00e1rcamo de Dolores en Chapultepec; La universidad, la familia y el deporte en M\u00e9xico (1952), plasmada en el Estadio Ol\u00edmpico Universitario; El pueblo en demanda de salud (1953), localizado en el del Hospital La Raza; y La gloriosa victoria (1954) en el Palacio Nacional de la Cultura de Guatemala.<\/p>\n\n\n\n<div class=\"wp-block-image\"><figure class=\"aligncenter size-full\"><a href=\"https:\/\/redsemlac.com\/semmexico\/wp-content\/uploads\/2022\/06\/centenario-muralismo-06.jpg\"><img loading=\"lazy\" decoding=\"async\" width=\"927\" height=\"614\" src=\"https:\/\/redsemlac.com\/semmexico\/wp-content\/uploads\/2022\/06\/centenario-muralismo-06.jpg\" alt=\"\" class=\"wp-image-51148\"\/><\/a><\/figure><\/div>\n\n\n\n<p class=\"wp-block-paragraph\">Elena Huerta (1908-1997)<\/p>\n\n\n\n<p class=\"wp-block-paragraph\">Esta artista es autora del que es considerado el mural m\u00e1s grande hecho por una mujer en M\u00e9xico, se trata de un trabajo de 450 metros cuadrados ubicado en Saltillo, Coahuila, estado en el que se encuentra la mayor parte de su obra. Sus murales se encuentran en la Escuela Superior de Agricultura Antonio Narro, el Instituto de Ciencias y Artes de Saltillo y en el Centro Cultural Vito Alessio Robles.<\/p>\n\n\n\n<p class=\"wp-block-paragraph\">Hermanas Marion y Grace Greenwood<\/p>\n\n\n\n<p class=\"wp-block-paragraph\">En la d\u00e9cada de 1920 comenzaron a llegar a M\u00e9xico artistas de diferentes naciones atra\u00eddos por la noticia de que en nuestro pa\u00eds se hab\u00eda gestado un importante movimiento art\u00edstico con contenido social; es decir, el muralismo mexicano. Entre esos artistas se encuentran las hermanas Marion y Grace Greenwood, originarias de Brooklyn, Estados Unidos. Ambas estudiaron en la Art Students League de Nueva York y en la Acad\u00e9mie Colarossi en Par\u00eds.<\/p>\n\n\n\n<p class=\"wp-block-paragraph\">El acercamiento de Marion Greenwood con el muralismo se dio a trav\u00e9s de Pablo O\u2019Higgins, quien le ense\u00f1\u00f3 la t\u00e9cnica del fresco; a continuaci\u00f3n, ella misma transmiti\u00f3 estos aprendizajes a su hermana Grace. El primer mural que realiz\u00f3 Marion fue Mercado en Taxco (1933), ubicado en el Hotel Taxque\u00f1o, en Guerrero. Posteriormente se traslad\u00f3 a Morelia, donde realiz\u00f3 diversas comisiones y Grace se desempe\u00f1\u00f3 como su asistente.<\/p>\n\n\n\n<p class=\"wp-block-paragraph\">En Morelia pintaron Hombre y m\u00e1quina, ubicado en el Museo Regional Michoacano, y Paisaje y econom\u00eda de Michoac\u00e1n, ubicado en el Colegio de San Nicol\u00e1s. Asimismo, en el Mercado Abelardo L. Rodr\u00edguez de la Ciudad de M\u00e9xico, Grace Greenwood pint\u00f3 la obra La miner\u00eda (1935); mientras que Marion Greenwood plasm\u00f3 Los alimentos y su distribuci\u00f3n por el canal de la Viga (1935) y La industrializaci\u00f3n del campo (1935); a su vez ambas realizaron el mural Trabajadores de todos los pa\u00edses, un\u00edos (1935).<\/p>\n\n\n\n<p class=\"wp-block-paragraph\">Las obras plasmadas por estas mujeres hac\u00edan referencia a la lucha de las clases sociales, la lucha obrera, el anticolonialismo y la libertad de expresi\u00f3n.<\/p>\n\n\n\n<div class=\"wp-block-image\"><figure class=\"aligncenter size-full\"><a href=\"https:\/\/redsemlac.com\/semmexico\/wp-content\/uploads\/2022\/06\/centenario-muralismo-07.jpg\"><img loading=\"lazy\" decoding=\"async\" width=\"550\" height=\"401\" src=\"https:\/\/redsemlac.com\/semmexico\/wp-content\/uploads\/2022\/06\/centenario-muralismo-07.jpg\" alt=\"\" class=\"wp-image-51147\"\/><\/a><\/figure><\/div>\n\n\n\n<p class=\"wp-block-paragraph\">Electa Arenal (1935-1969)<\/p>\n\n\n\n<p class=\"wp-block-paragraph\">Adem\u00e1s de poeta y escultora, esta artista mexicana se desempe\u00f1\u00f3 h\u00e1bilmente en la obra mural monumental; recibi\u00f3 formaci\u00f3n en esta expresi\u00f3n art\u00edstica con su madre, Elena Huerta, a quien asisti\u00f3 en los frescos de la Universidad Aut\u00f3noma Agraria Antonio Narro, en Coahuila; tambi\u00e9n colabor\u00f3 con Diego Rivera en los murales exteriores del Estadio Ol\u00edmpico de Ciudad Universitaria. M\u00e1s tarde form\u00f3 parte del Taller Escuela Siqueiros y particip\u00f3 en la realizaci\u00f3n de los murales del Polyforum Cultural Siqueiros y de la Sala de la Revoluci\u00f3n del Museo Nacional de Historia.<\/p>\n\n\n\n<p class=\"wp-block-paragraph\">Algunas de sus obras m\u00e1s famosas se encuentran en Cuba, a donde viaj\u00f3 motivada por los ideales de la Revoluci\u00f3n Cubana; destacan Canto a la Revoluci\u00f3n (1962), \u00c1tomos y ni\u00f1os (1963), Revoluci\u00f3n Cubana (1965), Infancia (1963), Maternidad (1964) y Palomas (1965). Muri\u00f3 a finales de la d\u00e9cada de 1960 al caer de un andamio mientras asist\u00eda al muralista David Alfaro Siqueiros en la realizaci\u00f3n de un mural.<\/p>\n\n\n\n<div class=\"wp-block-image\"><figure class=\"aligncenter size-full\"><a href=\"https:\/\/redsemlac.com\/semmexico\/wp-content\/uploads\/2022\/06\/centenario-muralismo-08.jpg\"><img loading=\"lazy\" decoding=\"async\" width=\"1024\" height=\"683\" src=\"https:\/\/redsemlac.com\/semmexico\/wp-content\/uploads\/2022\/06\/centenario-muralismo-08.jpg\" alt=\"\" class=\"wp-image-51146\"\/><\/a><figcaption>Electa Arenal, hija de Elena Huerta<\/figcaption><\/figure><\/div>\n\n\n\n<p class=\"wp-block-paragraph\">Valetta Swann (1904-1973)<\/p>\n\n\n\n<p class=\"wp-block-paragraph\">Fue una pintora y escultora inglesa que se asent\u00f3 en M\u00e9xico, donde desarroll\u00f3 una prol\u00edfica obra, logrando montar diversas exposiciones individuales incluso en el Palacio de Bellas Artes. Sus trabajos representaban escenas de la vida rural, el campo, las tradiciones y la cotidianidad de las mujeres. Algunas de sus obras murales son Sinfon\u00eda c\u00f3smica (1960) y Las delicias (1964), esta segunda creada para el Museo Nacional de Antropolog\u00eda.<\/p>\n\n\n\n<p class=\"wp-block-paragraph\">Fanny Rabel (1922-2008)<\/p>\n\n\n\n<p class=\"wp-block-paragraph\">Esta artista de origen polaco se desarroll\u00f3 en la pintura de caballete, el grabado, la escenograf\u00eda y la pintura mural. Fue disc\u00edpula de Diego Rivera, David Alfaro Siqueiros y Frida Kahlo. Estudi\u00f3 en La Esmeralda y form\u00f3 parte de Los Fridos. Su obra se alej\u00f3 de los temas pol\u00edticos y se centr\u00f3 en cuestiones de emotividad. Algunas de sus obras son Alfabetizaci\u00f3n (1952), ubicada originalmente en Coyoac\u00e1n y actualmente desaparecida, y Sobrevivencia de un pueblo por su esp\u00edritu (1957) localizada en el Centro Deportivo Israelita de la Ciudad de M\u00e9xico.<\/p>\n\n\n\n<div class=\"wp-block-image\"><figure class=\"aligncenter size-full\"><a href=\"https:\/\/redsemlac.com\/semmexico\/wp-content\/uploads\/2022\/06\/centenario-muralismo-09.jpg\"><img loading=\"lazy\" decoding=\"async\" width=\"560\" height=\"376\" src=\"https:\/\/redsemlac.com\/semmexico\/wp-content\/uploads\/2022\/06\/centenario-muralismo-09.jpg\" alt=\"\" class=\"wp-image-51145\"\/><\/a><\/figure><\/div>\n\n\n\n<p class=\"wp-block-paragraph\">Aurora Reyes (1908-1985)<\/p>\n\n\n\n<p class=\"wp-block-paragraph\">Es considerada la primera mujer muralista de M\u00e9xico; adem\u00e1s fue una escritora, activista pol\u00edtica y maestra. Originaria de Chihuahua, migr\u00f3 a Ciudad de M\u00e9xico, donde ingres\u00f3 a la Escuela Nacional Preparatoria, instituci\u00f3n en la que desarroll\u00f3 una gran amistad con Frida Kahlo.<\/p>\n\n\n\n<p class=\"wp-block-paragraph\">M\u00e1s tarde estudi\u00f3 en la Academia de San Carlos, donde desarroll\u00f3 sus habilidades art\u00edsticas; no obstante, Reyes fue una gran autodidacta. Sus pinturas se enfocaron en resaltar los problemas de los desprotegidos y desarroll\u00f3 su estilo en el retrato, mostrando predilecci\u00f3n por los rostros femeninos.<\/p>\n\n\n\n<p class=\"wp-block-paragraph\">El primer mural que pint\u00f3 Aurora Reyes se encuentra en el Centro Escolar Revoluci\u00f3n y es titulado Atentado a las maestras rurales (1936), en el que reflejaban algunas de las preocupaciones de Reyes, como la educaci\u00f3n y la lucha por mejorar las condiciones laborales de las mujeres trabajadoras.<\/p>\n\n\n\n<div class=\"wp-block-image\"><figure class=\"aligncenter size-large\"><a href=\"https:\/\/redsemlac.com\/semmexico\/wp-content\/uploads\/2022\/06\/centenario-muralismo-10.jpg\"><img decoding=\"async\" src=\"https:\/\/redsemlac.com\/semmexico\/wp-content\/uploads\/2022\/06\/centenario-muralismo-10-1024x676.jpg\" alt=\"\" class=\"wp-image-51144\"\/><\/a><\/figure><\/div>\n","protected":false},"excerpt":{"rendered":"<p>Revisar el trabajo de las artistas que fueron parte del movimiento muralista mexicano, as\u00ed como difundir las pr\u00e1cticas contempor\u00e1neas, es tema del coloquio\u00a0Mujer creadora &#8211; mujer imaginada.<\/p>\n","protected":false},"author":3,"featured_media":51143,"comment_status":"open","ping_status":"open","sticky":false,"template":"","format":"standard","meta":{"_monsterinsights_skip_tracking":false,"footnotes":""},"categories":[693,45,46],"tags":[],"class_list":["post-51142","post","type-post","status-publish","format-standard","has-post-thumbnail","category-693","category-cultura","category-cultura-cultura"],"_links":{"self":[{"href":"https:\/\/redsemlac.com\/semmexico\/wp-json\/wp\/v2\/posts\/51142","targetHints":{"allow":["GET"]}}],"collection":[{"href":"https:\/\/redsemlac.com\/semmexico\/wp-json\/wp\/v2\/posts"}],"about":[{"href":"https:\/\/redsemlac.com\/semmexico\/wp-json\/wp\/v2\/types\/post"}],"author":[{"embeddable":true,"href":"https:\/\/redsemlac.com\/semmexico\/wp-json\/wp\/v2\/users\/3"}],"replies":[{"embeddable":true,"href":"https:\/\/redsemlac.com\/semmexico\/wp-json\/wp\/v2\/comments?post=51142"}],"version-history":[{"count":0,"href":"https:\/\/redsemlac.com\/semmexico\/wp-json\/wp\/v2\/posts\/51142\/revisions"}],"wp:featuredmedia":[{"embeddable":true,"href":"https:\/\/redsemlac.com\/semmexico\/wp-json\/wp\/v2\/media\/51143"}],"wp:attachment":[{"href":"https:\/\/redsemlac.com\/semmexico\/wp-json\/wp\/v2\/media?parent=51142"}],"wp:term":[{"taxonomy":"category","embeddable":true,"href":"https:\/\/redsemlac.com\/semmexico\/wp-json\/wp\/v2\/categories?post=51142"},{"taxonomy":"post_tag","embeddable":true,"href":"https:\/\/redsemlac.com\/semmexico\/wp-json\/wp\/v2\/tags?post=51142"}],"curies":[{"name":"wp","href":"https:\/\/api.w.org\/{rel}","templated":true}]}}