{"id":51133,"date":"2022-06-02T12:45:12","date_gmt":"2022-06-02T18:45:12","guid":{"rendered":"https:\/\/redsemlac.com\/semmexico\/?p=51133"},"modified":"2023-07-21T19:05:41","modified_gmt":"2023-07-22T00:05:41","slug":"tapachula-50-mil-migrantes-varados-la-gente-de-venezuela-la-mas-pobre","status":"publish","type":"post","link":"https:\/\/redsemlac.com\/semmexico\/tapachula-50-mil-migrantes-varados-la-gente-de-venezuela-la-mas-pobre\/","title":{"rendered":"Tapachula:&nbsp; 50 mil migrantes varados, la gente de Venezuela la m\u00e1s pobre"},"content":{"rendered":"\n<p class=\"wp-block-paragraph\">Miles intentar\u00e1n este 6 de junio romper el tap\u00f3n que mantiene el gobierno mexicano hace 3 a\u00f1os<\/p>\n\n\n\n<p class=\"wp-block-paragraph\">Entre 400 y 800 hombres y mujeres entran cada d\u00eda y deben pagar a M\u00e9xico entre 600 y 2 mil d\u00f3lares<\/p>\n\n\n\n<p class=\"wp-block-paragraph\">Gabriela Couti\u00f1o<\/p>\n\n\n\n<p class=\"wp-block-paragraph\">SemM\u00e9xico, Tuxtla Guti\u00e9rrez, Chis. 2 junio. &#8211; Unos 10 mil venezolanos y venezolanas que han huido de su pa\u00eds en las \u00faltimas semanas, se organizan en un parque para salir en caravana&nbsp;el 6 de junio&nbsp;pr\u00f3ximo desde Tapachula, y \u201cromper el tap\u00f3n\u201d que desde hace tres a\u00f1os mantiene el gobierno de M\u00e9xico en la frontera sur, al obstaculizar el tr\u00e1nsito con requisitos administrativos que retrasan su petici\u00f3n de migrar hacia el norte, inform\u00f3 el activista Luis Garc\u00eda Villagr\u00e1n.<\/p>\n\n\n\n<p class=\"wp-block-paragraph\">Los y las migrantes est\u00e1n a la espera que las autoridades migratorias les resuelvan sus peticiones de brindarles visa humanitaria que les permita transitar con seguridad por territorio mexicano.&nbsp;<\/p>\n\n\n\n<p class=\"wp-block-paragraph\">\u201cSi no nos resuelven, salimos. Hoy recib\u00ed un documento donde nos dicen que nos van a resolver, pero si no,\u00a0el domingo a las 12 de la noche\u00a0vamos a empezar a caminar. Vamos a salir pac\u00edficamente de Tapachula, hasta que Dios nos diga hasta d\u00f3nde vamos a llegar\u201d, indic\u00f3 el activista.<\/p>\n\n\n\n<figure class=\"wp-block-image size-large\"><a href=\"https:\/\/redsemlac.com\/semmexico\/wp-content\/uploads\/2022\/06\/migrantes-tapachula-02.jpg\"><img decoding=\"async\" src=\"https:\/\/redsemlac.com\/semmexico\/wp-content\/uploads\/2022\/06\/migrantes-tapachula-02-1024x768.jpg\" alt=\"\" class=\"wp-image-51135\"\/><\/a><\/figure>\n\n\n\n<p class=\"wp-block-paragraph\">Garc\u00eda Villagr\u00e1n dijo en entrevista, que la estrategia gubernamental de mantener al migrante en el \u201ctap\u00f3n de la frontera sur\u201d, le genera problemas a la ciudad de Tapachula, porque no cuenta con infraestructura para ofrecer empleo o estancia digna a una poblaci\u00f3n flotante que busca llegar a Estados Unidos en busca de mejores condiciones de vida.&nbsp;<\/p>\n\n\n\n<p class=\"wp-block-paragraph\">La regi\u00f3n ha vivido en los \u00faltimos a\u00f1os un fen\u00f3meno de \u00e9xodos migratorios que se van transformando, primeros fueron los centroamericanos y sudamericanos, luego llegaron personas africanas, y despu\u00e9s las y los haitianos que, de acuerdo al testimonio del activista, estos \u00faltimos se han integrado a la econom\u00eda del sureste mexicano desempe\u00f1ando actividades informales, ya que al pisar suelo americano son inmediatamente deportados a su pa\u00eds.&nbsp;<\/p>\n\n\n\n<p class=\"wp-block-paragraph\">\u201cEn Tapachula, hay unos 50 mil migrantes varados; pero los migrantes m\u00e1s pobres son la gente de Venezuela en este momento, porque los de Hait\u00ed que era la m\u00e1s pobre, ya decidi\u00f3 quedarse en M\u00e9xico, o esperar al menos la respuesta de COMAR, porque ellos est\u00e1n siendo deportados de Estados Unidos\u201d.&nbsp;<\/p>\n\n\n\n<p class=\"wp-block-paragraph\">Diariamente por el r\u00edo Suchiate, los organismos no gubernamentales calculan que ingresan a M\u00e9xico de forma irregular de 400 a 800 personas extranjeras, incluso familias enteras, las que se dividen entre los que tienen para pagar 600 d\u00f3lares por una constancia como solicitante de refugio en la Comisi\u00f3n Nacional de Ayuda a Refugiados (Comar),en solamente tres d\u00edas; o bien pagar mil 200 d\u00f3lares en el Instituto Nacional de Migraci\u00f3n (INM), por una cita inmediata; a los que no tienen recursos econ\u00f3micos, pero que requieren atenci\u00f3n integral, porque vienen huyendo.\u00a0<\/p>\n\n\n\n<figure class=\"wp-block-image size-large\"><a href=\"https:\/\/redsemlac.com\/semmexico\/wp-content\/uploads\/2022\/06\/migrantes-tapachula-03.jpg\"><img decoding=\"async\" src=\"https:\/\/redsemlac.com\/semmexico\/wp-content\/uploads\/2022\/06\/migrantes-tapachula-03-1024x768.jpg\" alt=\"\" class=\"wp-image-51136\"\/><\/a><\/figure>\n\n\n\n<p class=\"wp-block-paragraph\">Ese grueso de la poblaci\u00f3n migrante, es la que se re\u00fane en lugares p\u00fablicos de Tapachula, y a los que las Ongs les ofrecen ayuda solidaria inform\u00e1ndoles sus derechos humanos y legales, se\u00f1ala el activista.<\/p>\n\n\n\n<p class=\"wp-block-paragraph\">Hasta&nbsp;este mi\u00e9rcoles, Garc\u00eda Villagr\u00e1n, afirm\u00f3 que tiene anotados para salir en caravana, a 11 mil personas migrantes que no tienen los recursos para pagar las cuotas exorbitantes que impone la industria del tr\u00e1fico de personas.<\/p>\n\n\n\n<p class=\"wp-block-paragraph\">\u201cLo que hoy se est\u00e1 viviendo en Tapachula, es un \u00e9xodo de migrantes venezolanos; hay familias enteras, el 70 por ciento de los 11 mil migrantes que tengo anotados, pertenecen a un grupo vulnerable; mujeres embarazadas, ni\u00f1os y ni\u00f1as menores de 7 a\u00f1os, adolescentes menores de 18 a\u00f1os, mujeres solas con hijos; personas con alguna discapacidad, integrantes de la comunidad LGBTTTIQ y personas de la tercera edad que requieren alg\u00fan tipo de atenci\u00f3n\u201d.&nbsp;&nbsp;<\/p>\n\n\n\n<p class=\"wp-block-paragraph\">Manifest\u00f3 que esa falta de atenci\u00f3n a la poblaci\u00f3n migrante que se encuentra en situaci\u00f3n de calle, ha provocado situaciones de xenofobia y de rechazo a la condici\u00f3n del migrante. \u201cNo solamente no se les ha atendido, sino que se enfrentan un estigma, a la cultura del odio, los tratan de invasores, los se\u00f1alan que ellos son culpables de la inseguridad y del mal aspecto de la ciudad\u201d.&nbsp;<\/p>\n\n\n\n<p class=\"wp-block-paragraph\">En Tapachula, las autoridades locales y estatales no atienden el problema migratorio, actualmente da empleo a menos de mil migrantes, pero lo hace a trav\u00e9s de un programa en donde la embajada de Estados Unidos otorga los recursos financieros, revela el activista&nbsp;<\/p>\n\n\n\n<p class=\"wp-block-paragraph\">La caravana migrante saldr\u00e1\u00a0el 6 de junio, justo el d\u00eda en que comienza en Estados Unidos la Cumbre de las Am\u00e9ricas, en la que uno de los temas que se abordar\u00e1n ser\u00e1 el de la migraci\u00f3n.\u00a0<\/p>\n\n\n\n<figure class=\"wp-block-video\"><video height=\"464\" style=\"aspect-ratio: 848 \/ 464;\" width=\"848\" controls src=\"https:\/\/redsemlac.com\/semmexico\/wp-content\/uploads\/2022\/06\/VIDEO-2022-06-01-12-35-36.mp4\"><\/video><\/figure>\n","protected":false},"excerpt":{"rendered":"<p>Los y las migrantes est\u00e1n a la espera que las autoridades migratorias les resuelvan sus peticiones de brindarles visa humanitaria que les permita transitar con seguridad por territorio mexicano.\u00a0<\/p>\n","protected":false},"author":3,"featured_media":51134,"comment_status":"open","ping_status":"open","sticky":false,"template":"","format":"standard","meta":{"_monsterinsights_skip_tracking":false,"footnotes":""},"categories":[693,47,48],"tags":[],"class_list":["post-51133","post","type-post","status-publish","format-standard","has-post-thumbnail","category-693","category-no-mas-impunidad","category-no-mas-impunidad-no-mas-impunidad"],"_links":{"self":[{"href":"https:\/\/redsemlac.com\/semmexico\/wp-json\/wp\/v2\/posts\/51133","targetHints":{"allow":["GET"]}}],"collection":[{"href":"https:\/\/redsemlac.com\/semmexico\/wp-json\/wp\/v2\/posts"}],"about":[{"href":"https:\/\/redsemlac.com\/semmexico\/wp-json\/wp\/v2\/types\/post"}],"author":[{"embeddable":true,"href":"https:\/\/redsemlac.com\/semmexico\/wp-json\/wp\/v2\/users\/3"}],"replies":[{"embeddable":true,"href":"https:\/\/redsemlac.com\/semmexico\/wp-json\/wp\/v2\/comments?post=51133"}],"version-history":[{"count":0,"href":"https:\/\/redsemlac.com\/semmexico\/wp-json\/wp\/v2\/posts\/51133\/revisions"}],"wp:featuredmedia":[{"embeddable":true,"href":"https:\/\/redsemlac.com\/semmexico\/wp-json\/wp\/v2\/media\/51134"}],"wp:attachment":[{"href":"https:\/\/redsemlac.com\/semmexico\/wp-json\/wp\/v2\/media?parent=51133"}],"wp:term":[{"taxonomy":"category","embeddable":true,"href":"https:\/\/redsemlac.com\/semmexico\/wp-json\/wp\/v2\/categories?post=51133"},{"taxonomy":"post_tag","embeddable":true,"href":"https:\/\/redsemlac.com\/semmexico\/wp-json\/wp\/v2\/tags?post=51133"}],"curies":[{"name":"wp","href":"https:\/\/api.w.org\/{rel}","templated":true}]}}