{"id":51128,"date":"2022-06-02T09:55:07","date_gmt":"2022-06-02T15:55:07","guid":{"rendered":"https:\/\/redsemlac.com\/semmexico\/?p=51128"},"modified":"2023-07-21T19:05:41","modified_gmt":"2023-07-22T00:05:41","slug":"masiva-protesta-contra-la-prostitucion-en-madrid","status":"publish","type":"post","link":"https:\/\/redsemlac.com\/semmexico\/masiva-protesta-contra-la-prostitucion-en-madrid\/","title":{"rendered":"<strong>Masiva protesta contra la prostituci\u00f3n en Madrid<\/strong>"},"content":{"rendered":"\n<ul class=\"wp-block-list\"><li>Alrededor de siete mil personas reclaman que se apruebe una Ley Integral Abolicionista del Sistema Prostitucional<\/li><\/ul>\n\n\n\n<p class=\"wp-block-paragraph\"><a href=\"https:\/\/amecopress.net\/Redaccion-AmecoPress-944\">SemM\u00e9xico\/AmecoPress<\/a>, 2 de junio de 2022.- La marcha inici\u00f3 en Cibeles y tr\u00e1nsito por diversas calles hasta la Plaza de Espa\u00f1a, bajo el lema: \u201cPor los derechos de todas las mujeres, ley abolicionista \u00a1ya!\u201d.<\/p>\n\n\n\n<p class=\"wp-block-paragraph\">Casi siete mil personas, de acuerdo con datos de la polic\u00eda, acudieron de diversas zonas de Espa\u00f1a, convocadas por la Plataforma de Mujeres para la Abolici\u00f3n de la Prostituci\u00f3n (PAP) y m\u00e1s de 150 organizaciones feministas; con el objetivo fundamental de reivindicar la aprobaci\u00f3n urgente de la Ley Org\u00e1nica Abolicionista del Sistema Prostitucional (LOASP) que elaboraron las entidades en 2020.<\/p>\n\n\n\n<div class=\"wp-block-image\"><figure class=\"aligncenter size-large\"><a href=\"https:\/\/redsemlac.com\/semmexico\/wp-content\/uploads\/2022\/06\/protesta-masiva-02.jpg\"><img decoding=\"async\" src=\"https:\/\/redsemlac.com\/semmexico\/wp-content\/uploads\/2022\/06\/protesta-masiva-02-886x1024.jpg\" alt=\"\" class=\"wp-image-51130\"\/><\/a><\/figure><\/div>\n\n\n\n<p class=\"wp-block-paragraph\">C\u00e1nticos y consignas recordaban que \u201cla prostituci\u00f3n no es un trabajo\u201d y reivindicaban que \u201cel feminismo es abolicionista\u201d, \u201cse\u00f1ala al putero\u201d y \u201csin clientes no hay trata\u201d. Las convocantes insistieron en destacar que no se puede normalizar la violencia que supone acceder al cuerpo de las mujeres por dinero.<\/p>\n\n\n\n<p class=\"wp-block-paragraph\">Para las convocantes, \u201cluchar por la abolici\u00f3n del sistema prostitucional no est\u00e1 en la agenda del Gobierno\u00bb. Consideraron que retirar de la ley conocida como ley del solo s\u00ed es s\u00ed las enmiendas espec\u00edficas sobre prostituci\u00f3n es muestra de ello y un grave error. De hecho, explican que \u00abel Gobierno tiene la LOASP\u00bb.<\/p>\n\n\n\n<p class=\"wp-block-paragraph\">En marzo de 2020, la PAP formul\u00f3 una solicitud para Pedro S\u00e1nchez con la intenci\u00f3n de presentarle al Gobierno el contenido de la LOASP: \u00abLo hicimos al Gobierno porque entendemos que las pol\u00edticas en materia de abolici\u00f3n del sistema prostitucional deben ser transversales\u00bb. La solicitud fue remitida al Ministerio de Igualdad. Pero no han obtenido ninguna respuesta.<\/p>\n\n\n\n<div class=\"wp-block-image\"><figure class=\"aligncenter size-large\"><a href=\"https:\/\/redsemlac.com\/semmexico\/wp-content\/uploads\/2022\/06\/protesta-masiva-03.jpg\"><img decoding=\"async\" src=\"https:\/\/redsemlac.com\/semmexico\/wp-content\/uploads\/2022\/06\/protesta-masiva-03-1024x1000.jpg\" alt=\"\" class=\"wp-image-51131\"\/><\/a><\/figure><\/div>\n\n\n\n<p class=\"wp-block-paragraph\">La exigencia prioritaria y fundamental de la legislaci\u00f3n que defendieron miles de mujeres el domingo en Madrid, es la protecci\u00f3n, atenci\u00f3n y reparaci\u00f3n integral de las mujeres que son o han sido prostituidas, configur\u00e1ndola como \u00abderechos de las supervivientes de la prostituci\u00f3n que son una obligaci\u00f3n correspondiente a los poderes p\u00fablicos\u00bb.<\/p>\n\n\n\n<p class=\"wp-block-paragraph\"><br>Otra medida imprescindible es la penalizaci\u00f3n y persecuci\u00f3n de cualquier forma de proxenetismo, as\u00ed como \u00abla sanci\u00f3n de los puteros, como responsables de la violencia sexual que se ejerce contra las mujeres y ni\u00f1as prostituidas\u00bb.<\/p>\n\n\n\n<p class=\"wp-block-paragraph\">Son ya tres las manifestaciones que en un a\u00f1o han convocado organizaciones abolicionistas; donde ha destacado la diversidad generacional. \u201cHay un movimiento organiz\u00e1ndose en torno a una agenda que no asumen a\u00fan partidos que se pretenden feministas\u201d.<\/p>\n\n\n\n<p class=\"wp-block-paragraph\"><strong>Foto: archivo de AmecoPress.<\/strong><\/p>\n","protected":false},"excerpt":{"rendered":"<p>Alrededor de siete mil personas reclaman que se apruebe una Ley Integral Abolicionista del Sistema Prostitucional<\/p>\n","protected":false},"author":3,"featured_media":51129,"comment_status":"open","ping_status":"open","sticky":false,"template":"","format":"standard","meta":{"_monsterinsights_skip_tracking":false,"footnotes":""},"categories":[693,53],"tags":[],"class_list":["post-51128","post","type-post","status-publish","format-standard","has-post-thumbnail","category-693","category-internacional"],"_links":{"self":[{"href":"https:\/\/redsemlac.com\/semmexico\/wp-json\/wp\/v2\/posts\/51128","targetHints":{"allow":["GET"]}}],"collection":[{"href":"https:\/\/redsemlac.com\/semmexico\/wp-json\/wp\/v2\/posts"}],"about":[{"href":"https:\/\/redsemlac.com\/semmexico\/wp-json\/wp\/v2\/types\/post"}],"author":[{"embeddable":true,"href":"https:\/\/redsemlac.com\/semmexico\/wp-json\/wp\/v2\/users\/3"}],"replies":[{"embeddable":true,"href":"https:\/\/redsemlac.com\/semmexico\/wp-json\/wp\/v2\/comments?post=51128"}],"version-history":[{"count":0,"href":"https:\/\/redsemlac.com\/semmexico\/wp-json\/wp\/v2\/posts\/51128\/revisions"}],"wp:featuredmedia":[{"embeddable":true,"href":"https:\/\/redsemlac.com\/semmexico\/wp-json\/wp\/v2\/media\/51129"}],"wp:attachment":[{"href":"https:\/\/redsemlac.com\/semmexico\/wp-json\/wp\/v2\/media?parent=51128"}],"wp:term":[{"taxonomy":"category","embeddable":true,"href":"https:\/\/redsemlac.com\/semmexico\/wp-json\/wp\/v2\/categories?post=51128"},{"taxonomy":"post_tag","embeddable":true,"href":"https:\/\/redsemlac.com\/semmexico\/wp-json\/wp\/v2\/tags?post=51128"}],"curies":[{"name":"wp","href":"https:\/\/api.w.org\/{rel}","templated":true}]}}