{"id":51121,"date":"2022-06-02T09:49:04","date_gmt":"2022-06-02T15:49:04","guid":{"rendered":"https:\/\/redsemlac.com\/semmexico\/?p=51121"},"modified":"2023-07-21T19:05:41","modified_gmt":"2023-07-22T00:05:41","slug":"el-pacto-verde-europeo-debe-ser-ecofeminista-21-reivindicaciones-para-la-union-europea","status":"publish","type":"post","link":"https:\/\/redsemlac.com\/semmexico\/el-pacto-verde-europeo-debe-ser-ecofeminista-21-reivindicaciones-para-la-union-europea\/","title":{"rendered":"El Pacto Verde Europeo debe ser ecofeminista: 21 reivindicaciones para la Uni\u00f3n Europea"},"content":{"rendered":"\n<p class=\"wp-block-paragraph\"><strong>Ante el 5 de junio, D\u00eda Mundial del Medio Ambiente, la Plataforma Impacto de G\u00e9nero Ya, se ha querido sumar a las 21 reivindicaciones ecofeministas que se plantean en el informe \u201c\u00bfPor qu\u00e9 el Pacto Verde Europeo tiene que ser ecofeminista?\u201d, emitido por la Oficina Europea del Medio Ambiente (EEB)<\/strong><\/p>\n\n\n\n<p class=\"wp-block-paragraph\"><a href=\"https:\/\/amecopress.net\/Sonia-Hortal-Hurtado\">Sonia Hortal Hurtado<\/a><\/p>\n\n\n\n<p class=\"wp-block-paragraph\">SemM\u00e9xico\/AmecoPress, 2 de junio de 2022.- El informe emitido por la Oficina Europea del Medio Ambiente (EEB), en colaboraci\u00f3n con Women Engage for a Common Future (WECF), presenta, a lo largo de sus 151 p\u00e1ginas, un ejemplo de c\u00f3mo trasladar el ecofeminismo a las pol\u00edticas medioambientales.<\/p>\n\n\n\n<p class=\"wp-block-paragraph\">Del mismo modo, analiza m\u00faltiples cuestiones ambientales y sociales e invita a en sus recomendaciones sectoriales, 21 en total, a implementar una pol\u00edtica interseccional y transformadora con perspectiva de g\u00e9nero. Ahora, frente a la conmemoraci\u00f3n del D\u00eda Mundial del Medio Ambiente, analizamos estas reivindicaciones y objetivos, a los que se ha querido sumar la Plataforma Impacto de G\u00e9nero Ya.<\/p>\n\n\n\n<div class=\"wp-block-image\"><figure class=\"aligncenter size-full\"><a href=\"https:\/\/redsemlac.com\/semmexico\/wp-content\/uploads\/2022\/06\/pacto-verde-02.png\"><img loading=\"lazy\" decoding=\"async\" width=\"794\" height=\"460\" src=\"https:\/\/redsemlac.com\/semmexico\/wp-content\/uploads\/2022\/06\/pacto-verde-02.png\" alt=\"\" class=\"wp-image-51123\"\/><\/a><\/figure><\/div>\n\n\n\n<p class=\"wp-block-paragraph\">En los \u00faltimos a\u00f1os, los movimientos ecologistas y sociales de Europa han salido a las calles y se han movilizado intensamente, tambi\u00e9n de manera virtual, para exigir a los gobiernos que tomen medidas para frenar el cambio clim\u00e1tico, detener la p\u00e9rdida de biodiversidad, reducir la contaminaci\u00f3n y garantizar la justicia social.<\/p>\n\n\n\n<p class=\"wp-block-paragraph\">Millones de europeos se han sumado a estas protestas con las que la juventud reclama soluciones m\u00e1s ambiciosas a la crisis clim\u00e1tica, las feministas se manifiestan en toda la regi\u00f3n contra la opresi\u00f3n patriarcal y las comunidades racializadas congregan a enormes multitudes en apoyo a las marchas de Black Lives Matter (Las Vidas Negras Importan) exigiendo el fin de la violencia policial y del racismo sist\u00e9mico. Pero estos movimientos no act\u00faan de forma aislada. Sus causas de fondo est\u00e1n conectadas: sistemas del capitalismo feroz, patriarcado y racismo.<\/p>\n\n\n\n<p class=\"wp-block-paragraph\">Las iniciativas ecofeministas que vinculan el activismo ecologista con la lucha feminista est\u00e1n experimentando un resurgir en todo el mundo. En Europa, cada vez es m\u00e1s aceptado que la transici\u00f3n verde debe ser desde el punto de vista social y de g\u00e9nero y que debemos resolver los desaf\u00edos de nuestro tiempo aplicando estrategias interrelacionadas.<\/p>\n\n\n\n<p class=\"wp-block-paragraph\">El Pacto Verde Europeo como principal marco pol\u00edtico de la actual Comisi\u00f3n Europea y la nueva Estrategia de Igualdad de G\u00e9nero de la Uni\u00f3n Europea son se\u00f1ales claras de que tanto la protecci\u00f3n del medioambiente como la igualdad de g\u00e9nero ocupan un lugar destacado en la agenda de la Comisi\u00f3n von der Leyen.<\/p>\n\n\n\n<p class=\"wp-block-paragraph\">A pesar de que en el Tratado de Lisboa se establece la obligaci\u00f3n de incluir la perspectiva de g\u00e9nero en la formulaci\u00f3n de las pol\u00edticas y de que las interrelaciones entre la igualdad de g\u00e9nero y los desaf\u00edos medioambientales en Europa y en el mundo ya est\u00e1n de sobra demostradas, las pol\u00edticas europeas de medio ambiente y de g\u00e9nero siguen estando muy aisladas entre s\u00ed, con escasa consideraci\u00f3n del an\u00e1lisis de g\u00e9nero tambi\u00e9n en los \u00faltimos desarrollos pol\u00edticos relacionados con la transici\u00f3n hacia la sostenibilidad.<\/p>\n\n\n\n<div class=\"wp-block-image\"><figure class=\"aligncenter size-full\"><a href=\"https:\/\/redsemlac.com\/semmexico\/wp-content\/uploads\/2022\/06\/pacto-verde-03.png\"><img loading=\"lazy\" decoding=\"async\" width=\"772\" height=\"484\" src=\"https:\/\/redsemlac.com\/semmexico\/wp-content\/uploads\/2022\/06\/pacto-verde-03.png\" alt=\"\" class=\"wp-image-51124\"\/><\/a><\/figure><\/div>\n\n\n\n<p class=\"wp-block-paragraph\">Este informe, bajo el t\u00edtulo de&nbsp;<a href=\"https:\/\/secureservercdn.net\/160.153.138.219\/n9z.b0b.myftpupload.com\/wp-content\/uploads\/2022\/05\/%C2%BFPor-que%CC%81-el-pacto-verde-Europeo-tiene-que-ser-ecofeminista-informe-versio%CC%81n-espan%CC%83ol.pdf\">\u00ab\u00bfPor qu\u00e9 el Pacto Verde Europeo tiene que ser Ecofeminista?\u00bb<\/a> Analiza varios aspectos de la vinculaci\u00f3n entre la igualdad de g\u00e9nero y la acci\u00f3n medioambiental en Europa y, en primer lugar, habla sobre los impactos ambientales y su relaci\u00f3n con el g\u00e9nero.<\/p>\n\n\n\n<p class=\"wp-block-paragraph\">Por ejemplo, los hombres generan en promedio entre un 8 y un 40&nbsp;por ciento m\u00e1s de emisiones que las mujeres, principalmente debido a su comportamiento en materia de movilidad y alimentaci\u00f3n. Las mujeres tienden a elegir opciones de movilidad m\u00e1s sostenibles y presentan patrones de viaje diferentes, con desplazamientos m\u00e1s cortos y frecuentes, mientras que los servicios de transporte p\u00fablico suelen basarse en los desplazamientos directos de los hombres al trabajo.<\/p>\n\n\n\n<p class=\"wp-block-paragraph\">En cuanto a la representaci\u00f3n, el sector medioambiental dista mucho de ser igualitario o inclusivo en t\u00e9rminos de g\u00e9nero, lo que refleja la infrarrepresentaci\u00f3n general de las mujeres en la toma de decisiones pol\u00edticas. Asimismo, las mujeres con distintos niveles de marginaci\u00f3n, por ejemplo, las mujeres racializadas, j\u00f3venes, con discapacidades y las de g\u00e9nero no conforme, se enfrentan a discriminaciones interseccionales. Son m\u00e1s vulnerables a los problemas medioambientales y a los efectos del cambio clim\u00e1tico, y est\u00e1n en riesgo de quedarse atr\u00e1s en la transici\u00f3n ecol\u00f3gica. Los estereotipos, la cultura sexista y violenta en el trabajo, el tokenismo y el racismo estructural son algunos de los factores que explican su situaci\u00f3n.<\/p>\n\n\n\n<p class=\"wp-block-paragraph\"><strong>21 recomendaciones sectoriales<\/strong><\/p>\n\n\n\n<p class=\"wp-block-paragraph\">Las pol\u00edticas del Pacto Verde Europeo que se analizan en dicho informe contin\u00faan aplicando, en su mayor\u00eda, una perspectiva androc\u00e9ntrica. Adem\u00e1s de ignorar la perspectiva de g\u00e9nero, el androcentrismo supone que el modelo masculino es el punto neutro y objetivo que deben tomar como referencia las pol\u00edticas. Y son estas las conclusiones que han llevado a la Oficina Europea del Medio Ambiente (EEB) a emitir una serie de recomendaciones, un total de 21, dirigidas a la Uni\u00f3n Europea.<\/p>\n\n\n\n<div class=\"wp-block-image\"><figure class=\"aligncenter size-full\"><a href=\"https:\/\/redsemlac.com\/semmexico\/wp-content\/uploads\/2022\/06\/pacto-verde-04.png\"><img loading=\"lazy\" decoding=\"async\" width=\"588\" height=\"362\" src=\"https:\/\/redsemlac.com\/semmexico\/wp-content\/uploads\/2022\/06\/pacto-verde-04.png\" alt=\"\" class=\"wp-image-51125\"\/><\/a><\/figure><\/div>\n\n\n\n<p class=\"wp-block-paragraph\">En materia econ\u00f3mica y de empleo, hicieron un llamado para&nbsp; transformar su Pacto de Estabilidad y Crecimiento en un Pacto de Sostenibilidad y Bienestar que permita realizar inversiones que orienten la transformaci\u00f3n hacia una econom\u00eda del bienestar para todos y todas.<\/p>\n\n\n\n<p class=\"wp-block-paragraph\">El Parlamento Europeo y el Consejo deber\u00edan acordar disposiciones m\u00e1s exigentes para la propuesta de directiva sobre transparencia salarial, la inclusi\u00f3n de requisitos espec\u00edficos para las organizaciones de menos de 250 empleados y los salarios m\u00ednimos adecuados (con medidas espec\u00edficas para aquellos \u00e1mbitos en los que la remuneraci\u00f3n es muy baja, como los sectores de servicios segregados por g\u00e9nero y los cuidados en particular).<\/p>\n\n\n\n<p class=\"wp-block-paragraph\">Sin embargo, se le insta, al mismo tiempo, en beneficio del sector comercial, a respetar el principio de \u00abno causar da\u00f1os\u00bb, con el objetivo de que ninguna disposici\u00f3n propuesta por la UE en las negociaciones comerciales o de inversi\u00f3n socave la igualdad de g\u00e9nero o ponga obst\u00e1culos a la adopci\u00f3n de medidas para frenar el cambio clim\u00e1tico. Del mismo modo que debe regular las inversiones adoptando una taxonom\u00eda marr\u00f3n, definiendo qu\u00e9 inversiones son perjudiciales para el planeta, con sanciones o medidas disuasorias para eliminar dichas inversiones por completo y de manera urgente, y estableciendo una taxonom\u00eda social que incluya requisitos de igualdad de g\u00e9nero.<\/p>\n\n\n\n<p class=\"wp-block-paragraph\">Si hablamos del clima, las recomendaciones que emiten hablan sobre una evaluaci\u00f3n obligatoria del impacto social y de g\u00e9nero de las pol\u00edticas y medidas incluidas en los planes nacionales de energ\u00eda y clima que se adopten en aplicaci\u00f3n de la Ley del Clima. Adem\u00e1s, en la fase de despliegue de la estrategia de adaptaci\u00f3n al cambio clim\u00e1tico, recomiendan abordar las vulnerabilidades de g\u00e9nero, el trabajo de cuidados remunerado y no remunerado, la comunicaci\u00f3n y la formaci\u00f3n con perspectiva de g\u00e9nero, seguimiento y presentaci\u00f3n de informes sobre las acciones con perspectiva de g\u00e9nero, as\u00ed como sus resultados.<\/p>\n\n\n\n<p class=\"wp-block-paragraph\">Incluir los aspectos sociales en la pr\u00f3xima revisi\u00f3n de la directiva sobre fiscalidad de la energ\u00eda y promover pr\u00e1cticas como la redistribuci\u00f3n de los ingresos procedentes de la tarificaci\u00f3n del CO2 entre la poblaci\u00f3n con menos ingresos, en su gran mayor\u00eda mujeres, es algo que propone el informe en materia energ\u00e9tica.<\/p>\n\n\n\n<p class=\"wp-block-paragraph\">La UE, afirmaron, deber\u00eda garantizar la justicia de g\u00e9nero en la financiaci\u00f3n que proporciona al sector energ\u00e9tico, por ejemplo, apoyando a las mujeres en toda su diversidad con pr\u00e9stamos para empresas de energ\u00eda, programas de orientaci\u00f3n y formaci\u00f3n a medida, planes financieros y condonaci\u00f3n de deuda para reducir la pobreza energ\u00e9tica. Al mismo tiempo, los Estados miembro deber\u00edan garantizar que los alquileres y otros costes relacionados con la vivienda no aumentaran como resultado de las renovaciones estableciendo mecanismos de control de los alquileres.<\/p>\n\n\n\n<p class=\"wp-block-paragraph\">En cuanto a la estructura de la inversi\u00f3n, la fiscalidad e incentivos monetarios estos, asegur\u00f3 el informe, deber\u00edan dejar de centrarse en el transporte privado y desviarse hacia un transporte p\u00fablico flexible, asequible y seguro, tanto dentro de las ciudades como entre ellas, y promover la construcci\u00f3n de infraestructuras seguras para la movilidad activa. Recomiendan a los Estados miembros y gobiernos locales priorizar el aumento de la capacidad, fiabilidad y flexibilidad de los servicios fuera de las horas punta para adaptarse mejor a las pautas de movilidad de las mujeres y las personas con problemas de movilidad en los desplazamientos intraurbanos.<\/p>\n\n\n\n<p class=\"wp-block-paragraph\">Los incentivos de la UE a trav\u00e9s de la PAC, por su parte, deber\u00edan incluir disposiciones sobre las solicitudes de subvenciones y pr\u00e9stamos de menor cuant\u00eda, lo que facilitar\u00eda el acceso a los mismos por parte de grupos m\u00e1s diversos, incluidas las peque\u00f1as ONG o las mujeres agricultoras. El nuevo marco com\u00fan de seguimiento y evaluaci\u00f3n de los resultados de la PAC deber\u00eda tener en cuenta la igualdad de g\u00e9nero, as\u00ed como establecer objetivos nacionales de incorporaci\u00f3n de nuevas mujeres al sector agr\u00edcola.<\/p>\n\n\n\n<div class=\"wp-block-image\"><figure class=\"aligncenter size-full\"><a href=\"https:\/\/redsemlac.com\/semmexico\/wp-content\/uploads\/2022\/06\/pacto-verde-05.png\"><img loading=\"lazy\" decoding=\"async\" width=\"492\" height=\"326\" src=\"https:\/\/redsemlac.com\/semmexico\/wp-content\/uploads\/2022\/06\/pacto-verde-05.png\" alt=\"\" class=\"wp-image-51126\"\/><\/a><\/figure><\/div>\n\n\n\n<p class=\"wp-block-paragraph\">Por \u00faltimo, dentro de estas recomendaciones sectoriales, el informe expone diversos de consejos que la UE podr\u00eda seguir sobre productos qu\u00edmicos, alegando que los Estados miembro deber\u00edan incluir consideraciones de g\u00e9nero en todas las pol\u00edticas y normativas relacionadas con los riesgos asociados a las sustancias qu\u00edmicas, as\u00ed como incluir los productos menstruales en la regulaci\u00f3n y gesti\u00f3n de sustancias qu\u00edmicas de la UE.<\/p>\n\n\n\n<p class=\"wp-block-paragraph\">Eliminar todos los impuestos sobre los productos menstruales, incluidos los reutilizables, como las bragas menstruales, y ponerlos a disposici\u00f3n del p\u00fablico gratuitamente en las escuelas para luchar contra la precariedad menstrual, los productos t\u00f3xicos y residuos, es algo que el informe reitera de manera persistente, pues el beneficio medioambiental es considerable.<\/p>\n\n\n\n<p class=\"wp-block-paragraph\">Un total de 21 reivindicaciones sectoriales que pueden contribuir a una transici\u00f3n inclusiva, justa desde el punto de vista del g\u00e9nero, pertinente en su impacto y m\u00e1s eficaz para un futuro neutro en carbono y, sin lugar a dudas, sostenible con el planeta.<\/p>\n\n\n\n<p class=\"wp-block-paragraph\"><strong>Foto: Archivo AmecoPress, Im\u00e1genes tomadas del informe \u00ab\u00bfPor qu\u00e9 el Pacto Verde tiene que ser Ecofeminista?\u00bb.<br>\u2014<br>Pie de foto: Manifestaciones ecofeministas.<br>\u2014<br>Uni\u00f3n Europea &#8211; G\u00e9nero y desarrollo &#8211; Ecofeminismo; 31 may 22. AmecoPress.<\/strong><\/p>\n","protected":false},"excerpt":{"rendered":"<p>Ante el 5 de junio, D\u00eda Mundial del Medio Ambiente, la Plataforma Impacto de G\u00e9nero Ya, se ha querido sumar a las 21 reivindicaciones ecofeministas que se plantean en el informe \u201c\u00bfPor qu\u00e9 el Pacto Verde Europeo tiene que ser ecofeminista?\u201d, emitido por la Oficina Europea del Medio Ambiente (EEB)<\/p>\n","protected":false},"author":3,"featured_media":51122,"comment_status":"open","ping_status":"open","sticky":false,"template":"","format":"standard","meta":{"_monsterinsights_skip_tracking":false,"footnotes":""},"categories":[693,53],"tags":[],"class_list":["post-51121","post","type-post","status-publish","format-standard","has-post-thumbnail","category-693","category-internacional"],"_links":{"self":[{"href":"https:\/\/redsemlac.com\/semmexico\/wp-json\/wp\/v2\/posts\/51121","targetHints":{"allow":["GET"]}}],"collection":[{"href":"https:\/\/redsemlac.com\/semmexico\/wp-json\/wp\/v2\/posts"}],"about":[{"href":"https:\/\/redsemlac.com\/semmexico\/wp-json\/wp\/v2\/types\/post"}],"author":[{"embeddable":true,"href":"https:\/\/redsemlac.com\/semmexico\/wp-json\/wp\/v2\/users\/3"}],"replies":[{"embeddable":true,"href":"https:\/\/redsemlac.com\/semmexico\/wp-json\/wp\/v2\/comments?post=51121"}],"version-history":[{"count":0,"href":"https:\/\/redsemlac.com\/semmexico\/wp-json\/wp\/v2\/posts\/51121\/revisions"}],"wp:featuredmedia":[{"embeddable":true,"href":"https:\/\/redsemlac.com\/semmexico\/wp-json\/wp\/v2\/media\/51122"}],"wp:attachment":[{"href":"https:\/\/redsemlac.com\/semmexico\/wp-json\/wp\/v2\/media?parent=51121"}],"wp:term":[{"taxonomy":"category","embeddable":true,"href":"https:\/\/redsemlac.com\/semmexico\/wp-json\/wp\/v2\/categories?post=51121"},{"taxonomy":"post_tag","embeddable":true,"href":"https:\/\/redsemlac.com\/semmexico\/wp-json\/wp\/v2\/tags?post=51121"}],"curies":[{"name":"wp","href":"https:\/\/api.w.org\/{rel}","templated":true}]}}