{"id":51116,"date":"2022-06-02T09:42:24","date_gmt":"2022-06-02T15:42:24","guid":{"rendered":"https:\/\/redsemlac.com\/semmexico\/?p=51116"},"modified":"2023-07-21T19:05:41","modified_gmt":"2023-07-22T00:05:41","slug":"x-premios-ameco-prensa-mujer-para-redes-de-mujeres-periodistas","status":"publish","type":"post","link":"https:\/\/redsemlac.com\/semmexico\/x-premios-ameco-prensa-mujer-para-redes-de-mujeres-periodistas\/","title":{"rendered":"<strong>X Premios Ameco \u2018Prensa-Mujer\u2019 para redes de mujeres periodistas<\/strong><strong><\/strong>"},"content":{"rendered":"\n<ul class=\"wp-block-list\"><li>Se reconoci\u00f3 labor de Red Internacional de Periodistas con visi\u00f3n de g\u00e9nero (RIPVG), GAMAG-Europa-Alianza Mundial sobre Medios de Comunicaci\u00f3n y G\u00e9nero y La Poder\u00edo.<\/li><li>Premio especial del jurado para el Observatorio \u201cJeanneth Beltr\u00e1n\u201d sobre Derechos en el Empleo de Hogar y Cuidados<\/li><\/ul>\n\n\n\n<p class=\"wp-block-paragraph\">SemM\u00e9xico\/<a href=\"https:\/\/amecopress.net\/Redaccion-AmecoPress-944\">AmecoPress<\/a>, Cd. M\u00e9xico, 2 de junio de 2022.- La Asociaci\u00f3n Espa\u00f1ola de Mujeres de los Medios de Comunicaci\u00f3n (Ameco) dio a conocer los nombres de las ganadoras de la X Edici\u00f3n de los Premios \u2018Prensa \u2013Mujer\u2019 que destacan la labor informativa efectuada por colectivos y mujeres profesionales del periodismo a favor de la igualdad de g\u00e9nero en el \u00faltimo a\u00f1o: Red Internacional de Periodistas con visi\u00f3n de g\u00e9nero (RIPVG), GAMAG-Europa &#8211; Alianza Mundial sobre Medios de Comunicaci\u00f3n y G\u00e9nero, y La Poder\u00edo. Los galardones se entregar\u00e1n en junio en un acto en Madrid.<a href=\"https:\/\/amecopress.net\/IMG\/jpg\/invitacion_acto.jpg\"><\/a><\/p>\n\n\n\n<figure class=\"wp-block-image size-full\"><a href=\"https:\/\/redsemlac.com\/semmexico\/wp-content\/uploads\/2022\/06\/x-premios-02.jpg\"><img loading=\"lazy\" decoding=\"async\" width=\"810\" height=\"810\" src=\"https:\/\/redsemlac.com\/semmexico\/wp-content\/uploads\/2022\/06\/x-premios-02.jpg\" alt=\"\" class=\"wp-image-51117\"\/><\/a><\/figure>\n\n\n\n<p class=\"wp-block-paragraph\">En la d\u00e9cima edici\u00f3n se quiso resaltar la importancia de las redes y proyectos colectivos en el avance de los medios de comunicaci\u00f3n. Las premisas \u201cfeministas\u201d de las asociaciones y&nbsp; redes de mujeres periodistas y comunicadoras existentes en el mundo, en Europa y en Espa\u00f1a han encontrado un espacio de discusi\u00f3n, abierto la lupa informativa, se han especializado y son referentes para esta profesi\u00f3n.<\/p>\n\n\n\n<p class=\"wp-block-paragraph\">De ah\u00ed, la relevancia de resaltar y agradecer la labor que est\u00e1n desarrollando estos colectivos.<\/p>\n\n\n\n<p class=\"wp-block-paragraph\"><strong>Red Internacional de Periodistas con visi\u00f3n de g\u00e9nero<\/strong><\/p>\n\n\n\n<p class=\"wp-block-paragraph\">Es una organizaci\u00f3n creada en noviembre de 2005 en Morelia, M\u00e9xico. Su objetivo es sumar a periodistas del mundo de forma individual o colectiva con el fin de priorizar la perspectiva de g\u00e9nero en su trabajo, utilizar a las mujeres como fuente de informaci\u00f3n y promover el uso del lenguaje no sexista.<\/p>\n\n\n\n<p class=\"wp-block-paragraph\">Adem\u00e1s de potenciar el \u201cperiodismo feminista\u201d y sus producciones en los diferentes soportes. La red, se concibe como un espacio abierto en el que confluyen periodistas, de forma individual o colectiva, de diferentes lugares del planeta, con el prop\u00f3sito de promover un periodismo sensible a la perspectiva de g\u00e9nero. La Red Internacional est\u00e1 actualmente integrada por profesionales de 35 pa\u00edses pertenecientes de los cinco continentes, destacando especialmente Am\u00e9rica Latina y Caribe.<\/p>\n\n\n\n<p class=\"wp-block-paragraph\"><strong>GAMAG-Europa-Alianza Mundial sobre Medios de Comunicaci\u00f3n y G\u00e9nero<\/strong><\/p>\n\n\n\n<p class=\"wp-block-paragraph\">La Alianza Mundial sobre Medios de Comunicaci\u00f3n y G\u00e9nero (GAMAG) es una red mundial de m\u00faltiples partes interesadas de personas y organizaciones que trabajan juntas para incrementar la igualdad de g\u00e9nero a trav\u00e9s de los medios de comunicaci\u00f3n y las TIC<\/p>\n\n\n\n<p class=\"wp-block-paragraph\">.<br>GAMAG fue lanzada por la UNESCO y m\u00e1s de 500 organizaciones en el primer Foro Mundial sobre G\u00e9nero y Medios de Comunicaci\u00f3n celebrado en Bangkok, Tailandia, del 2 al 4 de diciembre de 2013. GAMAG-Europa se constituy\u00f3 en Ginebra en diciembre de 2015.<\/p>\n\n\n\n<p class=\"wp-block-paragraph\">Esta alianza mundial adopta y defiende los siguientes valores como intr\u00ednsecos a su b\u00fasqueda de la igualdad de g\u00e9nero en y a trav\u00e9s de los medios de comunicaci\u00f3n: la libertad de expresi\u00f3n, derecho a la informaci\u00f3n, pluralismo y diversidad, y los derechos humanos y de comunicaci\u00f3n de todas las personas, independientemente del g\u00e9nero.<\/p>\n\n\n\n<p class=\"wp-block-paragraph\"><strong>La Poder\u00edo<\/strong><\/p>\n\n\n\n<p class=\"wp-block-paragraph\">Es una nueva red de mujeres j\u00f3venes con los aires frescos, reivindicativos, inclusivos, diversos, plurales y feministas de Andaluc\u00eda, pero, sobre todo, con las ganas de visibilizar las historias de personas reales olvidadas en los medios de comunicaci\u00f3n y de desgranar el sistema heteropatriarcal que las victimiza y\/o criminaliza en la mayor\u00eda de los casos.<\/p>\n\n\n\n<p class=\"wp-block-paragraph\">\u201cLlevamos por delante la intenci\u00f3n de aprender y de empoderar, de denunciar y concienciar sobre las pr\u00e1cticas sexistas en nuestra sociedad, m\u00e1s all\u00e1 de las fronteras que nos limitan, pero que derribamos con nuestro, y nuestro mensaje. Para ello, usaremos la herramienta que mejor conocemos y que pensamos usar para aportar nuestro grano de arena en este duro camino hacia la erradicaci\u00f3n total de la desigualdad: la informaci\u00f3n\u201d.<\/p>\n\n\n\n<p class=\"wp-block-paragraph\">Recientemente ha creado una revista \u2019on-line\u2019 con la intenci\u00f3n de visibilizar el trabajo de las mujeres en distintos campos y denunciar las pr\u00e1cticas sexistas.<\/p>\n\n\n\n<p class=\"wp-block-paragraph\"><strong>Premio Especial al Observatorio \u2018Jeanneth Beltr\u00e1n\u2019 sobre Derechos en Empleo de Hogar y de Cuidados<\/strong><\/p>\n\n\n\n<p class=\"wp-block-paragraph\">La capacidad organizativa de las trabajadoras de hogar y cuidados en Espa\u00f1a es incuestionable. Llevan a\u00f1os trabajando y peleando por los derechos de un sector que ocupa a m\u00e1s de 600 mil mujeres en unas condiciones laborales que impiden el acceso a sus derechos del mismo modo que el resto de personas trabajadoras.<\/p>\n\n\n\n<p class=\"wp-block-paragraph\">De manera especial desde hace diez a\u00f1os, han venido trabajando la incidencia pol\u00edtica a trav\u00e9s de la elaboraci\u00f3n de documentos de trabajo, proyectos no de ley (PNL), mociones en plenos municipales y auton\u00f3micos, Congreso de los Diputados, as\u00ed como en acciones simb\u00f3licas y performativas, presionando para que Espa\u00f1a ratifique el Convenio 189 de la OIT. Se sostienen entre ellas se apoyan cuando se denuncien abusos y exigir derechos que les pertenecen.<\/p>\n\n\n\n<p class=\"wp-block-paragraph\">Pero tambi\u00e9n las trabajadoras de hogar y cuidados se han articulado desde el feminismo como una fuerza que pone de manifiesto la esencialidad de los cuidados en la sociedad y la necesidad de implementar pol\u00edticas p\u00fablicas que garanticen los cuidados como derecho b\u00e1sico universal.<\/p>\n\n\n\n<p class=\"wp-block-paragraph\">Con esta menci\u00f3n, AMECO quiere reconocer el valor del trabajo esencial que desarrollan. No solo porque limpian las casas y cuidan a mayores y ni\u00f1as, sino porque han sabido y querido buscar tiempo para comunicarse y ayudarse, para el activismo, de manera altruista, por necesidad, por empe\u00f1o. Han sabido poner en com\u00fan experiencias, vivencias y saberes: de ac\u00e1 y de all\u00e1.<\/p>\n\n\n\n<p class=\"wp-block-paragraph\">Este reconocimiento al Observatorio \u2018Jeanneth Beltr\u00e1n\u2019 sobre Derechos en Empleo de Hogar y de Cuidados -integrada por Senda de Cuidados y Territorio Dom\u00e9stico, es un reconocimiento a un gran n\u00famero de organizaciones y colectivos de trabajadoras del sector que existen en Espa\u00f1a y a todas las mujeres que forman parte del colectivo. En un momento donde se acerca la posibilidad de que Espa\u00f1a ratifique por fin el Convenio 189 de la OIT.<\/p>\n\n\n\n<p class=\"wp-block-paragraph\">El Observatorio pretende ser un altavoz para exigir a las instituciones p\u00fablicas la equiparaci\u00f3n plena y efectiva de los derechos laborales de las trabajadoras de hogar y cuidados, as\u00ed como la necesidad de su intervenci\u00f3n en el amparo de estos derechos. Su objetivo es recoger los testimonios de las trabajadoras y sistematizar la informaci\u00f3n sobre las condiciones laborales en el empleo de hogar de cuidados.<\/p>\n\n\n\n<div class=\"wp-block-image\"><figure class=\"aligncenter size-large\"><a href=\"https:\/\/redsemlac.com\/semmexico\/wp-content\/uploads\/2022\/06\/x-premios-03.jpg\"><img decoding=\"async\" src=\"https:\/\/redsemlac.com\/semmexico\/wp-content\/uploads\/2022\/06\/x-premios-03-1024x683.jpg\" alt=\"\" class=\"wp-image-51118\"\/><\/a><\/figure><\/div>\n\n\n\n<p class=\"wp-block-paragraph\"><strong>Jurado y trayectoria<\/strong><\/p>\n\n\n\n<p class=\"wp-block-paragraph\">En esta edici\u00f3n el jurado estuvo formado por Rosa Fern\u00e1ndez Sansa (Lobby Europeo de Mujeres-Espa\u00f1a), \u00c1ngeles Jaime (Asociaci\u00f3n de Mujeres Juristas Themis), M\u00aa Jos\u00e9 Carretero (Comisi\u00f3n para la Investigaci\u00f3n de los Malos Tratos a Mujeres), Consuelo Abril (Mujeres por la Paz), Mar\u00eda Cobos (InteRed), Teresa Heredero (Enclave Feminista), Ignacio Moreno Segarra (Facultad de CC Informaci\u00f3n de la UCM) y Cristina P\u00e9rez Fraga (AMECO).<\/p>\n\n\n\n<p class=\"wp-block-paragraph\">Desde que se constituyeron en 1996, muchas profesionales han recibido este premio: Carmen Sarmiento, Montse Boix, Teresa Aranguren, Sol Fuertes, Soledad Gallego D\u00edaz, Pepa Bueno, Cruz Morcillo, Rosa Mar\u00eda Calaf, Montserrat Dom\u00ednguez, \u201cLa Independent\u201d (Agencia catalana de g\u00e9nero), Mariola Lourido, June Fern\u00e1ndez, Patricia Sim\u00f3n, Macarena Berl\u00edn, Magda Bandera, Pilar \u00c1lvarez Molero, Mamen Mendiz\u00e1bal, Cristina S\u00e1nchez Hern\u00e1ndez, entre otras.<\/p>\n\n\n\n<p class=\"wp-block-paragraph\">La entrega de los galardones se realizar\u00e1el 21 de junio a las 18 horas en las Biblioteca Eugenio Tr\u00edas. Casa de Fieras de El Retiro (Sala Taller de Ideas), situada en el Paseo Fern\u00e1n N\u00fa\u00f1ez, 24 de Madrid.<\/p>\n\n\n\n<p class=\"wp-block-paragraph\"><strong>Fotos archivo AmecoPress<\/strong><strong><\/strong><\/p>\n\n\n\n<p class=\"wp-block-paragraph\"><strong>Pie de foto: Im\u00e1genes del acto de entrega de los IX Premios Ameco Prensa Mujer en 2019 y tarjeta de invitaci\u00f3n a la entrega de premios de esta edici\u00f3n<\/strong><strong><\/strong><\/p>\n\n\n\n<p class=\"wp-block-paragraph\"><strong>Medios de comunicaci\u00f3n \u2013 Comunicaci\u00f3n y g\u00e9nero \u2013 Televisi\u00f3n y radio\u2013 Feminismo \u2013 Premios y reconocimiento; 30 de mayo. 22. AmecoPress<\/strong><\/p>\n\n\n\n<p class=\"wp-block-paragraph\">Documentos<\/p>\n","protected":false},"excerpt":{"rendered":"<p>La Asociaci\u00f3n Espa\u00f1ola de Mujeres de los Medios de Comunicaci\u00f3n (Ameco) dio a conocer los nombres de las ganadoras de la X Edici\u00f3n de los Premios \u2018Prensa \u2013Mujer\u2019 que destacan la labor informativa efectuada por colectivos y mujeres profesionales del periodismo a favor de la igualdad de g\u00e9nero.<\/p>\n","protected":false},"author":3,"featured_media":51119,"comment_status":"open","ping_status":"open","sticky":false,"template":"","format":"standard","meta":{"_monsterinsights_skip_tracking":false,"footnotes":""},"categories":[693,55],"tags":[],"class_list":["post-51116","post","type-post","status-publish","format-standard","has-post-thumbnail","category-693","category-periodistas"],"_links":{"self":[{"href":"https:\/\/redsemlac.com\/semmexico\/wp-json\/wp\/v2\/posts\/51116","targetHints":{"allow":["GET"]}}],"collection":[{"href":"https:\/\/redsemlac.com\/semmexico\/wp-json\/wp\/v2\/posts"}],"about":[{"href":"https:\/\/redsemlac.com\/semmexico\/wp-json\/wp\/v2\/types\/post"}],"author":[{"embeddable":true,"href":"https:\/\/redsemlac.com\/semmexico\/wp-json\/wp\/v2\/users\/3"}],"replies":[{"embeddable":true,"href":"https:\/\/redsemlac.com\/semmexico\/wp-json\/wp\/v2\/comments?post=51116"}],"version-history":[{"count":0,"href":"https:\/\/redsemlac.com\/semmexico\/wp-json\/wp\/v2\/posts\/51116\/revisions"}],"wp:featuredmedia":[{"embeddable":true,"href":"https:\/\/redsemlac.com\/semmexico\/wp-json\/wp\/v2\/media\/51119"}],"wp:attachment":[{"href":"https:\/\/redsemlac.com\/semmexico\/wp-json\/wp\/v2\/media?parent=51116"}],"wp:term":[{"taxonomy":"category","embeddable":true,"href":"https:\/\/redsemlac.com\/semmexico\/wp-json\/wp\/v2\/categories?post=51116"},{"taxonomy":"post_tag","embeddable":true,"href":"https:\/\/redsemlac.com\/semmexico\/wp-json\/wp\/v2\/tags?post=51116"}],"curies":[{"name":"wp","href":"https:\/\/api.w.org\/{rel}","templated":true}]}}