{"id":51111,"date":"2022-06-01T21:08:49","date_gmt":"2022-06-02T03:08:49","guid":{"rendered":"https:\/\/redsemlac.com\/semmexico\/?p=51111"},"modified":"2023-07-21T19:05:41","modified_gmt":"2023-07-22T00:05:41","slug":"confirma-fiscalia-detencion-de-presuntos-feminicidas-de-viridiana","status":"publish","type":"post","link":"https:\/\/redsemlac.com\/semmexico\/confirma-fiscalia-detencion-de-presuntos-feminicidas-de-viridiana\/","title":{"rendered":"Confirma Fiscal\u00eda detenci\u00f3n de presuntos feminicidas de Viridiana"},"content":{"rendered":"\n<p class=\"wp-block-paragraph\">SemM\u00e9xico\/TestigoP\u00farpura, Veracruz, Ver., 1o de junio, 2022.- La Fiscal\u00eda General del Estado de Veracruz confirm\u00f3 la detenci\u00f3n de los presuntos responsables del feminicidio de Viridiana Moreno, joven que acudi\u00f3 a una entrevista de trabajo para no volver con su familia.<\/p>\n\n\n\n<p class=\"wp-block-paragraph\">Greek fue se\u00f1alado por las autoridades como el hombre que enga\u00f1\u00f3 a Viridiana para despu\u00e9s privarla de la libertad y asesinarla.<\/p>\n\n\n\n<p class=\"wp-block-paragraph\">En ese sentido la Fiscala General Ver\u00f3nica Hern\u00e1ndez Giad\u00e1ns se\u00f1al\u00f3 que el cuerpo, en un principio no identificado, fue encontrado en la zona de Chachalacas e indic\u00f3 que despu\u00e9s de diversas pruebas se puede asegurar que corresponde a Viridiana Moreno.<\/p>\n\n\n\n<p class=\"wp-block-paragraph\">A\u00f1adi\u00f3 que en un domicilio de la localidad que rentaba Greek, junto a su pareja sentimental Adamary, fue encontradas algunas pertenencias de Viridiana.<\/p>\n\n\n\n<p class=\"wp-block-paragraph\">\u201cFue localizado un individuo en ese momento no identificado y evidencias relacionadas con el hecho que se investigan, (\u2026) con los elementos anat\u00f3micos recuperados de los trabajos de investigaci\u00f3n se obtuvieron datos t\u00e9cnicos cient\u00edficos (\u2026) que permiten concluir sin lugar a dudas la identificaci\u00f3n de Viridiana Moreno V\u00e1zquez\u201d, indic\u00f3.<\/p>\n\n\n\n<p class=\"wp-block-paragraph\">A Greek se le vincula con otros feminicidios en diversos estados, como por ejemplo el ocurrido en el pasado mes de marzo en el estado de Morelos donde se identificaba con otro nombre y hab\u00eda utilizado un modus operandi similar al usado en Veracruz.<\/p>\n\n\n\n<p class=\"wp-block-paragraph\">Seg\u00fan la Fiscal\u00eda Greek oficia trabajo a sus v\u00edctimas, las enga\u00f1aba y posteriormente las asesinaba. Para su captura se busc\u00f3 el apoyo de las Fiscal\u00edas de los estados de Quer\u00e9taro, Morelos y Puebla.<\/p>\n\n\n\n<p class=\"wp-block-paragraph\">\u201cSe identificaba con otro nombre y actuaba con \u00e9l mismo m\u00e9todo de enga\u00f1ar a sus posibles v\u00edctimas con falsas ofertas de trabajo\u201d, indic\u00f3.<\/p>\n\n\n\n<p class=\"wp-block-paragraph\">Por su parte el gobernador Cuitl\u00e1huac Garc\u00eda Jim\u00e9nez apunt\u00f3 que Greek podr\u00eda ser un feminicida en serie, sin embargo no dio m\u00e1s datos pues dijo contin\u00faa la investigaci\u00f3n, pero adelant\u00f3 que al menos ser\u00edan otros dos casos en los que estar\u00eda involucrado&nbsp;<\/p>\n\n\n\n<p class=\"wp-block-paragraph\">\u201cSe trata de un caso tan in\u00e9dito como aborrecible, que ante los reiterados intentos de evasi\u00f3n de la justicia, en otros dos casos similares, con perversa vocaci\u00f3n de un repugnante probable asesino serial\u201d, sentenci\u00f3 el mandatario<\/p>\n","protected":false},"excerpt":{"rendered":"<p>La Fiscal\u00eda General del Estado de Veracruz confirm\u00f3 la detenci\u00f3n de los presuntos responsables del feminicidio de Viridiana Moreno, joven que acudi\u00f3 a una entrevista de trabajo para no volver con su familia.<\/p>\n","protected":false},"author":3,"featured_media":51112,"comment_status":"open","ping_status":"open","sticky":false,"template":"","format":"standard","meta":{"_monsterinsights_skip_tracking":false,"footnotes":""},"categories":[693,47,48],"tags":[],"class_list":["post-51111","post","type-post","status-publish","format-standard","has-post-thumbnail","category-693","category-no-mas-impunidad","category-no-mas-impunidad-no-mas-impunidad"],"_links":{"self":[{"href":"https:\/\/redsemlac.com\/semmexico\/wp-json\/wp\/v2\/posts\/51111","targetHints":{"allow":["GET"]}}],"collection":[{"href":"https:\/\/redsemlac.com\/semmexico\/wp-json\/wp\/v2\/posts"}],"about":[{"href":"https:\/\/redsemlac.com\/semmexico\/wp-json\/wp\/v2\/types\/post"}],"author":[{"embeddable":true,"href":"https:\/\/redsemlac.com\/semmexico\/wp-json\/wp\/v2\/users\/3"}],"replies":[{"embeddable":true,"href":"https:\/\/redsemlac.com\/semmexico\/wp-json\/wp\/v2\/comments?post=51111"}],"version-history":[{"count":0,"href":"https:\/\/redsemlac.com\/semmexico\/wp-json\/wp\/v2\/posts\/51111\/revisions"}],"wp:featuredmedia":[{"embeddable":true,"href":"https:\/\/redsemlac.com\/semmexico\/wp-json\/wp\/v2\/media\/51112"}],"wp:attachment":[{"href":"https:\/\/redsemlac.com\/semmexico\/wp-json\/wp\/v2\/media?parent=51111"}],"wp:term":[{"taxonomy":"category","embeddable":true,"href":"https:\/\/redsemlac.com\/semmexico\/wp-json\/wp\/v2\/categories?post=51111"},{"taxonomy":"post_tag","embeddable":true,"href":"https:\/\/redsemlac.com\/semmexico\/wp-json\/wp\/v2\/tags?post=51111"}],"curies":[{"name":"wp","href":"https:\/\/api.w.org\/{rel}","templated":true}]}}