{"id":51108,"date":"2022-06-01T21:05:10","date_gmt":"2022-06-02T03:05:10","guid":{"rendered":"https:\/\/redsemlac.com\/semmexico\/?p=51108"},"modified":"2023-07-21T19:05:41","modified_gmt":"2023-07-22T00:05:41","slug":"padres-de-viri-no-son-informados-sobre-detencion-de-presuntos-implicados-en-su-desaparicion","status":"publish","type":"post","link":"https:\/\/redsemlac.com\/semmexico\/padres-de-viri-no-son-informados-sobre-detencion-de-presuntos-implicados-en-su-desaparicion\/","title":{"rendered":"Padres de Viri no son informados sobre detenci\u00f3n de presuntos implicados en su desaparici\u00f3n&nbsp;"},"content":{"rendered":"\n<p class=\"wp-block-paragraph\">Por: Alba Valdez&nbsp;&nbsp;<\/p>\n\n\n\n<p class=\"wp-block-paragraph\">SemM\u00e9xico\/TestigoP\u00farpura, Veracruz, Ver., 1o de junio, 2022.- La familia de&nbsp; Viridiana Moreno V\u00e1zquez no fue notificada acerca de la detenci\u00f3n de dos personas que present\u00f3&nbsp; la Fiscal\u00eda General del Estado (FGE) como los probables responsables del feminicidio de la joven desaparecidos desde el 18 de mayo.&nbsp;<\/p>\n\n\n\n<p class=\"wp-block-paragraph\">Enrique Moreno, padre de Viridiana, fue citado la tarde este mi\u00e9rcoles en las instalaciones de la FGE, pero solo se le presentaron algunos nuevos indicios y en ning\u00fan momento se le inform\u00f3 sobre la detenci\u00f3n de alg\u00fan implicado en la desaparici\u00f3n de su hija.&nbsp;<\/p>\n\n\n\n<p class=\"wp-block-paragraph\">\u201cSoy ajeno a esa informaci\u00f3n venimos por otros detalles que ten\u00edan que mostrarnos, nada en concreto, simplemente que ten\u00edan pruebas, videos y eso pero nada avanzado en detenido y nada por eso digo que sigo disconforme en c\u00f3mo va actuando la Fiscal\u00eda\u201d, manifest\u00f3.&nbsp;<\/p>\n\n\n\n<p class=\"wp-block-paragraph\">Esta noche el gobernador y la Fiscala Veronica Giadans, inform\u00f3 sobre la detenci\u00f3n de Greek y Adamary y su traslado al estado para ser juzgados por el delito de feminicidio d\u00e9 Viridiana.&nbsp;<\/p>\n\n\n\n<p class=\"wp-block-paragraph\">La familia de Viridiana desde un principio fij\u00f3 su postura y se\u00f1alaron que no conf\u00edan en las autoridades, debido a las diversas irregularidades que ha habido por parte de ellas desde que se report\u00f3 su desaparici\u00f3n.&nbsp;<\/p>\n\n\n\n<p class=\"wp-block-paragraph\">Algunas de las inconsistencias que ha manifestado la familia es la falta de respuesta oportuna por la parte de la FGE, la declaraci\u00f3n del gobernador en se encontraba \u201cresguardada\u201d y luego ya no, as\u00ed como que las pruebas de ADN que se le realizaron fueran entregadas en menos tiempo del que se les hab\u00eda informado.&nbsp;<\/p>\n\n\n\n<p class=\"wp-block-paragraph\">Aunado a esto los familiares indicaron que los restos humanos que les presentaron no se encuentran completos y en ellos faltan marcas espec\u00edficas que Viridiana ten\u00eda.<\/p>\n","protected":false},"excerpt":{"rendered":"<p>La familia de\u00a0 Viridiana Moreno V\u00e1zquez no fue notificada acerca de la detenci\u00f3n de dos personas que present\u00f3\u00a0 la Fiscal\u00eda General del Estado (FGE) como los probables responsables del feminicidio de la joven desaparecidos desde el 18 de mayo.\u00a0<\/p>\n","protected":false},"author":3,"featured_media":51109,"comment_status":"open","ping_status":"open","sticky":false,"template":"","format":"standard","meta":{"_monsterinsights_skip_tracking":false,"footnotes":""},"categories":[693,47,48],"tags":[],"class_list":["post-51108","post","type-post","status-publish","format-standard","has-post-thumbnail","category-693","category-no-mas-impunidad","category-no-mas-impunidad-no-mas-impunidad"],"_links":{"self":[{"href":"https:\/\/redsemlac.com\/semmexico\/wp-json\/wp\/v2\/posts\/51108","targetHints":{"allow":["GET"]}}],"collection":[{"href":"https:\/\/redsemlac.com\/semmexico\/wp-json\/wp\/v2\/posts"}],"about":[{"href":"https:\/\/redsemlac.com\/semmexico\/wp-json\/wp\/v2\/types\/post"}],"author":[{"embeddable":true,"href":"https:\/\/redsemlac.com\/semmexico\/wp-json\/wp\/v2\/users\/3"}],"replies":[{"embeddable":true,"href":"https:\/\/redsemlac.com\/semmexico\/wp-json\/wp\/v2\/comments?post=51108"}],"version-history":[{"count":0,"href":"https:\/\/redsemlac.com\/semmexico\/wp-json\/wp\/v2\/posts\/51108\/revisions"}],"wp:featuredmedia":[{"embeddable":true,"href":"https:\/\/redsemlac.com\/semmexico\/wp-json\/wp\/v2\/media\/51109"}],"wp:attachment":[{"href":"https:\/\/redsemlac.com\/semmexico\/wp-json\/wp\/v2\/media?parent=51108"}],"wp:term":[{"taxonomy":"category","embeddable":true,"href":"https:\/\/redsemlac.com\/semmexico\/wp-json\/wp\/v2\/categories?post=51108"},{"taxonomy":"post_tag","embeddable":true,"href":"https:\/\/redsemlac.com\/semmexico\/wp-json\/wp\/v2\/tags?post=51108"}],"curies":[{"name":"wp","href":"https:\/\/api.w.org\/{rel}","templated":true}]}}