{"id":51105,"date":"2022-06-01T16:37:37","date_gmt":"2022-06-01T22:37:37","guid":{"rendered":"https:\/\/redsemlac.com\/semmexico\/?p=51105"},"modified":"2023-07-21T19:05:41","modified_gmt":"2023-07-22T00:05:41","slug":"demanda-diputado-cesar-mateos-proteccion-a-victimas-de-violencia-de-genero-en-oaxaca","status":"publish","type":"post","link":"https:\/\/redsemlac.com\/semmexico\/demanda-diputado-cesar-mateos-proteccion-a-victimas-de-violencia-de-genero-en-oaxaca\/","title":{"rendered":"Demanda diputado C\u00e9sar Mateos protecci\u00f3n a v\u00edctimas de violencia de g\u00e9nero en Oaxaca"},"content":{"rendered":"\n<p class=\"wp-block-paragraph\"><strong>Redacci\u00f3n<\/strong><\/p>\n\n\n\n<p class=\"wp-block-paragraph\">SemM\u00e9xico, San Raymundo Jalpan, Oax; 1 de junio del 2022.- El diputado C\u00e9sar Mateos Ben\u00edtez expuso nuevamente el caso de aparente violencia de g\u00e9nero en donde se implica como violentador, de su ex esposa, al juez Segundo de Distrito Fidel Gallegos Figueroa.<\/p>\n\n\n\n<p class=\"wp-block-paragraph\">El legislador de Morena sostuvo que la ex esposa de Gallegos fue v\u00edctima de violencia f\u00edsica, psicol\u00f3gica, moral y econ\u00f3mica de parte del juzgador, y actualmente es v\u00edctima de violencia institucional, porque ahora el sistema de justicia su segundo agresor.<\/p>\n\n\n\n<p class=\"wp-block-paragraph\">Mateos Ben\u00edtez a\u00f1adi\u00f3 que est\u00e1n documentados los agravios cometidos por personal judicial, tanto del estado como de la Federaci\u00f3n, adem\u00e1s de integrantes de la Fiscal\u00eda General del Estado de Oaxaca.<\/p>\n\n\n\n<p class=\"wp-block-paragraph\">\u201cNuestro llamado es para se determine de forma inmediata la posible comisi\u00f3n de abuso de autoridad, violencia de g\u00e9nero y los delitos que se configuren en este caso\u201d. No podemos permitir que desde el ejercicio de cargos se violente a las mujeres, expres\u00f3.<\/p>\n\n\n\n<p class=\"wp-block-paragraph\">Se\u00f1al\u00f3 que la vulnerabilidad en la que se encuentran las mujeres que denuncian la violencia vicaria, y el riesgo en el que est\u00e1n sus vidas. Dijo adem\u00e1s que esta violencia alcanza tambi\u00e9n a las mujeres que las defienden.<\/p>\n\n\n\n<p class=\"wp-block-paragraph\">\u201cNos debe llamar a la reflexi\u00f3n sobre los cientos de \u00f3rdenes de protecci\u00f3n que son solicitadas por violencia de g\u00e9nero, y que nunca son concedidas\u201d, extern\u00f3 el legislador.<\/p>\n","protected":false},"excerpt":{"rendered":"<p> El diputado C\u00e9sar Mateos Ben\u00edtez expuso nuevamente el caso de aparente violencia de g\u00e9nero en donde se implica como violentador, de su ex esposa, al juez Segundo de Distrito Fidel Gallegos Figueroa.<\/p>\n","protected":false},"author":3,"featured_media":51106,"comment_status":"open","ping_status":"open","sticky":false,"template":"","format":"standard","meta":{"_monsterinsights_skip_tracking":false,"footnotes":""},"categories":[693,50],"tags":[],"class_list":["post-51105","post","type-post","status-publish","format-standard","has-post-thumbnail","category-693","category-congreso"],"_links":{"self":[{"href":"https:\/\/redsemlac.com\/semmexico\/wp-json\/wp\/v2\/posts\/51105","targetHints":{"allow":["GET"]}}],"collection":[{"href":"https:\/\/redsemlac.com\/semmexico\/wp-json\/wp\/v2\/posts"}],"about":[{"href":"https:\/\/redsemlac.com\/semmexico\/wp-json\/wp\/v2\/types\/post"}],"author":[{"embeddable":true,"href":"https:\/\/redsemlac.com\/semmexico\/wp-json\/wp\/v2\/users\/3"}],"replies":[{"embeddable":true,"href":"https:\/\/redsemlac.com\/semmexico\/wp-json\/wp\/v2\/comments?post=51105"}],"version-history":[{"count":0,"href":"https:\/\/redsemlac.com\/semmexico\/wp-json\/wp\/v2\/posts\/51105\/revisions"}],"wp:featuredmedia":[{"embeddable":true,"href":"https:\/\/redsemlac.com\/semmexico\/wp-json\/wp\/v2\/media\/51106"}],"wp:attachment":[{"href":"https:\/\/redsemlac.com\/semmexico\/wp-json\/wp\/v2\/media?parent=51105"}],"wp:term":[{"taxonomy":"category","embeddable":true,"href":"https:\/\/redsemlac.com\/semmexico\/wp-json\/wp\/v2\/categories?post=51105"},{"taxonomy":"post_tag","embeddable":true,"href":"https:\/\/redsemlac.com\/semmexico\/wp-json\/wp\/v2\/tags?post=51105"}],"curies":[{"name":"wp","href":"https:\/\/api.w.org\/{rel}","templated":true}]}}