{"id":51102,"date":"2022-06-01T16:35:58","date_gmt":"2022-06-01T22:35:58","guid":{"rendered":"https:\/\/redsemlac.com\/semmexico\/?p=51102"},"modified":"2023-07-21T19:05:41","modified_gmt":"2023-07-22T00:05:41","slug":"manana-gobierno-federal-dara-informe-sobre-viridiana","status":"publish","type":"post","link":"https:\/\/redsemlac.com\/semmexico\/manana-gobierno-federal-dara-informe-sobre-viridiana\/","title":{"rendered":"Ma\u00f1ana, Gobierno Federal dar\u00e1 informe sobre Viridiana\u00a0"},"content":{"rendered":"\n<ul class=\"wp-block-list\"><li><strong>La familia de Viridiana solicit\u00f3 intervenci\u00f3n de FGR, por desconfianza en la Fiscal\u00eda de Veracruz. <\/strong><strong><\/strong><\/li><\/ul>\n\n\n\n<p class=\"wp-block-paragraph\"><strong>Alba Valdez<\/strong><strong><\/strong><\/p>\n\n\n\n<p class=\"wp-block-paragraph\">SemM\u00e9xico\/Testigo P\u00farpura, 1 de junio de 2022.- El presidente, Andr\u00e9s Manuel L\u00f3pez Obrador, precis\u00f3 que ma\u00f1ana el subsecretario de Seguridad P\u00fablica, Ricardo Mej\u00eda, dar\u00e1 a conocer detalles sobre el caso de Viridiana Moreno, desaparecida desde el 18 de mayo en la ciudad de Cardel, Veracruz.&nbsp;<\/p>\n\n\n\n<p class=\"wp-block-paragraph\">Brevemente, L\u00f3pez Obrador dijo que lo mejor es que el subsecretario Ricardo Mej\u00eda, d\u00e9 a conocer la informaci\u00f3n que se tiene sobre el caso en la secci\u00f3n de Cero Impunidad, que es parte de la conferencia ma\u00f1anera.&nbsp;\u201cYo pienso que lo mejor es que ma\u00f1ana Ricardo Mej\u00eda, en la secci\u00f3n cero impunidad nos informe sobre este caso\u201d, reiter\u00f3.&nbsp;<\/p>\n\n\n\n<p class=\"wp-block-paragraph\">Cabe precisar que recientemente la familia d\u00e9 Viridiana pidi\u00f3 la intervenci\u00f3n de la Fiscal\u00eda General de la Rep\u00fablica (FGR) ya que no confiaban en el actuar de la. Fiscal\u00eda General del Estado de Veracruz ante diversas irregularidades que se han registrado en las indagatorias.<\/p>\n\n\n\n<p class=\"wp-block-paragraph\">El caso de Viridiana caus\u00f3 conmoci\u00f3n, el 18 de mayo pasado, sali\u00f3 de su casa a una entrevista de trabajo al Hotel Bienvenido, pero nunca volvi\u00f3, su esposo la busc\u00f3 en lugar y le informaron que no se encontraban reclutando personal por lo que Viridiana no se encontraba en dicho establecimiento.<\/p>\n\n\n\n<p class=\"wp-block-paragraph\">Desde entonces pobladores de Tlaltetela, de donde ella era originaria, iniciaron su b\u00fasqueda y diversas manifestaciones para obtener respuesta.&nbsp;<\/p>\n\n\n\n<p class=\"wp-block-paragraph\">El 20 de mayo, el gobernador de Veracruz declar\u00f3 que Viridiana se encontraba \u201cresguardada\u201d pero horas m\u00e1s tarde indicaron que no era as\u00ed, que eso era tan solo una l\u00ednea de investigaci\u00f3n.&nbsp;<\/p>\n\n\n\n<p class=\"wp-block-paragraph\">El 21 de mayo, en Chachalacas familiares de Viridiana y la Fiscal\u00eda encontraron sus documentos oficiales y restos de un cuerpo, sin embargo,&nbsp; el estado de descomposici\u00f3n en el que se encontraban su cuerpo, no permiti\u00f3 que fuera reconocida y solicitaron una prueba de ADN.&nbsp;<\/p>\n\n\n\n<p class=\"wp-block-paragraph\">Las manifestaciones continuaron, tres d\u00edas despu\u00e9s del hallazgo en Chachalacas, la FGE inform\u00f3 que los restos hallados coincid\u00edan en un 50 por ciento con el ADN de la joven de 31 a\u00f1os.&nbsp;<\/p>\n\n\n\n<p class=\"wp-block-paragraph\">La familia de Viridiana no acept\u00f3 que se tratara de ella ante las irregularidades y poca informaci\u00f3n que hab\u00edan tenido, por lo que indicaron realizar\u00edan un peritaje externo y solicitaron la intervenci\u00f3n de la FGR.<\/p>\n","protected":false},"excerpt":{"rendered":"<p>La familia de Viridiana solicit\u00f3 intervenci\u00f3n de FGR, por desconfianza en la Fiscal\u00eda de Veracruz. <\/p>\n","protected":false},"author":3,"featured_media":51103,"comment_status":"open","ping_status":"open","sticky":false,"template":"","format":"standard","meta":{"_monsterinsights_skip_tracking":false,"footnotes":""},"categories":[693,51],"tags":[],"class_list":["post-51102","post","type-post","status-publish","format-standard","has-post-thumbnail","category-693","category-ejecutivo"],"_links":{"self":[{"href":"https:\/\/redsemlac.com\/semmexico\/wp-json\/wp\/v2\/posts\/51102","targetHints":{"allow":["GET"]}}],"collection":[{"href":"https:\/\/redsemlac.com\/semmexico\/wp-json\/wp\/v2\/posts"}],"about":[{"href":"https:\/\/redsemlac.com\/semmexico\/wp-json\/wp\/v2\/types\/post"}],"author":[{"embeddable":true,"href":"https:\/\/redsemlac.com\/semmexico\/wp-json\/wp\/v2\/users\/3"}],"replies":[{"embeddable":true,"href":"https:\/\/redsemlac.com\/semmexico\/wp-json\/wp\/v2\/comments?post=51102"}],"version-history":[{"count":0,"href":"https:\/\/redsemlac.com\/semmexico\/wp-json\/wp\/v2\/posts\/51102\/revisions"}],"wp:featuredmedia":[{"embeddable":true,"href":"https:\/\/redsemlac.com\/semmexico\/wp-json\/wp\/v2\/media\/51103"}],"wp:attachment":[{"href":"https:\/\/redsemlac.com\/semmexico\/wp-json\/wp\/v2\/media?parent=51102"}],"wp:term":[{"taxonomy":"category","embeddable":true,"href":"https:\/\/redsemlac.com\/semmexico\/wp-json\/wp\/v2\/categories?post=51102"},{"taxonomy":"post_tag","embeddable":true,"href":"https:\/\/redsemlac.com\/semmexico\/wp-json\/wp\/v2\/tags?post=51102"}],"curies":[{"name":"wp","href":"https:\/\/api.w.org\/{rel}","templated":true}]}}