{"id":51094,"date":"2022-06-01T16:23:34","date_gmt":"2022-06-01T22:23:34","guid":{"rendered":"https:\/\/redsemlac.com\/semmexico\/?p=51094"},"modified":"2023-07-21T19:05:42","modified_gmt":"2023-07-22T00:05:42","slug":"congreso-da-entrada-a-iniciativa-para-reformar-el-codigo-civil-en-materia-de-alienacion-parental","status":"publish","type":"post","link":"https:\/\/redsemlac.com\/semmexico\/congreso-da-entrada-a-iniciativa-para-reformar-el-codigo-civil-en-materia-de-alienacion-parental\/","title":{"rendered":"Congreso da entrada a iniciativa para reformar el C\u00f3digo Civil en materia de alienaci\u00f3n parental"},"content":{"rendered":"\n<ul class=\"wp-block-list\"><li><strong>La Colectiva 50 m\u00e1s+1 Chiapas se\u00f1al\u00f3 que la iniciativa lacera dignidad de&nbsp; mujeres y obstaculiza la lucha por la igualdad&nbsp;<\/strong><\/li><\/ul>\n\n\n\n<p class=\"wp-block-paragraph\"><strong>Gabriela Couti\u00f1o&nbsp;<\/strong><\/p>\n\n\n\n<p class=\"wp-block-paragraph\">SemM\u00e9xico, Tuxtla Guti\u00e9rrez, Chis; 1 de junio de 2022.- En sesi\u00f3n ordinaria la LXVIII legislatura local dio lectura a la iniciativa de decreto por el que se reforma el p\u00e1rrafo primero y se adicionan los p\u00e1rrafos segundo, tercero y cuarto del art\u00edculo 406 del C\u00f3digo Civil de Chiapas en materia de alienaci\u00f3n parental.&nbsp;<\/p>\n\n\n\n<p class=\"wp-block-paragraph\">La propuesta presentada por la diputada Petrona de la Cruz Cruz, del partido Morena, busca el reconocimiento, tratamiento y sanci\u00f3n de la alienaci\u00f3n parental.&nbsp;<\/p>\n\n\n\n<p class=\"wp-block-paragraph\">En su exposici\u00f3n de motivos, la propuesta de decreto se\u00f1ala que la alienaci\u00f3n parental, es una conducta emprendida por alguno de los padres, quien funge como tutor legal, orientada a destruir v\u00ednculos afectivos entre padres e hijos, como una manifestaci\u00f3n de violencia psicoemocional que tiene por objeto causar un da\u00f1o irreparable a la ex pareja, pero que da\u00f1a especialmente a los menores como efecto colateral.&nbsp;<\/p>\n\n\n\n<p class=\"wp-block-paragraph\">\u201cSe trata de una problem\u00e1tica muy da\u00f1ina para la psique de los ni\u00f1os, representando todo un nuevo campo de estudio en el \u00e1mbito psicol\u00f3gico y judicial que ha cobrado especial relevancia dada la cantidad de conflictos conyugales que llegan a tribunales, donde no solo se pone en grave riesgo la sana convivencia e integraci\u00f3n entre padres e hijos\u201d, precis\u00f3 la legisladora.<\/p>\n\n\n\n<p class=\"wp-block-paragraph\">Representa, continu\u00f3 De la Cruz Cruz, un da\u00f1o psicol\u00f3gico permanente para los menores que se ven envueltos en este tipo de situaciones, lo que representa una violaci\u00f3n flagrante a los derechos de la infancia y, por lo consiguiente, al inter\u00e9s superior del menor.&nbsp;<\/p>\n\n\n\n<p class=\"wp-block-paragraph\">Destac\u00f3 que en la alienaci\u00f3n parental, se presentan diversidad de conductas que se llevan a cabo por parte del padre o la madre que tiene la custodia temporal de un hijo o hija, e injustificadamente impide las visitas y convivencias con el otro progenitor, causando en el ni\u00f1o o ni\u00f1a un proceso de transformaci\u00f3n de conciencia, que puede ir desde el miedo y el rechazo, hasta llegar al odio.&nbsp;<\/p>\n\n\n\n<p class=\"wp-block-paragraph\">Esta conducta, agrega, la iniciativa, \u201caunque va dirigida a dar a la ex pareja, causa un da\u00f1o irreparable en los menores, quienes crecer\u00e1n con resentimiento, rencores, y traumas que afectar\u00e1n su sano desarrollo, con una repercusi\u00f3n negativa en su entorno social\u201d.&nbsp;<\/p>\n\n\n\n<p class=\"wp-block-paragraph\">Explic\u00f3 que la custodia \u00fanicamente implica que los menores no pueden estar al mismo tiempo con el padre y con la madre, pero en ning\u00fan momento debe constituir una p\u00e9rdida de la convivencia.<\/p>\n\n\n\n<p class=\"wp-block-paragraph\">\u201cPor ello, la separaci\u00f3n de una pareja con hijos no puede constituir el alejamiento entre los menores y sus progenitores, es decir, el divorcio o la separaci\u00f3n ocurre entre los padres, no entre las y los hijos y mama o papa limitar esa convivencia entre padres e hijos implica una violaci\u00f3n a los derechos de la ni\u00f1ez\u201d, finaliz\u00f3.&nbsp;<\/p>\n\n\n\n<p class=\"wp-block-paragraph\"><strong>La alienaci\u00f3n se correlaciona fuertemente con la violencia de g\u00e9nero: Colectiva 50 m\u00e1s 1<\/strong>&nbsp;<\/p>\n\n\n\n<p class=\"wp-block-paragraph\">El pasado 22 de mayo, la Colectiva de mujeres 50 m\u00e1s 1 Chiapas, se pronunci\u00f3 por no la no aprobaci\u00f3n de la iniciativa que dijo pretende reformar y adicionar tres p\u00e1rrafos del art\u00edculo 406 del C\u00f3digo Civil estaral con la finalidad de incorporar la alienaci\u00f3n parental, \u201ccuya exposici\u00f3n de motivos pone en evidencia la elaboraci\u00f3n de un argumento tergiversado y fuera de todo marco legal\u201d.&nbsp;<\/p>\n\n\n\n<p class=\"wp-block-paragraph\">El grupo de mujeres que tiene como uno de sus objetivos el cumplimiento eficaz de la garant\u00eda legal y material del derecho de la mujer a vivir libre de toda forma de violencia en todos los niveles de la vida p\u00fablica y privada, dijo que \u201cla alienaci\u00f3n se correlaciona fuertemente con la violencia de g\u00e9nero, porque la mayor\u00eda de denuncias por violencias contra ni\u00f1as, ni\u00f1os y adolescentes es interpuesta por mujeres\u201d.&nbsp;<\/p>\n","protected":false},"excerpt":{"rendered":"<p>La Colectiva 50 m\u00e1s+1 Chiapas se\u00f1al\u00f3 que la iniciativa lacera dignidad de\u00a0 mujeres y obstaculiza la lucha por la igualdad\u00a0<\/p>\n","protected":false},"author":3,"featured_media":51095,"comment_status":"open","ping_status":"open","sticky":false,"template":"","format":"standard","meta":{"_monsterinsights_skip_tracking":false,"footnotes":""},"categories":[693,50],"tags":[],"class_list":["post-51094","post","type-post","status-publish","format-standard","has-post-thumbnail","category-693","category-congreso"],"_links":{"self":[{"href":"https:\/\/redsemlac.com\/semmexico\/wp-json\/wp\/v2\/posts\/51094","targetHints":{"allow":["GET"]}}],"collection":[{"href":"https:\/\/redsemlac.com\/semmexico\/wp-json\/wp\/v2\/posts"}],"about":[{"href":"https:\/\/redsemlac.com\/semmexico\/wp-json\/wp\/v2\/types\/post"}],"author":[{"embeddable":true,"href":"https:\/\/redsemlac.com\/semmexico\/wp-json\/wp\/v2\/users\/3"}],"replies":[{"embeddable":true,"href":"https:\/\/redsemlac.com\/semmexico\/wp-json\/wp\/v2\/comments?post=51094"}],"version-history":[{"count":0,"href":"https:\/\/redsemlac.com\/semmexico\/wp-json\/wp\/v2\/posts\/51094\/revisions"}],"wp:featuredmedia":[{"embeddable":true,"href":"https:\/\/redsemlac.com\/semmexico\/wp-json\/wp\/v2\/media\/51095"}],"wp:attachment":[{"href":"https:\/\/redsemlac.com\/semmexico\/wp-json\/wp\/v2\/media?parent=51094"}],"wp:term":[{"taxonomy":"category","embeddable":true,"href":"https:\/\/redsemlac.com\/semmexico\/wp-json\/wp\/v2\/categories?post=51094"},{"taxonomy":"post_tag","embeddable":true,"href":"https:\/\/redsemlac.com\/semmexico\/wp-json\/wp\/v2\/tags?post=51094"}],"curies":[{"name":"wp","href":"https:\/\/api.w.org\/{rel}","templated":true}]}}