{"id":51088,"date":"2022-06-01T13:33:23","date_gmt":"2022-06-01T19:33:23","guid":{"rendered":"https:\/\/redsemlac.com\/semmexico\/?p=51088"},"modified":"2023-07-21T19:05:42","modified_gmt":"2023-07-22T00:05:42","slug":"guerrero-instala-comision-para-atender-toda-forma-de-violencia-contra-ninas-ninos-y-adolescentes","status":"publish","type":"post","link":"https:\/\/redsemlac.com\/semmexico\/guerrero-instala-comision-para-atender-toda-forma-de-violencia-contra-ninas-ninos-y-adolescentes\/","title":{"rendered":"Guerrero instala comisi\u00f3n para atender toda forma de violencia contra ni\u00f1as, ni\u00f1os y adolescentes\u00a0"},"content":{"rendered":"\n<ul class=\"wp-block-list\"><li><strong>Se implementar\u00e1 en Guerrero el Protocolo Nacional de Coordinaci\u00f3n Interinstitucional para la Protecci\u00f3n de Ni\u00f1as, Ni\u00f1os y Adolescentes V\u00edctimas de Violencia<\/strong><\/li><\/ul>\n\n\n\n<p class=\"wp-block-paragraph\"><strong>Isabel Ortega <\/strong><\/p>\n\n\n\n<p class=\"wp-block-paragraph\">SemM\u00e9xico, Chilpancingo, Gro; 1 de junio, 2022.- \u00a0El gobierno de Guerrero instal\u00f3 la comisi\u00f3n para atender toda forma de violencia contra ni\u00f1as, ni\u00f1os y adolescentes, como parte de un plan que hace seis meses anunciaron las autoridades estatales, para atender los asuntos emergentes que afectan a m\u00e1s de un mill\u00f3n de ni\u00f1as\u00a0y\u00a0ni\u00f1os\u00a0de 0 a 15 a\u00f1os, que representan 31 por ciento de la poblaci\u00f3n de esa entidad, seg\u00fan el Censo de Poblaci\u00f3n y Vivienda 2020.\u00a0<\/p>\n\n\n\n<p class=\"wp-block-paragraph\">El matrimonio infantil, el tr\u00e1fico de menores para fines de explotaci\u00f3n sexual y los abusos sexuales, son algunos de los pesares de la ni\u00f1ez guerrerense.&nbsp;<\/p>\n\n\n\n<p class=\"wp-block-paragraph\">Entre el 1 de enero y 26 de octubre de 2020, tres mil 81 ni\u00f1as y adolescentes de 9 a 17 a\u00f1os registraron un embarazo que lleg\u00f3 a t\u00e9rmino. Los municipios con m\u00e1s casos registrados de este tipo son: Acapulco, Chilpancingo, Chilapa, Tlapa de Comonfort, Zihuatenajo de Azueta e Iguala.<\/p>\n\n\n\n<p class=\"wp-block-paragraph\">Esta situaci\u00f3n se relaciona o de los m\u00e1s altos \u00edndices de embarazo en adolescentes porque seg\u00fan Inegi el 11 por ciento de mujeres de 12 a 14 a\u00f1os estaban casadas o en uni\u00f3n libre, datos que indican la persistencia del robo de ni\u00f1as en la entidad.<\/p>\n\n\n\n<p class=\"wp-block-paragraph\">Guerrero est\u00e1 dentro de las 3 entidades con mayor n\u00famero de ni\u00f1as en situaci\u00f3n de madres, con el 10 por ciento.<\/p>\n\n\n\n<p class=\"wp-block-paragraph\">Por ello, dentro del plan que anunci\u00f3 el gobierno de Evelyn Salgado Pineda, y los esfuerzos para atender toda forma de violencia que vulnere el bienestar de los menores. &nbsp;el Sistema Integral de Ni\u00f1as, Ni\u00f1os y Adolescentes en Guerrero en coordinaci\u00f3n con la Fiscal\u00eda General del Estado realizaron la primera Sesi\u00f3n Ordinaria de la Comisi\u00f3n para atender Toda Forma de Violencia Contra Ni\u00f1as, Ni\u00f1os y Adolescentes.<\/p>\n\n\n\n<p class=\"wp-block-paragraph\">Un problema nodal es el de los embarazos no deseados, sobre todo, los referentes a ni\u00f1as menores de 15 a\u00f1os, que son producto de violencia sexual, incesto, matrimonio arreglado y forzado.<\/p>\n\n\n\n<p class=\"wp-block-paragraph\">En 2017, se registraron nueve mil 463 nacimientos productos de embarazo infantil en ni\u00f1as de entre 10 y 14 a\u00f1os en M\u00e9xico. En el 93 por ciento de los casos las ni\u00f1as tuvieron su primer acercamiento sexual entre los 5 los 9 a\u00f1os, pero solo 2.8 por ciento, se reconoce este hecho como violencia sexual.<\/p>\n\n\n\n<p class=\"wp-block-paragraph\">El 70 por ciento de los embarazos infantiles son resultado de violencia, los responsables les triplican la edad y suelen ser personas conocidas cercanas a las v\u00edctimas, normalmente familiares.<\/p>\n\n\n\n<p class=\"wp-block-paragraph\">La secretaria ejecutiva del SIPINNA Guerrero, X\u00f3chilt Sosa Rumbo, destac\u00f3 la encomienda de la gobernadora, Evelyn Salgado Pineda de coordinar esfuerzos y sumar voluntades para que esta Comisi\u00f3n aporte a las pol\u00edticas p\u00fablicas en favor de la ni\u00f1ez y adolescencia guerrerense.<\/p>\n\n\n\n<p class=\"wp-block-paragraph\">Es trascendente porque por casos de trata de personas en el 2021 en Guerrero, en Acapulco se detect\u00f3 uno por tr\u00e1fico de menores tres, en Acapulco, Zihuatanejo y Ometepec; por violencia equiparada 124; por acoso sexual 42 y por abuso sexual 200 casos.<\/p>\n\n\n\n<p class=\"wp-block-paragraph\">El Centro de Derechos Humanos de la Monta\u00f1a Tlachinollan tiene un registro de m\u00e1s de 300 casos de ni\u00f1as a quienes las forzaron o intentaron forzar para que contrajeran matrimonio, seg\u00fan la abogada de ese organismo, Neil Arias Vitinio.<\/p>\n\n\n\n<p class=\"wp-block-paragraph\">Casos que se centran en siete municipios de la Monta\u00f1a alta: Cochoapa el Grande, Metlat\u00f3noc, Atlamajalcingo del Monte, Alcozauca, Copanatoyac, Tlapa y Xalpatl\u00e1huac.<\/p>\n\n\n\n<p class=\"wp-block-paragraph\">La abogada de Tlachinollan, Arias Vitinio, quien brinda acompa\u00f1amiento de matrimonios forzados en la parte alta de regi\u00f3n Monta\u00f1a, consider\u00f3 que ser\u00e1 dif\u00edcil erradicar esa pr\u00e1ctica arriagada en la regi\u00f3n.<\/p>\n\n\n\n<p class=\"wp-block-paragraph\">En la estrategia \u2013 de la que forma parte la sesi\u00f3n de ayer- &nbsp;que anunciaron las autoridades el a\u00f1o pasado, est\u00e1n involucrados principalmente los presidentes municipales y los DIF, sin que hayan detenido todav\u00eda esa pr\u00e1ctica.<\/p>\n\n\n\n<p class=\"wp-block-paragraph\">La estrategia para atender el problema del tr\u00e1fico de menores \u201cest\u00e1 en proceso de construcci\u00f3n\u201d y en el Presupuesto de Egresos estatal se asign\u00f3 un monto de cinco millones 161 mil pesos para que durante 2002 se atendiera el problema de ni\u00f1as, ni\u00f1os y adolescentes. Haba abril pasado, los recursos segu\u00edan sin autorizarse.<\/p>\n\n\n\n<p class=\"wp-block-paragraph\">\u201cLo que nos preocupa es que es dif\u00edcil para el DIF del municipio de Tlapa definir estrategias de prevenci\u00f3n y atenci\u00f3n, porque en este mes se increment\u00f3 la violencia contra la mujer. Sabemos que viene la violencia en comunidades ind\u00edgenas de toda esta pr\u00e1ctica que son mujeres que son vendidas, y que viven con el esposo, los suegros las maltratan\u201d, coment\u00f3 la abogada.<\/p>\n\n\n\n<p class=\"wp-block-paragraph\">En las comunidades est\u00e1n concentrados otros problemas alrededor de los matrimonios forzados, como la salud, la educaci\u00f3n, los servicios b\u00e1sicos, los caminos.<\/p>\n\n\n\n<p class=\"wp-block-paragraph\">El director de Tlachinollan, Abel Barrera Hern\u00e1ndez, se reuni\u00f3 con funcionarios del Instituto Nacional de Pueblos Ind\u00edgenas (INPI) y la Secretar\u00eda de la Mujer, para proponerles trabajar con las comunidades, realizar asambleas con los pueblos, principales y mujeres, para crear comit\u00e9s de autoridades y j\u00f3venes para saber qu\u00e9 est\u00e1 pasando y, sobre todo, lo que piensan.<\/p>\n\n\n\n<h2 class=\"wp-block-heading\" id=\"la-sesion-oficial-de-la-comision-para-atender-toda-forma-de-violencia-contra-ninas-ninos-y-adolescentes\"><strong>La sesi\u00f3n Oficial de la Comisi\u00f3n para atender toda forma de violencia contra ni\u00f1as, ni\u00f1os y adolescentes.<\/strong><\/h2>\n\n\n\n<p class=\"wp-block-paragraph\">En representaci\u00f3n de la Fiscal General, Sandra Luz Valdovinos Salmer\u00f3n, el vicefiscal de Prevenci\u00f3n y Seguimiento, Miguel de la Cruz P\u00e9rez, presidi\u00f3 la sesi\u00f3n de trabajo, quien manifest\u00f3 que existe un compromiso del trabajo coordinado para lograr que el derecho a la seguridad de las ni\u00f1as, los ni\u00f1os y adolescentes sea garantizado.<\/p>\n\n\n\n<p class=\"wp-block-paragraph\">Dentro de los trabajos de esta primera sesi\u00f3n, Claudia Perea Rojo, integrante de SIPINNA Guerrero, present\u00f3 el Protocolo Nacional de Coordinaci\u00f3n Interinstitucional para la Protecci\u00f3n de Ni\u00f1as, Ni\u00f1os y Adolescentes V\u00edctimas de Violencia, para la implementaci\u00f3n en esta entidad.<\/p>\n\n\n\n<p class=\"wp-block-paragraph\">Participaron en esta instalaci\u00f3n, representantes de la Fiscal\u00eda General del Estado; Cecilia Narciso Gayt\u00e1n, presidenta de la Comisi\u00f3n de Derechos Humanos en Guerrero; Beatriz Mojica Morga, presidenta de la Comisi\u00f3n de Derechos de Ni\u00f1as, Ni\u00f1os y Adolescentes del Congreso del Estado; Mart\u00edn Yactiban Ram\u00edrez Guti\u00e9rrez, procurador de Protecci\u00f3n de Ni\u00f1as, Ni\u00f1os y Adolescentes; Al\u00edn Daneira Cortes Mauricio, coordinadora de la iniciativa Spotlight en Chilpancingo para el UNFPA M\u00e9xico y funcionarios del gobierno estatal.<\/p>\n\n\n\n<p class=\"wp-block-paragraph\">*Con informaci\u00f3n de Ceprovysa<\/p>\n","protected":false},"excerpt":{"rendered":"<p>Se implementar\u00e1 en Guerrero el Protocolo Nacional de Coordinaci\u00f3n Interinstitucional para la Protecci\u00f3n de Ni\u00f1as, Ni\u00f1os y Adolescentes V\u00edctimas de Violencia<\/p>\n","protected":false},"author":3,"featured_media":51089,"comment_status":"open","ping_status":"open","sticky":false,"template":"","format":"standard","meta":{"_monsterinsights_skip_tracking":false,"footnotes":""},"categories":[693,51],"tags":[],"class_list":["post-51088","post","type-post","status-publish","format-standard","has-post-thumbnail","category-693","category-ejecutivo"],"_links":{"self":[{"href":"https:\/\/redsemlac.com\/semmexico\/wp-json\/wp\/v2\/posts\/51088","targetHints":{"allow":["GET"]}}],"collection":[{"href":"https:\/\/redsemlac.com\/semmexico\/wp-json\/wp\/v2\/posts"}],"about":[{"href":"https:\/\/redsemlac.com\/semmexico\/wp-json\/wp\/v2\/types\/post"}],"author":[{"embeddable":true,"href":"https:\/\/redsemlac.com\/semmexico\/wp-json\/wp\/v2\/users\/3"}],"replies":[{"embeddable":true,"href":"https:\/\/redsemlac.com\/semmexico\/wp-json\/wp\/v2\/comments?post=51088"}],"version-history":[{"count":0,"href":"https:\/\/redsemlac.com\/semmexico\/wp-json\/wp\/v2\/posts\/51088\/revisions"}],"wp:featuredmedia":[{"embeddable":true,"href":"https:\/\/redsemlac.com\/semmexico\/wp-json\/wp\/v2\/media\/51089"}],"wp:attachment":[{"href":"https:\/\/redsemlac.com\/semmexico\/wp-json\/wp\/v2\/media?parent=51088"}],"wp:term":[{"taxonomy":"category","embeddable":true,"href":"https:\/\/redsemlac.com\/semmexico\/wp-json\/wp\/v2\/categories?post=51088"},{"taxonomy":"post_tag","embeddable":true,"href":"https:\/\/redsemlac.com\/semmexico\/wp-json\/wp\/v2\/tags?post=51088"}],"curies":[{"name":"wp","href":"https:\/\/api.w.org\/{rel}","templated":true}]}}