{"id":51085,"date":"2022-06-01T13:30:57","date_gmt":"2022-06-01T19:30:57","guid":{"rendered":"https:\/\/redsemlac.com\/semmexico\/?p=51085"},"modified":"2023-07-21T19:05:42","modified_gmt":"2023-07-22T00:05:42","slug":"la-comision-de-igualdad-de-la-diputacion-no-discute-aun-la-violencia-laboral-e-igualdad-salarial","status":"publish","type":"post","link":"https:\/\/redsemlac.com\/semmexico\/la-comision-de-igualdad-de-la-diputacion-no-discute-aun-la-violencia-laboral-e-igualdad-salarial\/","title":{"rendered":"La Comisi\u00f3n de Igualdad de la Diputaci\u00f3n no discute aun la violencia laboral e igualdad salarial"},"content":{"rendered":"\n<ul class=\"wp-block-list\"><li><strong>En cambi\u00f3 aprob\u00f3 cinco iniciativas que por en\u00e9sima vez cambia la Ley de Acceso de las Mujeres a una Vida sin Violencia<\/strong><\/li><li><strong>Anuncian Parlamento Abierto en materia de violencia vicaria, el pr\u00f3ximo 20 de junio<\/strong><\/li><\/ul>\n\n\n\n<p class=\"wp-block-paragraph\"><strong>Redacci\u00f3n&nbsp;<\/strong><\/p>\n\n\n\n<p class=\"wp-block-paragraph\">SemM\u00e9xico, Ciudad de M\u00e9xico, 1 de junio de 2022.- La Comisi\u00f3n de Igualdad de G\u00e9nero, que preside la diputada de Morena, Julieta Kristal Vences Valencia, aprob\u00f3 cinco dict\u00e1menes dirigidos a mejorar las condiciones de vida de las mujeres, ni\u00f1as y adolescentes, con ello, evitar actos que vulneren sus derechos.<\/p>\n\n\n\n<p class=\"wp-block-paragraph\">Algunas de estas iniciativas proponen cambios a leyes que en el mismo sentido est\u00e1n vigentes, adiciona, precisa, amplia, lo que en general est\u00e1 en las leyes, como la general de Acceso de las Mujeres a una Vida sin Violencia o los c\u00f3digos penales por lo que se refiere a la violencia en l\u00ednea.<\/p>\n\n\n\n<p class=\"wp-block-paragraph\">No obstantes estas propuestas pasar\u00e1n a discusi\u00f3n del pleno de la C\u00e1mara de Diputados. Y para lo que significa problemas sistem\u00e1ticos de la violencia que ejercen los hombres, en divorcio o separaci\u00f3n, por las y los hijos de pareja, se convocar\u00e1 un parlamento abierto, como se acord\u00f3, le llaman violencia vicaria.<\/p>\n\n\n\n<p class=\"wp-block-paragraph\">Se suman conceptos o nombres nuevos, ahora en discusi\u00f3n internacional y que se ubican en la discusi\u00f3n del borrado de mujeres.<\/p>\n\n\n\n<p class=\"wp-block-paragraph\">Hasta ahora, la comisi\u00f3n no ha revisado las modificaciones, urgentes, sobre violencia laboral o igualdad salarial, cuyas minutas ya tiene la C\u00e1mara de Diputados, desde hace meses.<\/p>\n\n\n\n<h2 class=\"wp-block-heading\" id=\"ataques-con-acido-o-sustancias-corrosivas\">&nbsp;<strong><em>Ataques con \u00e1cido o sustancias corrosivas<\/em><\/strong><\/h2>\n\n\n\n<p class=\"wp-block-paragraph\">Las integrantes de esta instancia legislativa aprobaron con 31 votos a favor y una abstenci\u00f3n, el dictamen a la minuta que reforma el art\u00edculo 6 de la Ley General de Acceso de las Mujeres a una Vida Libre de Violencia con el fin de ampliar el concepto de violencia f\u00edsica al incorporar infringir da\u00f1o con el uso de \u00e1cido o sustancias corrosivas, causticas, irritantes, t\u00f3xicas, inflamables a una mujer caus\u00e1ndole lesiones internas, externas o ambas. &nbsp;<\/p>\n\n\n\n<p class=\"wp-block-paragraph\">La diputada Vences Valencia record\u00f3 que esta reforma tuvo origen la LXIV Legislatura y fue devuelta por el Senado con modificaciones, incluyendo los conceptos de sustancias causticas, irritantes o inflamables, para ampliar los medios que son utilizados en este tipo de ataques.<\/p>\n\n\n\n<p class=\"wp-block-paragraph\">Insisti\u00f3 que el tema es fundamental, pues este tipo de violencia es ejecutada para da\u00f1ar y afectar a una mujer, al destruirle su estado f\u00edsico, psicol\u00f3gico y laboral.&nbsp;<\/p>\n\n\n\n<p class=\"wp-block-paragraph\">Al respecto, la legisladora priista, Jaqueline Hinojosa Madrigal, dijo que su voto ser\u00eda en sentido positivo y solicit\u00f3 a las integrantes de la Comisi\u00f3n trabajar para modificar la violencia f\u00edsica como una violencia feminicida, pues pone en peligro a la v\u00edctima y afecta gravemente si dignidad.&nbsp;<\/p>\n\n\n\n<p class=\"wp-block-paragraph\">De Movimiento Ciudadano, la diputada Taygete Irisay Rodr\u00edguez Gonz\u00e1lez, mencion\u00f3 que su voto ser\u00eda a favor; sin embargo, consider\u00f3 un error establecer la acotaci\u00f3n \u201cen determinadas condiciones\u201d en la definici\u00f3n de violencia f\u00edsica, ya que puede causar confusiones en la procuraci\u00f3n de justicia, por ello, propuso que se deje la redacci\u00f3n original del dictamen, es decir, como sali\u00f3 de la C\u00e1mara de Diputados. &nbsp;<\/p>\n\n\n\n<p class=\"wp-block-paragraph\">Montserrat Alicia Arcos Vel\u00e1zquez, legisladora del PRI, apunt\u00f3 que se aprobar\u00e1 el dictamen y posteriormente se trabajar\u00e1 en el C\u00f3digo Penal para que este tipo de violencia sea establecido como debe ser. &nbsp;<\/p>\n\n\n\n<p class=\"wp-block-paragraph\">La diputada del tricolor Ana Lilia Herrera Anzaldo resalt\u00f3 que este tipo de agresiones cambia la vida de las v\u00edctimas y los agresores requieren un castigo con todo el peso de la ley.<\/p>\n\n\n\n<p class=\"wp-block-paragraph\">Indic\u00f3 que legislatura pasada de la C\u00e1mara de Diputados, aprob\u00f3 la reforma que establec\u00eda como agresi\u00f3n f\u00edsica las realizadas con sustancias toxicas, y ahora, el Senado regresa el proyecto con modificaciones, las cuales est\u00e1n bien; sin embargo, agregan la frase \u201cen determinadas condiciones\u201d, lo cual hace ambigua la redacci\u00f3n y abre la puerta a una excepci\u00f3n.<\/p>\n\n\n\n<p class=\"wp-block-paragraph\">Por Morena, la diputada Beatriz Rojas Mart\u00ednez se pronunci\u00f3 a favor del dictamen; no obstante, mencion\u00f3 que de manera inmediata se debe realizar una mesa de trabajo y buscar la participaci\u00f3n de las abogadas y expertas en la materia para que encajen en el C\u00f3digo Penal, y con ello, dejar claro el delito y su sanci\u00f3n. &nbsp;<\/p>\n\n\n\n<p class=\"wp-block-paragraph\">La tambi\u00e9n diputada de Morena, Judith Celina T\u00e1nori C\u00f3rdova, se manifest\u00f3 a favor del dictamen y plante\u00f3 que la Comisi\u00f3n debe abocarse a promover la legislaci\u00f3n para que la ciudadan\u00eda sepa las sanciones que existen.&nbsp;<\/p>\n\n\n\n<h2 class=\"wp-block-heading\" id=\"atencion-expedita-a-victimas-por-medios-digitales-o-remotos\"><strong><em>Atenci\u00f3n expedita a v\u00edctimas por medios digitales o remotos <\/em><\/strong>&nbsp;<\/h2>\n\n\n\n<p class=\"wp-block-paragraph\">Tambi\u00e9n, se aprob\u00f3 con 31 votos a favor, el dictamen de la minuta que adiciona una fracci\u00f3n VII al art\u00edculo 8 de la Ley General de Acceso de las Mujeres a una Vida Libre de Violencia, que establece procedimientos que garanticen la atenci\u00f3n expedita y eficaz de las v\u00edctimas por medios digitales o remotos.&nbsp;<\/p>\n\n\n\n<p class=\"wp-block-paragraph\">Asimismo, se conserve en todo momento su seguridad, confidencialidad y protecci\u00f3n de sus datos personales de conformidad con las normas y principios establecidos en esta Ley y en todas en la materia. &nbsp;<\/p>\n\n\n\n<p class=\"wp-block-paragraph\">La diputada Vences Valencia pidi\u00f3 agregar que los modelos de atenci\u00f3n, prevenci\u00f3n y sanci\u00f3n que establezcan los tres \u00f3rdenes de gobierno deber\u00e1n instaurar procedimientos que permitan la atenci\u00f3n oportuna y eficaz de las v\u00edctimas por medios digitales o remotos, cuidando en todo momento su seguridad, confidencialidad y protecci\u00f3n de datos personales. &nbsp;<\/p>\n\n\n\n<p class=\"wp-block-paragraph\">De igual forma, se establezcan medios y canales alternativos de denuncia que garanticen el acceso a la atenci\u00f3n oportuna y eficaz de las v\u00edctimas que no cuenten con acceso a los servicios de internet o dispositivos electr\u00f3nicos. &nbsp;<\/p>\n\n\n\n<h2 class=\"wp-block-heading\" id=\"desarrollo-empresarial-industrial-y-comercial-igualitario\"><strong><em>Desarrollo empresarial, industrial y comercial igualitario <\/em><\/strong>&nbsp;<\/h2>\n\n\n\n<p class=\"wp-block-paragraph\">Con 31 votos a favor, se aprob\u00f3 el dictamen de la minuta que plantea reforma el art\u00edculo 34 de la Ley General para la Igualdad entre Mujeres y Hombres, su finalidad es que las autoridades promuevan pol\u00edticas p\u00fablicas y programas en materia de desarrollo empresarial, industrial y comercial en favor del empoderamiento igualitario. &nbsp;<\/p>\n\n\n\n<p class=\"wp-block-paragraph\">\u200bLa diputada Vences Valencia argument\u00f3 que gran parte de la agenda de igualdad sustantiva implica generar las circunstancias para que las mujeres puedan ejercer sus derechos en igualdad de condiciones. &nbsp;<\/p>\n\n\n\n<p class=\"wp-block-paragraph\">\u200bAnte ello, agreg\u00f3, los tres \u00f3rdenes de gobierno deben trabajar en promover la autonom\u00eda econ\u00f3mica de las mujeres, ello, contribuir\u00e1 a cerrar las brechas de desigualdad que existen en la vida laboral y salarial de las mujeres.&nbsp;<\/p>\n\n\n\n<p class=\"wp-block-paragraph\">\u200bAfirm\u00f3 que est\u00e1 claro que las estructuras patriarcales, as\u00ed como los roles y estereotipos construidos de manera cultural y social son una barrera para que las mujeres puedan ejercer sus derechos econ\u00f3micos y laborales. &nbsp;<\/p>\n\n\n\n<p class=\"wp-block-paragraph\">\u200bAgreg\u00f3 que de acuerdo con el informe publicado hace unas semanas por el Consejo Nacional de Evaluaci\u00f3n de la Pol\u00edtica de Desarrollo Social Coneval se confirma que la brecha de desigualdad en lo laboral y salarial en t\u00e9rminos de g\u00e9nero se ampli\u00f3 a causa de la crisis sanitaria, de ah\u00ed la importancia de que se aprueben estos cambios legislativos. &nbsp;<\/p>\n\n\n\n<h2 class=\"wp-block-heading\" id=\"demarcaciones-territoriales-de-la-ciudad-de-mexico\"><strong><em>Demarcaciones territoriales de la Ciudad de M\u00e9xico <\/em><\/strong>&nbsp;<\/h2>\n\n\n\n<p class=\"wp-block-paragraph\">Con 28 votos a favor se aval\u00f3 el dictamen que reforma y adiciona la Ley General para la Igualdad entre Mujeres y Hombres, cuyo prop\u00f3sito es integrar la denominaci\u00f3n de entidades federativas y demarcaciones territoriales de la Ciudad de M\u00e9xico, para ejercer sus atribuciones previstas en la Constituci\u00f3n.&nbsp;<\/p>\n\n\n\n<p class=\"wp-block-paragraph\">La presidenta de la Comisi\u00f3n explic\u00f3 que con esta modificaci\u00f3n se homologa el texto vigente de la Ley General para la Igualdad entre Mujeres y Hombres con el Decreto en materia de la Reforma Pol\u00edtica de la Ciudad de M\u00e9xico, publicado el 29 de enero de 2016 en Diario Oficial de la Federaci\u00f3n (DOF). &nbsp;<\/p>\n\n\n\n<p class=\"wp-block-paragraph\">En este sentido, la diputada del PRD, Olga Luz Espinosa Morales, extern\u00f3 su agradecimiento a las integrantes de esta instancia legislativa por el respaldo y apoyo para esta reforma. &nbsp;<\/p>\n\n\n\n<h2 class=\"wp-block-heading\" id=\"opinion-a-iniciativa-en-materia-de-competitividad-de-la-micro-pequena-y-mediana-empresa\"><strong><em>Opini\u00f3n a iniciativa en materia de Competitividad de la Micro, Peque\u00f1a y Mediana Empresa <\/em><\/strong>&nbsp;<\/h2>\n\n\n\n<p class=\"wp-block-paragraph\">Tambi\u00e9n se aprob\u00f3 con 30 votos a favor, la opini\u00f3n a la iniciativa que reforma los art\u00edculos 1 y 4 de la Ley para el Desarrollo de la Competitividad de la Micro, Peque\u00f1a y Mediana Empresa, que busca establecer que dentro de la legislaci\u00f3n se estipulen las bases para la planeaci\u00f3n y entrega de apoyos con perspectiva de g\u00e9nero. &nbsp;<\/p>\n\n\n\n<h2 class=\"wp-block-heading\" id=\"parlamento-abierto-en-materia-de-violencia-vicaria\"><strong><em>Parlamento Abierto en materia de violencia vicaria <\/em><\/strong>&nbsp;<\/h2>\n\n\n\n<p class=\"wp-block-paragraph\">En el apartado de asuntos generales, la presidenta de la Comisi\u00f3n inform\u00f3 que se realizar\u00e1 un Parlamento Abierto en materia de violencia vicaria para escuchar las voces de la sociedad civil y expertos, con el prop\u00f3sito de dictaminar las iniciativas que han sido turnadas. &nbsp;<\/p>\n\n\n\n<p class=\"wp-block-paragraph\">Indic\u00f3 que el parlamento abierto se realizar\u00e1 el lunes 20 junio de forma semipresencial y se dividir\u00e1 en cuatro mesas de trabajo, que ser\u00e1n presididas por una diputada integrante de cada uno de los grupos parlamentarios con mayor representaci\u00f3n en la Comisi\u00f3n. &nbsp;<\/p>\n\n\n\n<p class=\"wp-block-paragraph\">La diputada Claudia Alejandra Hern\u00e1ndez S\u00e1enz (Morena) manifest\u00f3 su gratitud porque se haya tomado en cuenta su propuesta, ya que es un tema que ha causado inter\u00e9s en el pa\u00eds.<\/p>\n","protected":false},"excerpt":{"rendered":"<p>En cambi\u00f3 aprob\u00f3 cinco iniciativas que por en\u00e9sima vez cambia la Ley de Acceso de las Mujeres a una Vida sin Violencia<\/p>\n","protected":false},"author":3,"featured_media":51086,"comment_status":"open","ping_status":"open","sticky":false,"template":"","format":"standard","meta":{"_monsterinsights_skip_tracking":false,"footnotes":""},"categories":[693,50],"tags":[],"class_list":["post-51085","post","type-post","status-publish","format-standard","has-post-thumbnail","category-693","category-congreso"],"_links":{"self":[{"href":"https:\/\/redsemlac.com\/semmexico\/wp-json\/wp\/v2\/posts\/51085","targetHints":{"allow":["GET"]}}],"collection":[{"href":"https:\/\/redsemlac.com\/semmexico\/wp-json\/wp\/v2\/posts"}],"about":[{"href":"https:\/\/redsemlac.com\/semmexico\/wp-json\/wp\/v2\/types\/post"}],"author":[{"embeddable":true,"href":"https:\/\/redsemlac.com\/semmexico\/wp-json\/wp\/v2\/users\/3"}],"replies":[{"embeddable":true,"href":"https:\/\/redsemlac.com\/semmexico\/wp-json\/wp\/v2\/comments?post=51085"}],"version-history":[{"count":0,"href":"https:\/\/redsemlac.com\/semmexico\/wp-json\/wp\/v2\/posts\/51085\/revisions"}],"wp:featuredmedia":[{"embeddable":true,"href":"https:\/\/redsemlac.com\/semmexico\/wp-json\/wp\/v2\/media\/51086"}],"wp:attachment":[{"href":"https:\/\/redsemlac.com\/semmexico\/wp-json\/wp\/v2\/media?parent=51085"}],"wp:term":[{"taxonomy":"category","embeddable":true,"href":"https:\/\/redsemlac.com\/semmexico\/wp-json\/wp\/v2\/categories?post=51085"},{"taxonomy":"post_tag","embeddable":true,"href":"https:\/\/redsemlac.com\/semmexico\/wp-json\/wp\/v2\/tags?post=51085"}],"curies":[{"name":"wp","href":"https:\/\/api.w.org\/{rel}","templated":true}]}}