{"id":51079,"date":"2022-06-01T11:18:48","date_gmt":"2022-06-01T17:18:48","guid":{"rendered":"https:\/\/redsemlac.com\/semmexico\/?p=51079"},"modified":"2023-07-21T19:05:42","modified_gmt":"2023-07-22T00:05:42","slug":"exige-diputada-jennyfer-garcia-a-secretaria-de-salud-de-guerrero-a-mejorar-atencion-obstetrica-en-hospitales","status":"publish","type":"post","link":"https:\/\/redsemlac.com\/semmexico\/exige-diputada-jennyfer-garcia-a-secretaria-de-salud-de-guerrero-a-mejorar-atencion-obstetrica-en-hospitales\/","title":{"rendered":"Exige diputada Jennyfer Garc\u00eda a Secretaria de Salud de Guerrero a mejorar atenci\u00f3n obst\u00e9trica en hospitales"},"content":{"rendered":"\n<ul class=\"wp-block-list\"><li><strong>La iniciativa fue enviada a la Comisi\u00f3n de Salud por el voto en contra del Grupo Parlamentario de Morena<\/strong><\/li><\/ul>\n\n\n\n<p class=\"wp-block-paragraph\"><strong>Redacci\u00f3n<\/strong><\/p>\n\n\n\n<p class=\"wp-block-paragraph\">SemM\u00e9xico\/Ceprovysa, Chilpancingo, Gro, 1 de junio, 2022.- La diputada del PRD Jennyfer Garc\u00eda Lucena llam\u00f3 a la secretaria de Salud, Aid\u00e9 Ib\u00e1rez Castro, a destinar recursos econ\u00f3micos e impulsar acciones que atiendan las necesidades materiales y humanas para mejorar la atenci\u00f3n obst\u00e9trica de los hospitales generales en Guerrero.<\/p>\n\n\n\n<p class=\"wp-block-paragraph\">En punto de acuerdo que present\u00f3 en la sesi\u00f3n de este martes, Ib\u00e1rez Castro emplaz\u00f3 a realizar un diagn\u00f3stico de las necesidades de recursos materiales y humanos, as\u00ed como una planeaci\u00f3n presupuestal de los hospitales generales que dependen del Sistema de Salud de Guerrero.<\/p>\n\n\n\n<p class=\"wp-block-paragraph\">Cabe se\u00f1alar que la proposici\u00f3n presentada como asunto de urgente y obvia resoluci\u00f3n, fue turnada a la Comisi\u00f3n de Salud al no alcanzar los votos necesarios ante la negativa del Grupo Parlamentario de Morena de respaldarla.<\/p>\n\n\n\n<p class=\"wp-block-paragraph\">Ello, con el prop\u00f3sito de que cuenten con la infraestructura necesaria para proporcionen atenci\u00f3n m\u00e9dica oportuna a las mujeres embarazadas, \u201cpor ello, &nbsp;deber\u00e1 dotarse de medicamentos, mobiliario, equipo m\u00e9dico en buenas condiciones, de infraestructura \u00f3ptima, as\u00ed como del personal m\u00e9dico necesario y adecuadamente capacitado\u201d, expuso.<\/p>\n\n\n\n<p class=\"wp-block-paragraph\">Asimismo, la legisladora perredista sugiri\u00f3 dise\u00f1ar e impartir un curso integral de capacitaci\u00f3n a todos los servidores p\u00fablicos adscritos, en materia de derechos humanos para que briden un trato digno y de respeto a las mujeres embarazadas.<\/p>\n\n\n\n<p class=\"wp-block-paragraph\">Tambi\u00e9n convoc\u00f3 para que se instruya a los servidores p\u00fablicos a adoptar medidas efectivas de prevenci\u00f3n, que permitan garantizar que los expedientes cl\u00ednicos generados por la atenci\u00f3n m\u00e9dica que brindan, se encuentren debidamente integrados, conforme a lo dispuesto en la legislaci\u00f3n nacional e internacional, as\u00ed como en las normas oficiales mexicanas correspondientes.<\/p>\n\n\n\n<p class=\"wp-block-paragraph\">La legisladora expuso que la violencia obst\u00e9trica \u201ces uno de los principales motivos de discriminaci\u00f3n en M\u00e9xico, donde una de cada tres mujeres o personas con capacidad de gestar ha sido v\u00edctima de maltratos, procedimientos incorrectos o falta de atenci\u00f3n en el parto\u201d.<\/p>\n\n\n\n<p class=\"wp-block-paragraph\">\u201cLa muerte materna es la m\u00e1xima manifestaci\u00f3n de la violencia obst\u00e9trica, los gritos y rega\u00f1os son la forma m\u00e1s com\u00fan de esta al ser reportado por 37.4% de las personas gestantes que aseguraron sufrir al menos un tipo de agresi\u00f3n durante el parto\u201d, dijo.<\/p>\n\n\n\n<p class=\"wp-block-paragraph\">Cit\u00f3 que el retraso deliberado o intencional de la atenci\u00f3n m\u00e9dica, ocupa el segundo lugar entre las formas m\u00e1s comunes de dicha violencia.<\/p>\n\n\n\n<p class=\"wp-block-paragraph\">Refiri\u00f3 que en los \u00faltimos meses, Guerrero ha sido noticia a nivel nacional y estatal, por &nbsp;las numerosas denuncias realizadas contra diversos hospitales del Sector Salud del Estado.<\/p>\n\n\n\n<p class=\"wp-block-paragraph\">Toda vez de que existe una indebida atenci\u00f3n a mujeres embarazadas, y se\u00f1ala que dentro de los casos m\u00e1s notables, fueron los sucedidos el 6 de enero de 2022 en el que una mujer y su beb\u00e9 fallecieron por falta de atenci\u00f3n m\u00e9dica en el Hospital del Ni\u00f1o y la Madre Guerrerense; en Chilpancingo.<\/p>\n\n\n\n<p class=\"wp-block-paragraph\">\u201cEl&nbsp; 19 de marzo de 2022, una mujer tuvo a su beb\u00e9 en la entrada del hospital General Raymundo Abarca Alarc\u00f3n, en Chilpancingo; en el mes de noviembre de 2021, una ciudadana denuncio que, en el nosocomio General de Atoyac de \u00c1lvarez, no se les da atenci\u00f3n a las mujeres embarazadas por falta de equipamiento o personal.<\/p>\n\n\n\n<p class=\"wp-block-paragraph\">\u201cEs urgente sensibilizar, capacitar y formar al personal de salud sobre la necesidad de respetar los derechos humanos, sexuales y reproductivos, especialmente concientizarlos sobre la libertad y autonom\u00eda reproductiva de las mujeres con relaci\u00f3n a los procedimientos y trato que reciben durante el embarazo, parto y puerperio con la finalidad de que no incurran en manifestaciones de violencia obst\u00e9trica\u201d, finaliz\u00f3.<\/p>\n","protected":false},"excerpt":{"rendered":"<p>La iniciativa fue enviada a la Comisi\u00f3n de Salud por el voto en contra del Grupo Parlamentario de Morena<\/p>\n","protected":false},"author":3,"featured_media":51080,"comment_status":"open","ping_status":"open","sticky":false,"template":"","format":"standard","meta":{"_monsterinsights_skip_tracking":false,"footnotes":""},"categories":[693,50],"tags":[],"class_list":["post-51079","post","type-post","status-publish","format-standard","has-post-thumbnail","category-693","category-congreso"],"_links":{"self":[{"href":"https:\/\/redsemlac.com\/semmexico\/wp-json\/wp\/v2\/posts\/51079","targetHints":{"allow":["GET"]}}],"collection":[{"href":"https:\/\/redsemlac.com\/semmexico\/wp-json\/wp\/v2\/posts"}],"about":[{"href":"https:\/\/redsemlac.com\/semmexico\/wp-json\/wp\/v2\/types\/post"}],"author":[{"embeddable":true,"href":"https:\/\/redsemlac.com\/semmexico\/wp-json\/wp\/v2\/users\/3"}],"replies":[{"embeddable":true,"href":"https:\/\/redsemlac.com\/semmexico\/wp-json\/wp\/v2\/comments?post=51079"}],"version-history":[{"count":0,"href":"https:\/\/redsemlac.com\/semmexico\/wp-json\/wp\/v2\/posts\/51079\/revisions"}],"wp:featuredmedia":[{"embeddable":true,"href":"https:\/\/redsemlac.com\/semmexico\/wp-json\/wp\/v2\/media\/51080"}],"wp:attachment":[{"href":"https:\/\/redsemlac.com\/semmexico\/wp-json\/wp\/v2\/media?parent=51079"}],"wp:term":[{"taxonomy":"category","embeddable":true,"href":"https:\/\/redsemlac.com\/semmexico\/wp-json\/wp\/v2\/categories?post=51079"},{"taxonomy":"post_tag","embeddable":true,"href":"https:\/\/redsemlac.com\/semmexico\/wp-json\/wp\/v2\/tags?post=51079"}],"curies":[{"name":"wp","href":"https:\/\/api.w.org\/{rel}","templated":true}]}}