{"id":51074,"date":"2022-06-01T11:14:03","date_gmt":"2022-06-01T17:14:03","guid":{"rendered":"https:\/\/redsemlac.com\/semmexico\/?p=51074"},"modified":"2023-07-21T19:05:42","modified_gmt":"2023-07-22T00:05:42","slug":"llama-castanon-ramirez-a-garantizar-seguridad-y-voto-libre-en-comicios","status":"publish","type":"post","link":"https:\/\/redsemlac.com\/semmexico\/llama-castanon-ramirez-a-garantizar-seguridad-y-voto-libre-en-comicios\/","title":{"rendered":"Llama Casta\u00f1\u00f3n Ram\u00edrez a garantizar seguridad y voto libre en comicios"},"content":{"rendered":"\n<ul class=\"wp-block-list\"><li><strong>Movimiento Ciudadano ser\u00e1 la \u00fanica fuerza pol\u00edtica que mantendr\u00e1 su crecimiento<\/strong><\/li><\/ul>\n\n\n\n<p class=\"wp-block-paragraph\"><strong>Redacci\u00f3n<\/strong><\/p>\n\n\n\n<p class=\"wp-block-paragraph\">SemM\u00e9xico, Cd. de M\u00e9xico, 1 de junio de 2022.- Tras denunciar que de manera c\u00ednica el gobierno federal ha metido a la mitad de su gabinete en las elecciones locales del pr\u00f3ximo domingo, el senador por Movimiento Ciudadano, No\u00e9 Casta\u00f1\u00f3n Ram\u00edrez, hizo un llamado a las autoridades para garantizar que la jornada c\u00edvica se realice en paz, con seguridad y, sobre todo, con libertad.&nbsp;&nbsp;&nbsp;&nbsp;&nbsp;<\/p>\n\n\n\n<p class=\"wp-block-paragraph\">Casta\u00f1\u00f3n Ram\u00edrez responsabiliz\u00f3 a los gobiernos federal y estatales las entidades en que habr\u00e1 elecciones, de garantizar que las y los ciudadanos puedan acudir a las urnas para ejercer de manera libre, sin coacciones, presiones ni condicionamientos de ninguna especie su derecho a votar y, posteriormente, puedan regresar a su hogar con seguridad.<\/p>\n\n\n\n<p class=\"wp-block-paragraph\">El legislador expres\u00f3 su confianza en que el pr\u00f3ximo 5 de junio, que se celebrar\u00e1n elecciones en Aguascalientes, Durango, Hidalgo, Oaxaca, Quintana Roo y Tamaulipas, Movimiento Ciudadano ser\u00e1 la \u00fanica fuerza pol\u00edtica que mantendr\u00e1 un ritmo de crecimiento, es decir, que seguir\u00e1 aumentando su votaci\u00f3n de manera constante como lo ha hecho desde 2021.<\/p>\n\n\n\n<p class=\"wp-block-paragraph\">Se\u00f1al\u00f3 que a diferencia del resto de los partidos pol\u00edticos que han perdido votantes con respecto a los comicios federales de 2018, Movimiento Ciudadano ha sido la \u00fanica fuerza pol\u00edtica \u201cque creci\u00f3 y que se refrendar\u00e1 esa tendencia\u201d.<\/p>\n\n\n\n<p class=\"wp-block-paragraph\">Casta\u00f1\u00f3n Ram\u00edrez dijo que esto ha sido posible gracias a que dicha fuerza pol\u00edtica ha sido incluyente y ha sumado a las mujeres, las personas ind\u00edgenas, a las personas con discapacidad y a las comunidades de la diversidad sexual en sus candidaturas.<\/p>\n\n\n\n<p class=\"wp-block-paragraph\">Lament\u00f3 que desde el gobierno federal se mantenga la estrategia de polarizaci\u00f3n y confrontaci\u00f3n. Dijo que las visitas de miembros del gabinete y de gobernadoras y gobernadores a los estados en los que habr\u00e1 elecciones el pr\u00f3ximo domingo han servido no s\u00f3lo para operar pol\u00edticamente las campa\u00f1as de las y los candidatos, de Morena, sino para posicionarse individualmente en su pugna interna de cara al 2024. Esto es un acto reprobable, sentenci\u00f3.<\/p>\n\n\n\n<p class=\"wp-block-paragraph\">El legislador denunci\u00f3 que desde el oficialismo persiste el uso de recursos p\u00fablicos con fines electorales y, especialmente, para resolver las divisiones internas en Morena.<\/p>\n\n\n\n<p class=\"wp-block-paragraph\">Lo m\u00e1s triste, reproch\u00f3, es que estados como Aguascalientes se usan estos recursos para hacer promoci\u00f3n de los programas sociales y se utiliza la estructura del gobierno para coaccionar al voto.<\/p>\n\n\n\n<p class=\"wp-block-paragraph\">Mientras, en Durango, la elecci\u00f3n se ha caracterizado por la falta de propuestas e ideas al grado de qu\u00e9 ir\u00f3nicamente, la candidata de \u201cJuntos Haremos Historia\u201d, Marina Vitela, prometi\u00f3 instalar un programa de estancias infantiles, el mismo que el gobierno federal desapareci\u00f3. Los \u00fanicos que cuenta con proyecto moderno, con visi\u00f3n de futuro y de largo plazo son Patricia Flores Elizondo Flores, que busca el gobierno estatal y Mart\u00edn Vivanco, en la capital del estado.<\/p>\n\n\n\n<p class=\"wp-block-paragraph\">Indic\u00f3 que en Quintana Roo, las candidatas de las coaliciones tienen denuncias en su contra por enriquecimiento il\u00edcito y operaciones con recursos de procedencia il\u00edcita, por lo que Jos\u00e9 Luis Pech V\u00e1rguez es la \u00fanica opci\u00f3n verdaderamente honesta y comprometida en ese estado.<\/p>\n\n\n\n<p class=\"wp-block-paragraph\">\u201cLas mexicanas y los mexicanos no quieren m\u00e1s de ese pasado que representa Morena y sus aliados ni de los partidos que ya le fallaron a M\u00e9xico\u201d, manifest\u00f3 Casta\u00f1\u00f3n Ram\u00edrez, quien subray\u00f3 que Movimiento Ciudadano es la \u00fanica opci\u00f3n viable para el futuro de M\u00e9xico.<\/p>\n","protected":false},"excerpt":{"rendered":"<p>Movimiento Ciudadano ser\u00e1 la \u00fanica fuerza pol\u00edtica que mantendr\u00e1 su crecimiento<\/p>\n","protected":false},"author":3,"featured_media":51075,"comment_status":"open","ping_status":"open","sticky":false,"template":"","format":"standard","meta":{"_monsterinsights_skip_tracking":false,"footnotes":""},"categories":[693,50],"tags":[],"class_list":["post-51074","post","type-post","status-publish","format-standard","has-post-thumbnail","category-693","category-congreso"],"_links":{"self":[{"href":"https:\/\/redsemlac.com\/semmexico\/wp-json\/wp\/v2\/posts\/51074","targetHints":{"allow":["GET"]}}],"collection":[{"href":"https:\/\/redsemlac.com\/semmexico\/wp-json\/wp\/v2\/posts"}],"about":[{"href":"https:\/\/redsemlac.com\/semmexico\/wp-json\/wp\/v2\/types\/post"}],"author":[{"embeddable":true,"href":"https:\/\/redsemlac.com\/semmexico\/wp-json\/wp\/v2\/users\/3"}],"replies":[{"embeddable":true,"href":"https:\/\/redsemlac.com\/semmexico\/wp-json\/wp\/v2\/comments?post=51074"}],"version-history":[{"count":0,"href":"https:\/\/redsemlac.com\/semmexico\/wp-json\/wp\/v2\/posts\/51074\/revisions"}],"wp:featuredmedia":[{"embeddable":true,"href":"https:\/\/redsemlac.com\/semmexico\/wp-json\/wp\/v2\/media\/51075"}],"wp:attachment":[{"href":"https:\/\/redsemlac.com\/semmexico\/wp-json\/wp\/v2\/media?parent=51074"}],"wp:term":[{"taxonomy":"category","embeddable":true,"href":"https:\/\/redsemlac.com\/semmexico\/wp-json\/wp\/v2\/categories?post=51074"},{"taxonomy":"post_tag","embeddable":true,"href":"https:\/\/redsemlac.com\/semmexico\/wp-json\/wp\/v2\/tags?post=51074"}],"curies":[{"name":"wp","href":"https:\/\/api.w.org\/{rel}","templated":true}]}}