{"id":51064,"date":"2022-06-01T10:11:34","date_gmt":"2022-06-01T16:11:34","guid":{"rendered":"https:\/\/redsemlac.com\/semmexico\/?p=51064"},"modified":"2023-07-21T19:05:42","modified_gmt":"2023-07-22T00:05:42","slug":"bellas-y-airosas-la-vida-de-laureana-wrigth-en-mi-segunda-novela","status":"publish","type":"post","link":"https:\/\/redsemlac.com\/semmexico\/bellas-y-airosas-la-vida-de-laureana-wrigth-en-mi-segunda-novela\/","title":{"rendered":"Bellas y Airosas| La vida de Laureana Wrigth en mi segunda novela"},"content":{"rendered":"\n<p class=\"wp-block-paragraph\"><strong>Elvira Hern\u00e1ndez Carballido<\/strong><\/p>\n\n\n\n<p class=\"wp-block-paragraph\">SemM\u00e9xico, Pachuca, Hgo; 1 de junio de 2022.- A\u00f1os de revisar materiales, de escarbar textos, de preguntar y buscar, de encontrar y ordenar, a veces de manera cronol\u00f3gica, muchas veces por intuici\u00f3n y buena fe. Quise llenar esos huecos que yo advert\u00eda en la vida de Laureana Wright, periodista admirable, feminista inspiradora, quien pese a su apellido naci\u00f3 en nuestro pa\u00eds, mexicana natural de Taxco, Guerrero.<\/p>\n\n\n\n<p class=\"wp-block-paragraph\">En algunos destellos que se han recuperado de su vida, se aportaban datos puntuales, pero yo quer\u00eda saber m\u00e1s de ella. Ya no pod\u00eda entrevistarla, solamente sus textos me hablaban. Ten\u00eda el contexto, faltaban detalles de su historia personal.<\/p>\n\n\n\n<p class=\"wp-block-paragraph\">Entonces acomod\u00e9 todo lo escrito sobre ella, detect\u00e9 lo que no se sab\u00eda y puse a trabajar a mi imaginaci\u00f3n, que la inspiraci\u00f3n literaria me permitiera dibujarla a mi manera. As\u00ed, empec\u00e9 a suponer la forma en que su padre decidi\u00f3 que su ni\u00f1a fuera educada en casa.<\/p>\n\n\n\n<p class=\"wp-block-paragraph\">Quise suponer que pudo conocer a Juan D\u00edaz Covarrubias porque es dos l\u00edneas de una investigaci\u00f3n un autor destac\u00f3 esa posibilidad. Laurerana siempre firm\u00f3 sus textos agregando el apellido de su esposo, Kleinhans, \u00bflo hizo por costumbre, porque lo sent\u00eda parte de ella, porque al ser tambi\u00e9n extranjero le daba un toque exquisito a su r\u00fabrica? La duda en torno a si el presidente Gonz\u00e1lez quiso expulsarla del pa\u00eds, y la seguridad de que, si ocurri\u00f3, ella supo responderle con dignidad. Si se enamor\u00f3 y tuvo que persuadir a su esposo para que \u00e9l respetara esa pasi\u00f3n period\u00edstica que la hizo fundar \u201cVioletas del An\u00e1huac\u201d. Quise intuir d\u00f3nde encontr\u00f3 los textos que m\u00e1s tarde influyeron en su pensamiento para que ahora la consideremos una feminista del siglo XIX.<\/p>\n\n\n\n<p class=\"wp-block-paragraph\">Cu\u00e1ntas preguntas, cu\u00e1ntos cabos sueltos. Aprovech\u00e9 cada dato que pude extender gracias a la generosidad de la literatura. Nombres que pude confirmar gracias al rigor hist\u00f3rico. Escenas que pude recrear gracias a novelas escritas en esa \u00e9poca. Voz que pude recuperar al tener acceso a las publicaciones period\u00edsticas que digitaliz\u00f3 la Hemeroteca Nacional. Me puse a desmenuzar las investigaciones de Leticia Romero, Lourdes Alvarado y Elva Rivera, quienes espl\u00e9ndidas me compartieron detalles de la \u00e9poca, documentos originales o sugerencias de espacios acad\u00e9micos para consultar el acta de nacimiento o la de matrimonio de este personaje femenino que me cautiv\u00f3 desde 1985 cuando hice mi tesis de licenciatura.<\/p>\n\n\n\n<p class=\"wp-block-paragraph\">Este tit\u00e1nico trabajo me hizo evocar a esa adolescente que fui y quien de lunes a viernes llegaba a hojear esos peri\u00f3dicos del ayer, embeles\u00e1ndome con la pluma de esa mujer y tomar la lupa para buscar m\u00e1s informaci\u00f3n sobre ella. Espiar a esta se\u00f1ora de seis d\u00e9cadas que soy ahora, segura de que la literatura me ayudar\u00eda a mostrar a Laureana en todo su esplendor y que pod\u00eda atreverme a escribir una novela hist\u00f3rica sobre ella aprovechando cada dato ver\u00eddico, seduciendo a mi imaginaci\u00f3n para que recreara todo lo que no se sabe de esta gran mexicana.<\/p>\n\n\n\n<p class=\"wp-block-paragraph\">Me murmuraba a m\u00ed misma: Vamos, dib\u00fajala escribiendo, persiguiendo musas con alas de mariposa, descubriendo las letras con verdadera curiosidad. \u00bfConocer\u00eda a Juan D\u00edaz Covarrubias? Ojal\u00e1, que sus ojos se vieran en los suyos por lo menos una vez. La quiero enamorada, pero clara en su decisi\u00f3n de dedicarse a escribir, de quererse m\u00e1s a ella primero.<\/p>\n\n\n\n<p class=\"wp-block-paragraph\">S\u00ed, recuperaba a Laureana vi\u00e9ndola compartir su poes\u00eda con Manuel Acu\u00f1a, aceptando m\u00e1s invitaciones a publicar sus poemas en revistas de la \u00e9poca que a bailar un vals. Cuestion\u00e1ndose cuando escribe su primer poema de amor, tratando de explicarse el deseo que late en su cuerpo al conocer al hombre que ama, interrogando a la sociedad por qu\u00e9 no se le permite ser esposa, madre y escritora a la vez.<\/p>\n\n\n\n<p class=\"wp-block-paragraph\">S\u00ed, me dec\u00eda cada ma\u00f1ana que llegaba a mi cub\u00edculo dispuesta a reconstruir a mi modo la vida de Laureana. S\u00ed, recupera su amistad con Mateana Murgu\u00eda y Matilde Montoya, su sorpresa al leer los primeros textos con tono feminista, su b\u00fasqueda en el espiritismo y la masoner\u00eda para no dejar de cuestionar su rol asignado por la sociedad de la \u00e9poca. Detalla las oficinas de su semanario Violetas del An\u00e1huac, su liderazgo lleno de absoluta sororidad.<\/p>\n\n\n\n<p class=\"wp-block-paragraph\">Cada d\u00eda, de siete de la ma\u00f1ana hasta la noche, disfrutaba hasta la ignominia teclear cada escenario, cada di\u00e1logo, cada pensamiento, cada ruptura de ella con esa educaci\u00f3n tradicional. Su lucha contra la enfermedad que logr\u00f3 vencerla cuando apenas iba a cumplir 50 a\u00f1os, pero que la volvi\u00f3 inmortal porque en este siglo XXI seguimos pensando en ella, ley\u00e9ndola, imagin\u00e1ndola.<\/p>\n\n\n\n<p class=\"wp-block-paragraph\">Por supuesto, la tarea fue gigantesca, pero cont\u00e9 con la generosidad del taller de novela de Agust\u00edn Cadena, donde \u00e9l y mis compa\u00f1eros\/compa\u00f1eras opinaban, esbozaban cr\u00edticas acertadas y consejos invaluables. Gracias a la provocaci\u00f3n de Kyra Galv\u00e1n, no me conform\u00e9 con la primera versi\u00f3n, pul\u00ed con mucho amor a esa mujer que imaginaba, pero que jam\u00e1s traicionar\u00eda. S\u00ed, una Laureana humana, sensible, sin piel de bronce sino de manzana dispuesta a invitarnos a pecar. Nunca dejar\u00e9 de agradecer la paciencia Gloria G. Fons, quien p\u00e1gina por p\u00e1gina, le\u00eda, suger\u00eda, correg\u00eda, revisaba.<\/p>\n\n\n\n<p class=\"wp-block-paragraph\">Qu\u00e9 miedo y qu\u00e9 gozo, que alegr\u00eda y qu\u00e9 cuidado al escribir esta novela que titul\u00e9 \u201cTinta Violeta\u201d, en honor a ese peri\u00f3dico que Laureana fundara en 1887, Violetas del An\u00e1huac, el periodismo de mujeres en todo su esplendor. Darle voz a ella, a sus aliadas y c\u00f3mplices, a los hombres que am\u00f3, a los aliados que la motivaron a moverse dentro del mundo literario y period\u00edstico.<\/p>\n\n\n\n<p class=\"wp-block-paragraph\">A su familia que siempre crey\u00f3 en ella. A las otras mujeres que recuper\u00f3 en su columna donde destacaba los grandes logros de sus contempor\u00e1neas. Palpar a esa mujer perfecta, t\u00edtulo del \u00faltimo art\u00edculo que public\u00f3 en El Correo de las Se\u00f1oras, donde argument\u00f3 que para adquirir tal perfecci\u00f3n solamente una mujer necesitaba amarse a s\u00ed misma y a su sexo. Me fascin\u00f3 ubicarla en el mundo del espiritismo o enfrentarla con los masones.<\/p>\n\n\n\n<p class=\"wp-block-paragraph\">Qu\u00e9 es real y qu\u00e9 es inventado, me preguntan quienes ya la leyeron. Preguntan cu\u00e1ntos libros revis\u00e9 para darle la cronolog\u00eda necesaria, cu\u00e1ntas torturas a mi mente para no reprimir esa imagen de ni\u00f1a juguetona, de adolescente insegura, de poeta innegable, de periodista reflexiva, amiga leal, de mujer admirable, feminista por siempre.<\/p>\n\n\n\n<p class=\"wp-block-paragraph\">\u201cTinta violeta\u201d es mi segunda novela y ha podido publicarse gracias a DEMAC, a su generosa directora Amparo Espinoza, a la mirada solidaria de Graciela Enr\u00edquez y todo el equipo maravilloso de esa organizaci\u00f3n. Mi novela tiene una portada provocadora e ingenua porque Anil\u00fa Zavala fue solidaria conmigo y me regal\u00f3 esa imagen de una Laureana formal que usa lentes modernos informales. El ritmo de la narrativa no se perdi\u00f3 gracias a la correcci\u00f3n de estilo de Mar Vega.<\/p>\n\n\n\n<p class=\"wp-block-paragraph\">Quienes ya la han le\u00eddo, dicen que vale la pena. Quiero creerles con verdadera ingenuidad y total agradecimiento. Yo solamente puedo pedirles que la lean, pueden descargarla gratis en: <a href=\"https:\/\/l.facebook.com\/l.php?u=https%3A%2F%2Fdemac.org.mx%2Facervo%2Ftinta-violeta%2F%3Ffbclid%3DIwAR3JzRBVIXFFKwMX3ocpK-vXQcfFE6Bav6Z13qeda0auXm_xWmP3ngbgHXs&amp;h=AT1BX12bdnbmSUskgWdhZi8GNB9asdVMNybIoONVqtwc8vKAcMbYSG_SmgRBmgCSwlO9dSD5LZQ5CYFfnd19CHq65MH5xo215zT0oJbytSZFT6_ief-kMvpITvPSE7814FwO&amp;__tn__=-UK-R&amp;c%5b0%5d=AT3qYt8lYJcHbkYp1NE4zqO_dKRjBhqtWjj9Fhqn9_otVrPneZSt7VGr_jSX2Z6w_HzUIS8zHn7D0MGsmEtEIj4NR2vF_1wD1hSAi0yR54zrg1vt7vl6XPMj8j7gOSmS3ywQ_MkIlsQUqUGgJHFbYtrp2d1PfBroSMrBSnkMdhfAgIg8onFb\" target=\"_blank\" rel=\"noreferrer noopener\">https:\/\/demac.org.mx\/acervo\/tinta-violeta\/&#8230;<\/a><\/p>\n","protected":false},"excerpt":{"rendered":"<p>A\u00f1os de revisar materiales, de escarbar textos, de preguntar y buscar, de encontrar y ordenar, a veces de manera cronol\u00f3gica, muchas veces por intuici\u00f3n y buena fe.<\/p>\n","protected":false},"author":3,"featured_media":31337,"comment_status":"open","ping_status":"open","sticky":false,"template":"","format":"standard","meta":{"_monsterinsights_skip_tracking":false,"footnotes":""},"categories":[693,201,202,35],"tags":[],"class_list":["post-51064","post","type-post","status-publish","format-standard","has-post-thumbnail","category-693","category-bellas-y-airosas","category-elvira-hernandez-carballido","category-opinion"],"_links":{"self":[{"href":"https:\/\/redsemlac.com\/semmexico\/wp-json\/wp\/v2\/posts\/51064","targetHints":{"allow":["GET"]}}],"collection":[{"href":"https:\/\/redsemlac.com\/semmexico\/wp-json\/wp\/v2\/posts"}],"about":[{"href":"https:\/\/redsemlac.com\/semmexico\/wp-json\/wp\/v2\/types\/post"}],"author":[{"embeddable":true,"href":"https:\/\/redsemlac.com\/semmexico\/wp-json\/wp\/v2\/users\/3"}],"replies":[{"embeddable":true,"href":"https:\/\/redsemlac.com\/semmexico\/wp-json\/wp\/v2\/comments?post=51064"}],"version-history":[{"count":0,"href":"https:\/\/redsemlac.com\/semmexico\/wp-json\/wp\/v2\/posts\/51064\/revisions"}],"wp:featuredmedia":[{"embeddable":true,"href":"https:\/\/redsemlac.com\/semmexico\/wp-json\/wp\/v2\/media\/31337"}],"wp:attachment":[{"href":"https:\/\/redsemlac.com\/semmexico\/wp-json\/wp\/v2\/media?parent=51064"}],"wp:term":[{"taxonomy":"category","embeddable":true,"href":"https:\/\/redsemlac.com\/semmexico\/wp-json\/wp\/v2\/categories?post=51064"},{"taxonomy":"post_tag","embeddable":true,"href":"https:\/\/redsemlac.com\/semmexico\/wp-json\/wp\/v2\/tags?post=51064"}],"curies":[{"name":"wp","href":"https:\/\/api.w.org\/{rel}","templated":true}]}}