{"id":51062,"date":"2022-06-01T10:09:53","date_gmt":"2022-06-01T16:09:53","guid":{"rendered":"https:\/\/redsemlac.com\/semmexico\/?p=51062"},"modified":"2023-07-21T19:05:43","modified_gmt":"2023-07-22T00:05:43","slug":"emite-cndh-recomendacion-por-violaciones-de-acceso-a-la-justicia-contra-victimas-de-trata","status":"publish","type":"post","link":"https:\/\/redsemlac.com\/semmexico\/emite-cndh-recomendacion-por-violaciones-de-acceso-a-la-justicia-contra-victimas-de-trata\/","title":{"rendered":"Emite CNDH recomendaci\u00f3n por violaciones de acceso a la justicia contra v\u00edctimas de trata\u00a0"},"content":{"rendered":"\n<ul class=\"wp-block-list\"><li><strong>El organismo encontr\u00f3 irregularidades en integraci\u00f3n de carpetas de investigaci\u00f3n y asistencia integral a las v\u00edctimas<\/strong><\/li><\/ul>\n\n\n\n<p class=\"wp-block-paragraph\"><strong>Redacci\u00f3n<\/strong><\/p>\n\n\n\n<p class=\"wp-block-paragraph\">SemM\u00e9xico, Cd. M\u00e9xico; 01 de junio de 2022.- Por violaciones a los derechos humanos de acceso a la justicia en perjuicio de ocho personas, probables v\u00edctimas de trata, la Comisi\u00f3n Nacional de los Derechos Humanos (CNDH) emiti\u00f3 la Recomendaci\u00f3n 99\/2022 dirigida a autoridades de la Fiscal\u00eda General de la Rep\u00fablica (FGR), y de Tlaxcala y Quer\u00e9taro.<\/p>\n\n\n\n<p class=\"wp-block-paragraph\">La instituci\u00f3n encontr\u00f3 irregularidades en la integraci\u00f3n de carpetas de investigaci\u00f3n y en la asistencia integral de las v\u00edctimas, por lo que determin\u00f3 que personas servidoras p\u00fablicas incurrieron en violaciones a los derechos humanos de acceso a la justicia en su modalidad de procuraci\u00f3n y a la intimidad en relaci\u00f3n con la integridad y seguridad personal.<\/p>\n\n\n\n<p class=\"wp-block-paragraph\">Por lo que de manera adicional la debida integraci\u00f3n de las carpetas de investigaci\u00f3n, el esclarecimiento de los hechos y determinaci\u00f3n de las sanciones penales a los responsables de los delitos cometidos en perjuicio de las v\u00edctimas, se ordena que se repare el da\u00f1o y se les brinde una compensaci\u00f3n justa y suficiente, adem\u00e1s de otorgarles atenci\u00f3n psicol\u00f3gica y m\u00e9dica especializada durante el tiempo que lo requieran.<\/p>\n\n\n\n<p class=\"wp-block-paragraph\">La recomendaci\u00f3n est\u00e1 dirigida al titular de la FGR, Alejandro Gertz Manero; a la gobernadora de Tlaxcala, Lorena Cu\u00e9llar Cisneros, y al titular de la Fiscal\u00eda General del Estado de Quer\u00e9taro (FGEQ), Alejandro Echeverria Cornejo con el fin de se contin\u00fae con la debida integraci\u00f3n y perfeccionamiento de la carpeta de investigaci\u00f3n.<\/p>\n\n\n\n<p class=\"wp-block-paragraph\">Los hechos a los que se refiere la recomendaci\u00f3n se desprenden de una queja recibida por el organismo el 5 de marzo de 2019, Una de las v\u00edctimas, refiri\u00f3 que tras 15 a\u00f1os desparecida, su hija fue rescatada, junto con sus tres hijos, personas menores de edad, en el estado de Tlaxcala.<\/p>\n\n\n\n<p class=\"wp-block-paragraph\">Luego de la localizaci\u00f3n y rescate se interpuso una denuncia ante la FGR por los delitos de forzado y servil y por trabajo forzado,. A pesar de que se radic\u00f3 la carpeta de investigaci\u00f3n correspondiente, la fiscal\u00eda se declar\u00f3 incompetente para conocer del asunto, por lo que pidi\u00f3 que se formulara una ampliaci\u00f3n de declaraci\u00f3n.<\/p>\n\n\n\n<p class=\"wp-block-paragraph\">A trav\u00e9s de lo expuesto por la v\u00edctima, se pudo conocer que una semana antes de su rescate sufri\u00f3 una agresi\u00f3n sexual. Sin embargo, el personal de la FGR omiti\u00f3 realizar el examen especial de tipo ginecol\u00f3gico para detectar la existencia de lesiones de tipo sexual y, en su caso, brindar tratamiento m\u00e9dico, quir\u00fargico y la valoraci\u00f3n psicol\u00f3gica que establecen los protocolos aplicables.<\/p>\n\n\n\n<p class=\"wp-block-paragraph\">En esta omisi\u00f3n incurrieron tambi\u00e9n las personas servidoras p\u00fablicas de la PGJET y el personal de la FGEQ, cuando se les remiti\u00f3 la investigaci\u00f3n. La aplicaci\u00f3n de los ex\u00e1menes habr\u00eda permitido obtener elementos de prueba e indagar los actos de violencia sexual denunciados, pero al no llevarse a cabo, el personal incurri\u00f3 en una falta de debida diligencia.<\/p>\n\n\n\n<p class=\"wp-block-paragraph\">La CNDH encontr\u00f3 tambi\u00e9n que el personal de la PGJET incurri\u00f3 en varias dilaciones injustificadas y omisiones al no solicitar la entrega de los informes a la Polic\u00eda de Investigaci\u00f3n y pasar por alto los datos enviados por la FGR para generar diligencias con el objeto de agotar diversas l\u00edneas de investigaci\u00f3n, con lo que se vulner\u00f3 el derecho de justicia de la v\u00edctima.<\/p>\n\n\n\n<p class=\"wp-block-paragraph\">Tambi\u00e9n actuaron con dilaci\u00f3n en la ejecuci\u00f3n de diligencias solicitadas por el Ministerio P\u00fablico e incurrieron en tardanza, sin justificaci\u00f3n, en la entrega de los informes respectivos, y no dieron respuesta a las peticiones realizadas por la v\u00edctima, a trav\u00e9s de sus asesores jur\u00eddicos, respecto del estatus y desarrollo de su procedimiento.<\/p>\n\n\n\n<p class=\"wp-block-paragraph\">Adem\u00e1s, el personal ministerial de la PGJET expuso en una notificaci\u00f3n a la FGEQ, de forma expl\u00edcita y sin reserva, el nombre y la edad de las v\u00edctimas, omitiendo las claves que les fueron asignadas desde un inicio por personal ministerial de la FGR, por lo que pasaron por alto resguardar su identidad, vulnerando su derecho a la intimidad con relaci\u00f3n a la integridad y seguridad personal.<\/p>\n\n\n\n<p class=\"wp-block-paragraph\">Por todas las irregularidades detectadas, la CNDH solicit\u00f3 la colaboraci\u00f3n de los \u00d3rganos Internos de Control y la Contralor\u00eda correspondientes para dar seguimiento a las denuncias administrativas que presente en contra de las personas servidoras p\u00fablicas responsables.<\/p>\n\n\n\n<p class=\"wp-block-paragraph\">Recomend\u00f3 que se dise\u00f1en e impartan cursos de capacitaci\u00f3n dirigidos a las personas servidoras p\u00fablicas implicadas y a quienes laboren en las \u00e1reas en que se puede incurrir en omisiones y dilaciones como las ocurridas en este caso.<\/p>\n\n\n\n<p class=\"wp-block-paragraph\">La FGR deber\u00e1 incluir lo dispuesto en el \u201cProtocolo de Investigaci\u00f3n Ministerial, Policial y Pericial con Perspectiva de G\u00e9nero para la Violencia Sexual\u201d; mientras que el gobierno de Tlaxcala tendr\u00e1 que elaborar una circular para que personal de la PGJET realice e implemente todas las medidas y acciones necesarias para la protecci\u00f3n de la identidad de v\u00edctimas y probables v\u00edctimas de los delitos en materia de trata de personas.<\/p>\n","protected":false},"excerpt":{"rendered":"<p>El organismo encontr\u00f3 irregularidades en integraci\u00f3n de carpetas de investigaci\u00f3n y asistencia integral a las v\u00edctimas<\/p>\n","protected":false},"author":3,"featured_media":12953,"comment_status":"open","ping_status":"open","sticky":false,"template":"","format":"standard","meta":{"_monsterinsights_skip_tracking":false,"footnotes":""},"categories":[693,51],"tags":[],"class_list":["post-51062","post","type-post","status-publish","format-standard","has-post-thumbnail","category-693","category-ejecutivo"],"_links":{"self":[{"href":"https:\/\/redsemlac.com\/semmexico\/wp-json\/wp\/v2\/posts\/51062","targetHints":{"allow":["GET"]}}],"collection":[{"href":"https:\/\/redsemlac.com\/semmexico\/wp-json\/wp\/v2\/posts"}],"about":[{"href":"https:\/\/redsemlac.com\/semmexico\/wp-json\/wp\/v2\/types\/post"}],"author":[{"embeddable":true,"href":"https:\/\/redsemlac.com\/semmexico\/wp-json\/wp\/v2\/users\/3"}],"replies":[{"embeddable":true,"href":"https:\/\/redsemlac.com\/semmexico\/wp-json\/wp\/v2\/comments?post=51062"}],"version-history":[{"count":0,"href":"https:\/\/redsemlac.com\/semmexico\/wp-json\/wp\/v2\/posts\/51062\/revisions"}],"wp:featuredmedia":[{"embeddable":true,"href":"https:\/\/redsemlac.com\/semmexico\/wp-json\/wp\/v2\/media\/12953"}],"wp:attachment":[{"href":"https:\/\/redsemlac.com\/semmexico\/wp-json\/wp\/v2\/media?parent=51062"}],"wp:term":[{"taxonomy":"category","embeddable":true,"href":"https:\/\/redsemlac.com\/semmexico\/wp-json\/wp\/v2\/categories?post=51062"},{"taxonomy":"post_tag","embeddable":true,"href":"https:\/\/redsemlac.com\/semmexico\/wp-json\/wp\/v2\/tags?post=51062"}],"curies":[{"name":"wp","href":"https:\/\/api.w.org\/{rel}","templated":true}]}}