{"id":51053,"date":"2022-05-31T16:55:06","date_gmt":"2022-05-31T22:55:06","guid":{"rendered":"https:\/\/redsemlac.com\/semmexico\/?p=51053"},"modified":"2023-07-21T19:05:43","modified_gmt":"2023-07-22T00:05:43","slug":"congreso-de-guerreo-cuenta-con-120-dias-para-complementar-reforma-para-despenalizacion-de-aborto","status":"publish","type":"post","link":"https:\/\/redsemlac.com\/semmexico\/congreso-de-guerreo-cuenta-con-120-dias-para-complementar-reforma-para-despenalizacion-de-aborto\/","title":{"rendered":"Congreso de Guerreo cuenta con 120 d\u00edas para complementar reforma para despenalizaci\u00f3n de aborto"},"content":{"rendered":"\n<ul class=\"wp-block-list\"><li><strong>El siguiente paso es la reforma a la Ley Estatal de Salud, y homologarla con la norma 046.<\/strong><strong><\/strong><\/li><\/ul>\n\n\n\n<p class=\"wp-block-paragraph\"><br><strong>Josefina Aguilar Pastor&nbsp;<\/strong><\/p>\n\n\n\n<p class=\"wp-block-paragraph\">SemM\u00e9xico, Chilpancingo, Gro, 31 de mayo de 2022. \u2013El Congreso de Guerrero cuenta con 120 d\u00edas para reformar la Ley Estatal de Salud y complementar la reforma para la despenalizaci\u00f3n del aborto, representes de la sociedad civil y diputadas, ya trabajan en ello.&nbsp;<\/p>\n\n\n\n<p class=\"wp-block-paragraph\">Viridiana Guti\u00e9rrez Sotelo, representante del&nbsp;Observatorio Ciudadano de Violencia hacia las Mujeres de Guerrero&nbsp;(Obvio-Guerrero), comparti\u00f3, que luego de la reforma al C\u00f3digo Penal, aprobada el 17 de mayo pasado, con la que qued\u00f3 despenalizado el aborto hasta las 12 semanas, el siguiente paso es el avance del reconocimiento del derecho de las mujeres a decidir sobre su cuerpo, es la reforma a la Ley Estatal de Salud, y homologarla con la norma 046.&nbsp;<\/p>\n\n\n\n<p class=\"wp-block-paragraph\">De acuerdo con la publicaci\u00f3n, difundida en el Peri\u00f3dico Oficial del Estado de Guerrero, de la reforma del C\u00f3digo Penal, qued\u00f3 establecido tambi\u00e9n, que el Congreso local, cuenta con&nbsp;120 d\u00edas para realizar esta reforma a la Ley Estatal de Salud.&nbsp;<\/p>\n\n\n\n<p class=\"wp-block-paragraph\">Gutierrez Sotelo explic\u00f3 que con esta alianza que han establecido con diputados y diputadas locales, ya han comenzado a trabajar en propuestas sobre esta reforma. &nbsp;<\/p>\n\n\n\n<p class=\"wp-block-paragraph\">\u201cNosotras vamos a seguir trabajando en este sentido, porque los derechos humanos de las mujeres son progresivos\u201d, indic\u00f3 la activista.&nbsp;<\/p>\n\n\n\n<p class=\"wp-block-paragraph\">\u201cEsta alianza no la vamos a soltar, porque ha hemos hablado de la reforma a la ley de salud, estamos ya trabajando en ello para que el Congreso pueda cumplir con los 120 d\u00edas que le marca la normatividad\u201d, remarc\u00f3 Guti\u00e9rrez Sotelo.&nbsp;<\/p>\n\n\n\n<p class=\"wp-block-paragraph\">Al mismo tiempo dijo que la votaci\u00f3n con que fue aprobada la reforma del C\u00f3digo Penal, fue el reflejo tambi\u00e9n, de las diputadas y diputados que realmente, en los hechos, y no solo en el discurso, est\u00e1n a favor del avance de los derechos de las mujeres, y son con los que saben que contar\u00e1n para la aprobaci\u00f3n de la pr\u00f3xima reforma.&nbsp;<\/p>\n\n\n\n<h2 class=\"wp-block-heading\" id=\"las-propuestas\">Las propuestas&nbsp;<\/h2>\n\n\n\n<p class=\"wp-block-paragraph\">Entre las propuestas de trabajo a desarrollar para incluir en la reforma: est\u00e1n elaborar una gu\u00eda para interrupci\u00f3n legal del embarazo, un programa espec\u00edfico para ello, desde el \u00e1mbito m\u00e9dico y diferenciado para la atenci\u00f3n de v\u00edctimas, al considerar que no es lo mismo el caso de una mujer que decide libremente interrumpir su embarazo, que una v\u00edctima, para las menores de&nbsp;&nbsp;edad, las ind\u00edgenas.&nbsp;<\/p>\n\n\n\n<p class=\"wp-block-paragraph\">Advirti\u00f3 que como activistas, ya no est\u00e1n de dispuestas a dar cabida a los antiderechos, sobre las decisiones que las mujeres est\u00e1n tomando en este momento, no est\u00e1n dispuestas insisti\u00f3 en cederles m\u00e1s espacios para que sigan meti\u00e9ndose en la vida p\u00fablica del Estado \u2013no tienen por qu\u00e9 estarlo, concluy\u00f3-.&nbsp;<\/p>\n","protected":false},"excerpt":{"rendered":"<p>El siguiente paso es la reforma a la Ley Estatal de Salud, y homologarla con la norma 046.<\/p>\n","protected":false},"author":3,"featured_media":51054,"comment_status":"open","ping_status":"open","sticky":false,"template":"","format":"standard","meta":{"_monsterinsights_skip_tracking":false,"footnotes":""},"categories":[693,50],"tags":[],"class_list":["post-51053","post","type-post","status-publish","format-standard","has-post-thumbnail","category-693","category-congreso"],"_links":{"self":[{"href":"https:\/\/redsemlac.com\/semmexico\/wp-json\/wp\/v2\/posts\/51053","targetHints":{"allow":["GET"]}}],"collection":[{"href":"https:\/\/redsemlac.com\/semmexico\/wp-json\/wp\/v2\/posts"}],"about":[{"href":"https:\/\/redsemlac.com\/semmexico\/wp-json\/wp\/v2\/types\/post"}],"author":[{"embeddable":true,"href":"https:\/\/redsemlac.com\/semmexico\/wp-json\/wp\/v2\/users\/3"}],"replies":[{"embeddable":true,"href":"https:\/\/redsemlac.com\/semmexico\/wp-json\/wp\/v2\/comments?post=51053"}],"version-history":[{"count":0,"href":"https:\/\/redsemlac.com\/semmexico\/wp-json\/wp\/v2\/posts\/51053\/revisions"}],"wp:featuredmedia":[{"embeddable":true,"href":"https:\/\/redsemlac.com\/semmexico\/wp-json\/wp\/v2\/media\/51054"}],"wp:attachment":[{"href":"https:\/\/redsemlac.com\/semmexico\/wp-json\/wp\/v2\/media?parent=51053"}],"wp:term":[{"taxonomy":"category","embeddable":true,"href":"https:\/\/redsemlac.com\/semmexico\/wp-json\/wp\/v2\/categories?post=51053"},{"taxonomy":"post_tag","embeddable":true,"href":"https:\/\/redsemlac.com\/semmexico\/wp-json\/wp\/v2\/tags?post=51053"}],"curies":[{"name":"wp","href":"https:\/\/api.w.org\/{rel}","templated":true}]}}