{"id":51049,"date":"2022-05-31T16:35:50","date_gmt":"2022-05-31T22:35:50","guid":{"rendered":"https:\/\/redsemlac.com\/semmexico\/?p=51049"},"modified":"2023-07-21T19:05:43","modified_gmt":"2023-07-22T00:05:43","slug":"su-unico-error-enamorarse","status":"publish","type":"post","link":"https:\/\/redsemlac.com\/semmexico\/su-unico-error-enamorarse\/","title":{"rendered":"Su \u00fanico error: enamorarse"},"content":{"rendered":"\n<p class=\"wp-block-paragraph\"><strong>Ana Alicia Osorio&nbsp;<\/strong><strong><\/strong><\/p>\n\n\n\n<p class=\"wp-block-paragraph\">SemM\u00e9xico. Veracruz. 31 de mayo 2022.- \u00abSu \u00fanico error fue enamorarse\u00bb, repite una y otra vez Paula Le\u00f3n, la mam\u00e1 de Paloma, a m\u00e1s de un a\u00f1o de su feminicidio. Es su intento de encontrar una explicaci\u00f3n al asesinato de su hija a manos de su pareja, al perder a su hija por ser mujer.<\/p>\n\n\n\n<p class=\"wp-block-paragraph\">Para ella nada tiene l\u00f3gica a\u00fan. No la tiene el saber que la persona que dec\u00eda amar a su hija termin\u00f3 por asesinarla. No la tiene el haberla perdido. No la tiene cuando debe decirle adi\u00f3s, cuando solo ten\u00eda 20 a\u00f1os.&nbsp;<\/p>\n\n\n\n<p class=\"wp-block-paragraph\">A Paloma la recuerdan sonriente, con \u00e1nimos de vivir, con ganas de viajar a distintos lugares. Sonrientes como estuvo el d\u00eda de sus quince a\u00f1os, uno de los d\u00edas en que m\u00e1s feliz la vieron los vecinos de Acula donde viv\u00edan.&nbsp;<\/p>\n\n\n\n<p class=\"wp-block-paragraph\">Ella termin\u00f3 la secundaria en educaci\u00f3n abierta porque tuvo muchas dificultades para poder hacerlo ya que viv\u00eda con dislexia. Pero aun as\u00ed buscaba la forma de ayudar, de hacerse de dinero, de crecer.&nbsp;<\/p>\n\n\n\n<p class=\"wp-block-paragraph\">\u00abSu \u00fanico error fue enamorarse de la persona equivocada, fue una persona muy mimada, trat\u00e1bamos de darle todo, yo como mam\u00e1 siempre estuve ah\u00ed, siempre estuve cuando ten\u00eda que estar\u00bb, repite Paula.&nbsp;<\/p>\n\n\n\n<p class=\"wp-block-paragraph\">No supo c\u00f3mo conoci\u00f3 a su pareja, Aldo. Pudo ser en las carreras de caballos que a Paloma tanto le gustaban y a las que siempre acompa\u00f1aba a su pap\u00e1 o pudo ser en redes sociales.<\/p>\n\n\n\n<p class=\"wp-block-paragraph\">Se los present\u00f3, empezaron a salir y seis meses despu\u00e9s se fueron a vivir juntos a Santiago Tuxtla. All\u00e1, ella vend\u00eda y a veces regresaba a ayudarles con la tienda que ten\u00eda la familia.&nbsp;<\/p>\n\n\n\n<p class=\"wp-block-paragraph\">Lo que s\u00ed escuch\u00f3 Paula, fue que su hija viv\u00eda violencia, pues continuamente sab\u00eda de infidelidades de parte de su pareja, esas que la Ley de Acceso a las Mujeres a una Vida Libre de Violencia considera violencia psicol\u00f3gica.<\/p>\n\n\n\n<p class=\"wp-block-paragraph\">Tambi\u00e9n estaba enterada de que Paloma no se fue a Canc\u00fan, como su pap\u00e1 le propuso cuando toda la familia se mud\u00f3 unos meses, porque su pareja la celaba, otra forma de violencia psicol\u00f3gica.<\/p>\n\n\n\n<p class=\"wp-block-paragraph\">Que cuando tuvo un aborto espont\u00e1neo, solo fue llevada a un m\u00e9dico de farmacia y \u00e9l no quiso pagar un especialista.<\/p>\n\n\n\n<p class=\"wp-block-paragraph\">\u00abDe un a\u00f1o para ac\u00e1 ya \u00e9l (Aldo, la pareja de Paloma) se hizo irresponsable, ya empezamos a notar que se drogaba, nosotros, pero mi hija nunca quiso aceptarlo\u00bb, subray\u00f3 Paula.<\/p>\n\n\n\n<p class=\"wp-block-paragraph\">Por eso intent\u00f3 retirarle el apoyo. Dejar de darle dinero y mostrarle que con su familia estar\u00eda mejor, pero sab\u00eda -consciente de c\u00f3mo funciona la violencia de g\u00e9nero- que la pareja de Paloma pod\u00eda generar presi\u00f3n para alejarla de sus redes de apoyo.&nbsp;<\/p>\n\n\n\n<p class=\"wp-block-paragraph\">\u00abYo no quer\u00eda que me alejara de ella y por eso a veces la apoyaba porque digo si yo me pongo mal con \u00e9l y le digo lo que yo siento, siento que me la va a alejar porque ese dominio tienen a veces los hombres, no, t\u00fa no vas a casa de tu mam\u00e1 y no vas, entonces mi miedo era que me la alejara y me la quitara, de una manera u otra sucedi\u00f3 y fue peor\u00bb, cont\u00f3.&nbsp;<\/p>\n\n\n\n<p class=\"wp-block-paragraph\">Unos d\u00edas antes del feminicidio de su hija, ella lleg\u00f3 a su casa, le pidi\u00f3 ayuda y le dijo que se quer\u00eda separar e irse a Ciudad Ju\u00e1rez donde viven sus t\u00edos, pero se esperar\u00eda al cumplea\u00f1os de su hermana. Sin embargo, la convenci\u00f3 de volver. El ciclo de la violencia de tensi\u00f3n, agresi\u00f3n y perd\u00f3n se repiti\u00f3.&nbsp;<\/p>\n\n\n\n<p class=\"wp-block-paragraph\">La madrugada de aquel 7 de febrero de 2021, Paula recibi\u00f3 la visita de quien era la suegra de su hija para preguntarle por Paloma, que supuestamente le hab\u00eda llamado para decirle que Aldo hab\u00eda tenido un accidente. Unas horas despu\u00e9s, cuando por fin pudo actuar, se fue a la que era la casa de su hija sin saber que ya no la encontrar\u00eda con vida.&nbsp;<\/p>\n\n\n\n<p class=\"wp-block-paragraph\">\u00abNos fuimos a Santiago, cuando entramos donde ella viv\u00eda, llegu\u00e9 a la casa y atr\u00e1s llegaron la mam\u00e1 y el hombre ese pate\u00f3 un tonel de agua y me llen\u00f3 de agua, andaba desesperado y su mam\u00e1 le dijo &#8216;c\u00e1lmate Aldo, c\u00e1lmate&#8217; pero \u00e9l no me contest\u00f3 nada, la que me contest\u00f3 fue la mam\u00e1 que dijo que no la encontraban (a Paloma)\u00bb, cont\u00f3.&nbsp;<\/p>\n\n\n\n<p class=\"wp-block-paragraph\">El rancho donde viv\u00eda estaba alejado y solo hab\u00eda un par de casas, por lo que la b\u00fasqueda no fue extensa. En cuanto lleg\u00f3 la polic\u00eda Aldo comenz\u00f3 las contradicciones y cuando iban a poner la denuncia oficial lleg\u00f3 el primer indicio: una chancla votada en un terreno, lo que llev\u00f3 a dar con el cuerpo.&nbsp;<\/p>\n\n\n\n<p class=\"wp-block-paragraph\">\u00abNos para un hombre que ven\u00eda saliendo del ca\u00f1al y me dice &#8216;est\u00e1 una chancla ah\u00ed&#8217;, nos bajamos y dije no toquen, no toquen, vamos a hablarle a la polic\u00eda, antes de que llegara la polic\u00eda, llegaron \u00e9l (Aldo) y su mam\u00e1, antes de que llegara la polic\u00eda, ellos llegaron al lugar y entonces la polic\u00eda empezaron a buscar, \u00e9l lleg\u00f3, no s\u00e9 qu\u00e9 cosa le dije, pate\u00f3 otra vez, se dio la vuelta y fue a dar a donde estaba el charco de sangre, algo me hizo &#8216;m\u00edralo&#8217; ,yo lo mir\u00e9 su forma de caminar, donde fue, dirigido a donde estaba el charco de sangre, se qued\u00f3 impactado, todos corrimos a donde estaba, yo me puse mal porque pens\u00e9 lo peor\u00bb, cont\u00f3.&nbsp;<\/p>\n\n\n\n<p class=\"wp-block-paragraph\">As\u00ed fue como la encontr\u00f3. As\u00ed fue como Paula encontr\u00f3 a su hija, v\u00edctima de feminicidio. As\u00ed fue como vio a los ojos a quien est\u00e1 segura es su feminicida.&nbsp;\u00abCuando encontraron el cuerpo lo detuvieron a \u00e9l, se puso agresivo, pero como ellos (la polic\u00eda) dec\u00edan que no le cuadraba ten\u00edan que detenerlo\u00bb, narr\u00f3.&nbsp;<\/p>\n\n\n\n<p class=\"wp-block-paragraph\">\u00abYo le pido mucho a Dios porque hasta que yo no oiga que lo declaran culpable, mi alma y mi mente no va a descansar, como le dije a la ministerial, si \u00e9l no fue, tiene que haber alguien pero tienen que seguir, seguir con ese proceso, no nada m\u00e1s se va a quedar as\u00ed, \u00e9l no fue, lo van a sacar y ya no hubo nadie\u00bb, asegur\u00f3 Paula.&nbsp;<\/p>\n","protected":false},"excerpt":{"rendered":"<p>\u00abSu \u00fanico error fue enamorarse\u00bb, repite una y otra vez Paula Le\u00f3n, la mam\u00e1 de Paloma, a m\u00e1s de un a\u00f1o de su feminicidio.<\/p>\n","protected":false},"author":3,"featured_media":39257,"comment_status":"open","ping_status":"open","sticky":false,"template":"","format":"standard","meta":{"_monsterinsights_skip_tracking":false,"footnotes":""},"categories":[693,54],"tags":[],"class_list":["post-51049","post","type-post","status-publish","format-standard","has-post-thumbnail","category-693","category-mujeres"],"_links":{"self":[{"href":"https:\/\/redsemlac.com\/semmexico\/wp-json\/wp\/v2\/posts\/51049","targetHints":{"allow":["GET"]}}],"collection":[{"href":"https:\/\/redsemlac.com\/semmexico\/wp-json\/wp\/v2\/posts"}],"about":[{"href":"https:\/\/redsemlac.com\/semmexico\/wp-json\/wp\/v2\/types\/post"}],"author":[{"embeddable":true,"href":"https:\/\/redsemlac.com\/semmexico\/wp-json\/wp\/v2\/users\/3"}],"replies":[{"embeddable":true,"href":"https:\/\/redsemlac.com\/semmexico\/wp-json\/wp\/v2\/comments?post=51049"}],"version-history":[{"count":0,"href":"https:\/\/redsemlac.com\/semmexico\/wp-json\/wp\/v2\/posts\/51049\/revisions"}],"wp:featuredmedia":[{"embeddable":true,"href":"https:\/\/redsemlac.com\/semmexico\/wp-json\/wp\/v2\/media\/39257"}],"wp:attachment":[{"href":"https:\/\/redsemlac.com\/semmexico\/wp-json\/wp\/v2\/media?parent=51049"}],"wp:term":[{"taxonomy":"category","embeddable":true,"href":"https:\/\/redsemlac.com\/semmexico\/wp-json\/wp\/v2\/categories?post=51049"},{"taxonomy":"post_tag","embeddable":true,"href":"https:\/\/redsemlac.com\/semmexico\/wp-json\/wp\/v2\/tags?post=51049"}],"curies":[{"name":"wp","href":"https:\/\/api.w.org\/{rel}","templated":true}]}}