{"id":51035,"date":"2022-05-31T12:48:37","date_gmt":"2022-05-31T18:48:37","guid":{"rendered":"https:\/\/redsemlac.com\/semmexico\/?p=51035"},"modified":"2023-07-21T19:05:43","modified_gmt":"2023-07-22T00:05:43","slug":"colectivo-501-exige-que-fiscalia-en-general-de-puebla-investigue-como-feminicidio-crimen-contra-sandra-elizabeth","status":"publish","type":"post","link":"https:\/\/redsemlac.com\/semmexico\/colectivo-501-exige-que-fiscalia-en-general-de-puebla-investigue-como-feminicidio-crimen-contra-sandra-elizabeth\/","title":{"rendered":"Colectivo 50+1 exige que Fiscal\u00eda en General de Puebla Investigue como feminicidio crimen contra Sandra Elizabeth"},"content":{"rendered":"\n<ul class=\"wp-block-list\"><li><strong>Detienen a ocho por feminicidio de Sandra Elizabeth, asegur\u00f3 el gobernador<\/strong><\/li><\/ul>\n\n\n\n<ul class=\"wp-block-list\"><li><strong>M\u00e1s de un mes tard\u00f3 su hallazgo y circulan versiones de que es una banda que exigi\u00f3 dinero y de todas maneras la asesin\u00f3 en Puebla<a href=\"https:\/\/api.whatsapp.com\/send?text=Colectivo+50%2B1+exige+que+FGE+investigue+como+feminicidio+crimen+vs+Sandra+Elizabeth%20%0A%0A%20https:\/\/www.lajornadadeoriente.com.mx\/puebla\/colectivo-501-exige-que-fge-investigue-como-feminicidio-crimen-vs-sandra-elizabeth\/\"><\/a><\/strong><\/li><\/ul>\n\n\n\n<p class=\"wp-block-paragraph\"><strong>Redacci\u00f3n<\/strong><\/p>\n\n\n\n<p class=\"wp-block-paragraph\">SemM\u00e9xico. Puebla. 31 de mayo 2022.- El Colectivo 50+1 Puebla exigi\u00f3 que la Fiscal\u00eda General del Estado (FGE) de Puebla investigue como feminicidio el crimen contra Sandra Elizabeth P\u00e9rez Portillo, luego que apareci\u00f3 muerta y haber estado desaparecida un mes.<\/p>\n\n\n\n<p class=\"wp-block-paragraph\">La organizaci\u00f3n que difundi\u00f3 un comunicado sobre este hecho reiter\u00f3 que esa Fiscal\u00eda tampoco se ha conducido con diligencia, para conocer resultados del asesinato a la abogada Cecilia Monz\u00f3na.<\/p>\n\n\n\n<p class=\"wp-block-paragraph\">Las integrantes del Colectivo 50+1 Puebla se\u00f1alaron que lamentan los hechos en la entidad Puebla y alzaron en\u00e9rgicamente su voz para condenar el feminicidio de la doctora Sandra Elizabeth P\u00e9rez Portillo, quien fuera desaparecida el 27 de abril pasado en las calles de Chachapa y encontrada muerta en una cisterna en la localidad de Amozoc, Puebla.<\/p>\n\n\n\n<p class=\"wp-block-paragraph\">Hicieron \u00e9nfasis en que se vislumbra un&nbsp;<em>modus operandi<\/em>&nbsp;de hacer aparecer a las mujeres arteramente asesinadas en cisternas como en el caso de Debanhi\u201d (Escobar).<\/p>\n\n\n\n<p class=\"wp-block-paragraph\">\u201cExigimos a la Fiscal\u00eda General del Estado, al se\u00f1or gobernador, la debida&nbsp;investigaci\u00f3n como feminicidio y a los medios de comunicaci\u00f3n la correcta difusi\u00f3n con \u201cperspectiva de g\u00e9nero sin revictimizaci\u00f3n.<\/p>\n\n\n\n<p class=\"wp-block-paragraph\">\u201cEn menos de una semana tenemos en Puebla la muerte violenta de otra mujer, y esto no puede seguir as\u00ed, Sr. Gobernador Luis Miguel Barbosa Huerta. \u00a1Exigimos justicia para Sandra! #JusticiaParaSandra #UnidasSomosMasFuertes\u201d.<\/p>\n\n\n\n<h2 class=\"wp-block-heading\" id=\"antecedentes\"><strong>Antecedentes<\/strong><\/h2>\n\n\n\n<p class=\"wp-block-paragraph\">El s\u00e1bado pasado, en el mismo municipio en el que fue secuestrada, un mes despu\u00e9s, fue hallada sin vida Sandra Elizabeth P\u00e9rez Portillo, de 32 a\u00f1os de edad, y madre de familia originaria de Amozoc, por la que sus secuestradores, de los cuales ocho ya est\u00e1n detenidos, ped\u00edan un rescate de 50 mil pesos.<\/p>\n\n\n\n<p class=\"wp-block-paragraph\">Sandra fue privada de su libertad el pasado 27 de abril, cuando regresaba alrededor de las 11 de la noche a su casa, ubicada en la colonia Singoret, de la junta auxiliar de Chachapa, del mencionado municipio, despu\u00e9s de cumplir su jornada laboral en una proveedora de Audi, cuando un hombre la intercept\u00f3 y subi\u00f3 a un autom\u00f3vil.<\/p>\n\n\n\n<p class=\"wp-block-paragraph\">C\u00e1maras de seguridad de la calle captaron que la mujer fue subida a un veh\u00edculo azul de la marca Peugeot, despu\u00e9s no se supo m\u00e1s de ella.<\/p>\n\n\n\n<p class=\"wp-block-paragraph\">Una vez que supieron de la desaparici\u00f3n de la joven vecinos acompa\u00f1ados por las autoridades municipales iniciaron brigadas de b\u00fasqueda y acudieron a terrenos bald\u00edos, as\u00ed como a barrancas; unos d\u00edas despu\u00e9s denunciaron que las instancias gubernamentales les hab\u00edan retirado las herramientas necesarias y recursos para continuar la b\u00fasqueda.<\/p>\n\n\n\n<p class=\"wp-block-paragraph\">Tras la confirmaci\u00f3n de su muerte, la tarde de este s\u00e1bado pasado, decenas de mujeres, familiares y amigos de la v\u00edctima se manifestaron por varias calles del municipio en exigencia por justicia para Sandra, quien<\/p>\n\n\n\n<div class=\"wp-block-image\"><figure class=\"alignleft size-full is-resized\"><a href=\"https:\/\/redsemlac.com\/semmexico\/wp-content\/uploads\/2022\/05\/Imagen5-1.jpg\"><img loading=\"lazy\" decoding=\"async\" src=\"https:\/\/redsemlac.com\/semmexico\/wp-content\/uploads\/2022\/05\/Imagen5-1.jpg\" alt=\"\" class=\"wp-image-51037\" width=\"217\" height=\"395\"\/><\/a><figcaption>foto: captura de pantalla\/ Twitter<\/figcaption><\/figure><\/div>\n\n\n\n<p class=\"wp-block-paragraph\">Al llegar a la Presidencia Municipal colocaron fotograf\u00edas de la joven y veladoras, y pidieron el esclarecimiento de su secuestro y asesinato.<\/p>\n\n\n\n<p class=\"wp-block-paragraph\">Desde el pasado 4 de mayo, la Fiscal\u00eda General de Justicia de Puebla inform\u00f3 que hab\u00eda siete personas detenidas que presuntamente formar\u00edan parte de una banda de secuestradores, pero desde entonces ya no se volvi\u00f3 a saber de ellos y se desconoce si a\u00fan contin\u00faan presos.<\/p>\n\n\n\n<p class=\"wp-block-paragraph\">Anoche el gobernador Miguel Barbosa&nbsp;asegur\u00f3 que&nbsp;suman ocho personas detenidas y responsables por el presunto feminicidio de Sandra Elizabeth, tas m\u00e1s de un mes desde que fue secuestrada.<\/p>\n\n\n\n<p class=\"wp-block-paragraph\">El\u00a0jefe del Ejecutivo estatal expres\u00f3 sus condolencias a los padres y familiares de Sandra Elizabeth por el lamentable fallecimiento de la joven y se comprometi\u00f3 en que la Fiscal\u00eda General del Estado (FGE) esclarecer\u00e1 el caso, adem\u00e1s\u00a0adelant\u00f3 que hay muchas pruebas e indicios sobre el secuestro y homicidio de la joven.<\/p>\n\n\n\n<p class=\"wp-block-paragraph\">Desde el 4 de mayo pasado, se habl\u00f3 de siete personas aprendidas. El gobierno dice que son ocho. De acuerdo, con el reporte de las autoridades, una vez que Sandra fue privada de su libertad, las personas detenidas, contactaron&nbsp;con los familiares para exigir la suma de 50 mil pesos&nbsp;por su liberaci\u00f3n y amenazaron con causarle da\u00f1o a la joven.<\/p>\n\n\n\n<p class=\"wp-block-paragraph\">La Fiscal\u00eda Especializada en Investigaci\u00f3n de Secuestro y Extorsi\u00f3n dio seguimiento al caso y el 29 de abril las personas detenidas&nbsp;aceptaron un primer pago por 10 mil pesos&nbsp;a entregar en la colonia 18 de marzo de la ciudad de Puebla.<\/p>\n\n\n\n<div class=\"wp-block-image\"><figure class=\"aligncenter size-full\"><a href=\"https:\/\/redsemlac.com\/semmexico\/wp-content\/uploads\/2022\/05\/Imagen4-1.jpg\"><img loading=\"lazy\" decoding=\"async\" width=\"544\" height=\"270\" src=\"https:\/\/redsemlac.com\/semmexico\/wp-content\/uploads\/2022\/05\/Imagen4-1.jpg\" alt=\"\" class=\"wp-image-51038\"\/><\/a><figcaption><img loading=\"lazy\" decoding=\"async\" width=\"545\" height=\"270\" src=\"\" alt=\"Detuvieron a 7 personas implicadas en el caso (Foto: FGE Puebla)\"><\/figcaption><\/figure><\/div>\n\n\n\n<p class=\"wp-block-paragraph\">A trav\u00e9s de un operativo, los agentes investigadores lograron la captura de tres de los presuntos responsables. Pero, la familia continu\u00f3 recibiendo llamadas de exigencia econ\u00f3mica. Por lo que se concert\u00f3 otro pago de 10 mil en el Fraccionamiento La Guadalupana, donde elementos de la Fiscal\u00eda dieron con el resto de las personas.<\/p>\n\n\n\n<p class=\"wp-block-paragraph\">Los detenidos fueron identificados como&nbsp;\u00c1ngeles N. de 28 a\u00f1os de edad, Gustavo \u00c1ngel N. de 24 a\u00f1os y su hermano Alexis Jonathan N. de 25 a\u00f1os, Ra\u00fal N. de 33 a\u00f1os, Ver\u00f3nica N. de 33 a\u00f1os, Adri\u00e1n N. de 37 a\u00f1os y Alejandro N. de 31 a\u00f1os; pero&nbsp;el caso no progres\u00f3 y los familiares de la mujer lideraron marchas para exigir que las autoridades continuaran con los operativos de b\u00fasqueda.<\/p>\n\n\n\n<p class=\"wp-block-paragraph\">Ante estos hechos, el gobernador de Puebla,&nbsp;Miguel Barbosa Huerta, el mismo viernes 27 pidi\u00f3 a los padres&nbsp;tener fe de que su hija ser\u00eda encontrada con vida&nbsp;pues continuaban con las acciones de b\u00fasqueda.<\/p>\n\n\n\n<p class=\"wp-block-paragraph\">\u201cTenemos que llegar a fondo yo le dir\u00eda a los pap\u00e1s de esta joven, que mantengan la fe en que pueda estar con vida, que la estamos buscando\u201d. Pero tambi\u00e9n dio a conocer que el grupo de presuntos secuestradores estaba&nbsp;liderado por un hombre de nacionalidad colombiana.<\/p>\n\n\n\n<p class=\"wp-block-paragraph\">A pesar de la confirmaci\u00f3n de la familia, la Fiscal\u00eda General del Estado de Puebla (FGE) no ha emitido informaci\u00f3n&nbsp; concreta &nbsp;al respecto. Hasta que ayer lo inform\u00f3 el gobernador.<\/p>\n","protected":false},"excerpt":{"rendered":"<p>M\u00e1s de un mes tard\u00f3 su hallazgo y circulan versiones de que es una banda que exigi\u00f3 dinero y de todas maneras la asesin\u00f3 en Puebla<\/p>\n","protected":false},"author":3,"featured_media":51039,"comment_status":"open","ping_status":"open","sticky":false,"template":"","format":"standard","meta":{"_monsterinsights_skip_tracking":false,"footnotes":""},"categories":[693,47,48],"tags":[],"class_list":["post-51035","post","type-post","status-publish","format-standard","has-post-thumbnail","category-693","category-no-mas-impunidad","category-no-mas-impunidad-no-mas-impunidad"],"_links":{"self":[{"href":"https:\/\/redsemlac.com\/semmexico\/wp-json\/wp\/v2\/posts\/51035","targetHints":{"allow":["GET"]}}],"collection":[{"href":"https:\/\/redsemlac.com\/semmexico\/wp-json\/wp\/v2\/posts"}],"about":[{"href":"https:\/\/redsemlac.com\/semmexico\/wp-json\/wp\/v2\/types\/post"}],"author":[{"embeddable":true,"href":"https:\/\/redsemlac.com\/semmexico\/wp-json\/wp\/v2\/users\/3"}],"replies":[{"embeddable":true,"href":"https:\/\/redsemlac.com\/semmexico\/wp-json\/wp\/v2\/comments?post=51035"}],"version-history":[{"count":0,"href":"https:\/\/redsemlac.com\/semmexico\/wp-json\/wp\/v2\/posts\/51035\/revisions"}],"wp:featuredmedia":[{"embeddable":true,"href":"https:\/\/redsemlac.com\/semmexico\/wp-json\/wp\/v2\/media\/51039"}],"wp:attachment":[{"href":"https:\/\/redsemlac.com\/semmexico\/wp-json\/wp\/v2\/media?parent=51035"}],"wp:term":[{"taxonomy":"category","embeddable":true,"href":"https:\/\/redsemlac.com\/semmexico\/wp-json\/wp\/v2\/categories?post=51035"},{"taxonomy":"post_tag","embeddable":true,"href":"https:\/\/redsemlac.com\/semmexico\/wp-json\/wp\/v2\/tags?post=51035"}],"curies":[{"name":"wp","href":"https:\/\/api.w.org\/{rel}","templated":true}]}}