{"id":51030,"date":"2022-05-31T12:06:01","date_gmt":"2022-05-31T18:06:01","guid":{"rendered":"https:\/\/redsemlac.com\/semmexico\/?p=51030"},"modified":"2023-07-21T19:05:43","modified_gmt":"2023-07-22T00:05:43","slug":"invalida-corte-proteccion-de-la-vida-desde-la-concepcion","status":"publish","type":"post","link":"https:\/\/redsemlac.com\/semmexico\/invalida-corte-proteccion-de-la-vida-desde-la-concepcion\/","title":{"rendered":"Invalida Corte \u201cprotecci\u00f3n de la vida desde la concepci\u00f3n\u201d\u00a0"},"content":{"rendered":"\n<p class=\"wp-block-paragraph\"><strong>&nbsp;Alba Valdez&nbsp;<\/strong><strong><\/strong><\/p>\n\n\n\n<p class=\"wp-block-paragraph\">SemM\u00e9xico\/Testigo P\u00farpura, Veracruz, 31 de mayo.- Con 10 votos un\u00e1nimes la Suprema Corte de Justicia de la Naci\u00f3n (SCJN)&nbsp;determin\u00f3 la invalidaci\u00f3n del Art\u00edculo 4\u00b0 de la Constituci\u00f3n Pol\u00edtica de Veracruz, el cual violaba los derechos&nbsp; reproductivos de las mujeres \u201cprotegiendo&nbsp; la vida desde la concepci\u00f3n\u201d.&nbsp;<\/p>\n\n\n\n<p class=\"wp-block-paragraph\">Este Art\u00edculo se hab\u00eda adicionado en 2016, por una propuesta enviada por el ex mandatario estatal, Javier Duarte de Ochoa, y que las y los legisladores del Congreso veracruzano hab\u00edan aprobado, y que minimizaba los derechos sexuales, as\u00ed como reproductivos de las mujeres que caus\u00f3 controversias, el cual fue defendido, en su mayor\u00eda, por grupos conservadores como la iglesia.&nbsp;<\/p>\n\n\n\n<p class=\"wp-block-paragraph\">Por ello, la Comisi\u00f3n Nacional de Derechos Humanos (CNDH) promovi\u00f3 una acci\u00f3n de inconstitucionalidad&nbsp; 85\/2016, que fue votada por las ministras y ministros de la SCJN, quienes argumentaron que los estados no tienen facultades para realizar est\u00e1s reformas.<\/p>\n\n\n\n<p class=\"wp-block-paragraph\">Y, si est\u00e1n presentes dichas reformas en los estados no pueden ser usadas para prohibir el aborto o restringir su acceso y que ning\u00fan derecho humano es absoluto.<\/p>\n\n\n\n<p class=\"wp-block-paragraph\">La SCJN a\u00f1adi\u00f3 que existe la protecci\u00f3n constitucional a los derechos reproductivos, incluido el aborto. Como ya se ha mencionado anteriormente, dichas reformas m\u00e1s que un efecto legal tienen un efecto simb\u00f3lico, pol\u00edtico y social que han vulnerado los derechos reproductivos de mujeres y personas gestantes.<\/p>\n\n\n\n<p class=\"wp-block-paragraph\">Esta invalidaci\u00f3n precisa a las entidades, donde ya est\u00e1n presentes, que deben reformar su Constituci\u00f3n o no utilizar esa reforma para obstaculizar el acceso al aborto y&nbsp;para el resto de los estados que no hagan est\u00e1s reformas.<\/p>\n\n\n\n<h2 class=\"wp-block-heading\" id=\"veracruz-y-el-aborto\"><strong>Veracruz y el aborto<\/strong><\/h2>\n\n\n\n<p class=\"wp-block-paragraph\"><strong>Esta decisi\u00f3n de la Corte se sum\u00f3 a la decisi\u00f3n del Congreso local, en julio de 2022, cuando Veracruz se convirti\u00f3 en la cuarta entidad del pa\u00eds en permitir el aborto legal hasta antes de las 12 semanas, tras la aprobaci\u00f3n del Congreso del Estado.&nbsp;<\/strong><\/p>\n\n\n\n<p class=\"wp-block-paragraph\">Con 25 votos a favor, 13 en contra y una abstenci\u00f3n se ampliaron las causales de aborto legal, desde entonces se permite&nbsp; -julio 2022- &nbsp;<strong>interrumpir el embarazo hasta las 12 semanas, por la causal salud de la mujer y sin l\u00edmite del tiempo en caso de violaci\u00f3n. A eso se le suma por malformaci\u00f3n del producto que ya estaba contemplada<\/strong>.&nbsp;<\/p>\n\n\n\n<p class=\"wp-block-paragraph\">Adem\u00e1s, en los casos que se encuentren fuera del tiempo se impondr\u00e1 15 d\u00edas a dos meses de tratamiento en libertad con respeto a los derechos humanos.&nbsp; Otro punto que se contempla es el aborto forzado y que solo se sancionar\u00e1 cuando sea concretado, es decir no existir\u00e1 la tentativa.&nbsp;<\/p>\n\n\n\n<p class=\"wp-block-paragraph\">La entonces diputada, M\u00f3nica Robles Barajas, fue quien present\u00f3 la iniciativa. Esta tuvo que ver con otra decisi\u00f3n de la SCJN que mandat\u00f3 dentro de la declaraci\u00f3n de Alerta de Violencia de G\u00e9nero contra las Mujeres AVGM, tras varios intentos de poner en marcha la ILE.<\/p>\n\n\n\n<p class=\"wp-block-paragraph\">Ahora, es la Suprema Corte de Justicia de la Naci\u00f3n, para hacer congruente la liberaci\u00f3n del aborto, acord\u00f3 invalidar el art\u00edculo 4\u00ba. De la Constituci\u00f3n que daba ciudadan\u00eda al feto: la decisi\u00f3n de la SCJN se sum\u00f3 a los acuerdos de la Corte Interamericana de Derechos Humanos, que ten\u00eda una queja de las veracruzanas, cinco a\u00f1os antes.<\/p>\n\n\n\n<p class=\"wp-block-paragraph\">Entre los aspectos que se tomaron en cuenta es que entre 2017 y 2019 en la entidad hubo 21 mil 287 nacimientos de ni\u00f1as y adolescentes menores de 19 a\u00f1os. Ello coloca a la entidad como el segundo lugar a nivel nacional, hechos ligados al abuso sexual de menores, como sucede en el pa\u00eds.&nbsp;<\/p>\n\n\n\n<p class=\"wp-block-paragraph\">En Veracruz, en 2018 se registraron 38 muertes maternas, ello, lo coloc\u00f3 como el tercer lugar a nivel nacional en decesos relacionados con esta causa.&nbsp;<\/p>\n\n\n\n<p class=\"wp-block-paragraph\">Finalmente, el Consejo Nacional de Poblaci\u00f3n estima que por la pandemia la insatisfacci\u00f3n de los m\u00e9todos anticonceptivos increment\u00f3 un 20 por ciento entre 2020 y 2021, aumentando los embarazos no deseados.&nbsp;<\/p>\n","protected":false},"excerpt":{"rendered":"<p>Con 10 votos un\u00e1nimes la Suprema Corte de Justicia de la Naci\u00f3n (SCJN)\u00a0determin\u00f3 la invalidaci\u00f3n del Art\u00edculo 4\u00b0 de la Constituci\u00f3n Pol\u00edtica de Veracruz, el cual violaba los derechos\u00a0 reproductivos de las mujeres \u201cprotegiendo\u00a0 la vida desde la concepci\u00f3n\u201d.\u00a0<\/p>\n","protected":false},"author":3,"featured_media":51031,"comment_status":"open","ping_status":"open","sticky":false,"template":"","format":"standard","meta":{"_monsterinsights_skip_tracking":false,"footnotes":""},"categories":[693,51],"tags":[],"class_list":["post-51030","post","type-post","status-publish","format-standard","has-post-thumbnail","category-693","category-ejecutivo"],"_links":{"self":[{"href":"https:\/\/redsemlac.com\/semmexico\/wp-json\/wp\/v2\/posts\/51030","targetHints":{"allow":["GET"]}}],"collection":[{"href":"https:\/\/redsemlac.com\/semmexico\/wp-json\/wp\/v2\/posts"}],"about":[{"href":"https:\/\/redsemlac.com\/semmexico\/wp-json\/wp\/v2\/types\/post"}],"author":[{"embeddable":true,"href":"https:\/\/redsemlac.com\/semmexico\/wp-json\/wp\/v2\/users\/3"}],"replies":[{"embeddable":true,"href":"https:\/\/redsemlac.com\/semmexico\/wp-json\/wp\/v2\/comments?post=51030"}],"version-history":[{"count":0,"href":"https:\/\/redsemlac.com\/semmexico\/wp-json\/wp\/v2\/posts\/51030\/revisions"}],"wp:featuredmedia":[{"embeddable":true,"href":"https:\/\/redsemlac.com\/semmexico\/wp-json\/wp\/v2\/media\/51031"}],"wp:attachment":[{"href":"https:\/\/redsemlac.com\/semmexico\/wp-json\/wp\/v2\/media?parent=51030"}],"wp:term":[{"taxonomy":"category","embeddable":true,"href":"https:\/\/redsemlac.com\/semmexico\/wp-json\/wp\/v2\/categories?post=51030"},{"taxonomy":"post_tag","embeddable":true,"href":"https:\/\/redsemlac.com\/semmexico\/wp-json\/wp\/v2\/tags?post=51030"}],"curies":[{"name":"wp","href":"https:\/\/api.w.org\/{rel}","templated":true}]}}