{"id":51014,"date":"2022-05-31T11:03:41","date_gmt":"2022-05-31T17:03:41","guid":{"rendered":"https:\/\/redsemlac.com\/semmexico\/?p=51014"},"modified":"2023-07-21T19:05:44","modified_gmt":"2023-07-22T00:05:44","slug":"fotogaleria-justiciaparasol-4-anos-de-impunidad-4-anos-de-mentiras","status":"publish","type":"post","link":"https:\/\/redsemlac.com\/semmexico\/fotogaleria-justiciaparasol-4-anos-de-impunidad-4-anos-de-mentiras\/","title":{"rendered":"Fotogaler\u00eda| #JusticiaParaSol:  4 a\u00f1os de impunidad, 4 a\u00f1os de mentiras"},"content":{"rendered":"\n<p class=\"wp-block-paragraph\">SemM\u00e9xico. Oaxaca. 31 de mayo 2022.- 4 a\u00f1os del artero asesinato de la fotoperiodista Ma. del Sol Cruz Jarqu\u00edn. 4 a\u00f1os de impunidad. 4 a\u00f1os de mentiras, investigaci\u00f3n ama\u00f1ada.<\/p>\n\n\n\n<p class=\"wp-block-paragraph\"> Responsables 6 funcionarios sobre los que ya hay una investigaci\u00f3n; juicio pol\u00edtico al Gobernador de Oaxaca, Alejandro Murat Hinojoza por encubrimiento. 4 a\u00f1os de angustia. A Soledad Jarqu\u00edn Edgar, periodista, se le rompi\u00f3 la vida, su plan de vida, pero sobre todo se le dehizo el pa\u00eds, el que cre\u00eda que iba a cambiar, pero no. Ma. del Sol asesinada en el proceso electoral de 2018, v\u00edctima de un crimen de odio entre gente de intereses econ\u00f3micos y pol\u00edticos que mandaron matar a Pamela Ter\u00e1n, la candidata en Juchit\u00e1n de Zaragoza, entonces.<\/p>\n\n\n\n<p class=\"wp-block-paragraph\"> Ahora Soledad pide justicia, pero todos los caminos de la justicia est\u00e1n cerrados. Pero est\u00e1 decidida a seguir. La acompa\u00f1an sus abogadas y una nube de mujeres feministas solidaria. <\/p>\n\n\n\n<p class=\"wp-block-paragraph\">Y ella dice, cada agresi\u00f3n a una mujer es un atentado contra esta sociedad. Cada asesinato y feminicidio es la evidencia de la incapacidad del gobierno que ofreci\u00f3 un cambio para conseguir la paz. Soledad dice, as\u00ed no se puede vivir en paz, imposible, m\u00e1s de 10 mujeres asesinadas al d\u00eda.<\/p>\n\n\n\n<p class=\"wp-block-paragraph\"> Inaceptable, intransitable para quien ofreci\u00f3 paz, justicia y no corrupci\u00f3n. Murat considerado parte del gabinete ampiado de Andr\u00e9s Manuel L\u00f3pez Obrador, encubri\u00f3 al fiscal que desvi\u00f3 y oculto investigaciones, fabric\u00f3 pruebas y sustrajo hasta las pruebas bal\u00edsticas. Intransitable, inadmisible, indignantes.<\/p>\n\n\n\n<figure class=\"wp-block-gallery has-nested-images columns-2 is-cropped wp-block-gallery-1 is-layout-flex wp-block-gallery-is-layout-flex\">\n<figure class=\"wp-block-image size-large\"><a href=\"https:\/\/redsemlac.com\/semmexico\/wp-content\/uploads\/2022\/05\/WhatsApp-Image-2022-05-31-at-10.24.28-AM.jpeg\"><img decoding=\"async\" data-id=\"51016\" src=\"https:\/\/redsemlac.com\/semmexico\/wp-content\/uploads\/2022\/05\/WhatsApp-Image-2022-05-31-at-10.24.28-AM-1024x768.jpeg\" alt=\"\" class=\"wp-image-51016\"\/><\/a><\/figure>\n\n\n\n<figure class=\"wp-block-image size-large\"><a href=\"https:\/\/redsemlac.com\/semmexico\/wp-content\/uploads\/2022\/05\/WhatsApp-Image-2022-05-31-at-10.24.29-AM-1.jpeg\"><img decoding=\"async\" data-id=\"51017\" src=\"https:\/\/redsemlac.com\/semmexico\/wp-content\/uploads\/2022\/05\/WhatsApp-Image-2022-05-31-at-10.24.29-AM-1-1024x768.jpeg\" alt=\"\" class=\"wp-image-51017\"\/><\/a><\/figure>\n\n\n\n<figure class=\"wp-block-image size-large\"><a href=\"https:\/\/redsemlac.com\/semmexico\/wp-content\/uploads\/2022\/05\/WhatsApp-Image-2022-05-31-at-10.24.29-AM-2.jpeg\"><img decoding=\"async\" data-id=\"51020\" src=\"https:\/\/redsemlac.com\/semmexico\/wp-content\/uploads\/2022\/05\/WhatsApp-Image-2022-05-31-at-10.24.29-AM-2-1024x768.jpeg\" alt=\"\" class=\"wp-image-51020\"\/><\/a><\/figure>\n\n\n\n<figure class=\"wp-block-image size-large\"><a href=\"https:\/\/redsemlac.com\/semmexico\/wp-content\/uploads\/2022\/05\/WhatsApp-Image-2022-05-31-at-10.24.29-AM.jpeg\"><img decoding=\"async\" data-id=\"51018\" src=\"https:\/\/redsemlac.com\/semmexico\/wp-content\/uploads\/2022\/05\/WhatsApp-Image-2022-05-31-at-10.24.29-AM-1024x768.jpeg\" alt=\"\" class=\"wp-image-51018\"\/><\/a><\/figure>\n\n\n\n<figure class=\"wp-block-image size-large\"><a href=\"https:\/\/redsemlac.com\/semmexico\/wp-content\/uploads\/2022\/05\/WhatsApp-Image-2022-05-31-at-10.24.30-AM.jpeg\"><img decoding=\"async\" data-id=\"51021\" src=\"https:\/\/redsemlac.com\/semmexico\/wp-content\/uploads\/2022\/05\/WhatsApp-Image-2022-05-31-at-10.24.30-AM-1024x768.jpeg\" alt=\"\" class=\"wp-image-51021\"\/><\/a><\/figure>\n\n\n\n<figure class=\"wp-block-image size-large\"><a href=\"https:\/\/redsemlac.com\/semmexico\/wp-content\/uploads\/2022\/05\/WhatsApp-Image-2022-05-31-at-11.26.14-AM.jpeg\"><img decoding=\"async\" data-id=\"51019\" src=\"https:\/\/redsemlac.com\/semmexico\/wp-content\/uploads\/2022\/05\/WhatsApp-Image-2022-05-31-at-11.26.14-AM-1024x768.jpeg\" alt=\"\" class=\"wp-image-51019\"\/><\/a><\/figure>\n\n\n\n<figure class=\"wp-block-image size-large\"><a href=\"https:\/\/redsemlac.com\/semmexico\/wp-content\/uploads\/2022\/05\/WhatsApp-Image-2022-05-31-at-11.26.22-AM.jpeg\"><img decoding=\"async\" data-id=\"51023\" src=\"https:\/\/redsemlac.com\/semmexico\/wp-content\/uploads\/2022\/05\/WhatsApp-Image-2022-05-31-at-11.26.22-AM-1024x768.jpeg\" alt=\"\" class=\"wp-image-51023\"\/><\/a><\/figure>\n\n\n\n<figure class=\"wp-block-image size-large\"><a href=\"https:\/\/redsemlac.com\/semmexico\/wp-content\/uploads\/2022\/05\/WhatsApp-Image-2022-05-31-at-11.26.23-AM-1-1.jpeg\"><img decoding=\"async\" data-id=\"51022\" src=\"https:\/\/redsemlac.com\/semmexico\/wp-content\/uploads\/2022\/05\/WhatsApp-Image-2022-05-31-at-11.26.23-AM-1-1-1024x768.jpeg\" alt=\"\" class=\"wp-image-51022\"\/><\/a><\/figure>\n\n\n\n<figure class=\"wp-block-image size-large\"><a href=\"https:\/\/redsemlac.com\/semmexico\/wp-content\/uploads\/2022\/05\/WhatsApp-Image-2022-05-31-at-11.26.23-AM-2.jpeg\"><img decoding=\"async\" data-id=\"51024\" src=\"https:\/\/redsemlac.com\/semmexico\/wp-content\/uploads\/2022\/05\/WhatsApp-Image-2022-05-31-at-11.26.23-AM-2-1024x768.jpeg\" alt=\"\" class=\"wp-image-51024\"\/><\/a><\/figure>\n\n\n\n<figure class=\"wp-block-image size-large\"><a href=\"https:\/\/redsemlac.com\/semmexico\/wp-content\/uploads\/2022\/05\/WhatsApp-Image-2022-05-31-at-11.26.23-AM.jpeg\"><img decoding=\"async\" data-id=\"51025\" src=\"https:\/\/redsemlac.com\/semmexico\/wp-content\/uploads\/2022\/05\/WhatsApp-Image-2022-05-31-at-11.26.23-AM-1024x768.jpeg\" alt=\"\" class=\"wp-image-51025\"\/><\/a><\/figure>\n<\/figure>\n","protected":false},"excerpt":{"rendered":"<p>4 a\u00f1os del artero asesinato de la fotoperiodista Ma. del Sol Cruz Jarqu\u00edn. 4 a\u00f1os de impunidad. 4 a\u00f1os de mentiras, investigaci\u00f3n ama\u00f1ada.<\/p>\n","protected":false},"author":3,"featured_media":51015,"comment_status":"open","ping_status":"open","sticky":false,"template":"","format":"standard","meta":{"_monsterinsights_skip_tracking":false,"footnotes":""},"categories":[693,47,48],"tags":[],"class_list":["post-51014","post","type-post","status-publish","format-standard","has-post-thumbnail","category-693","category-no-mas-impunidad","category-no-mas-impunidad-no-mas-impunidad"],"_links":{"self":[{"href":"https:\/\/redsemlac.com\/semmexico\/wp-json\/wp\/v2\/posts\/51014","targetHints":{"allow":["GET"]}}],"collection":[{"href":"https:\/\/redsemlac.com\/semmexico\/wp-json\/wp\/v2\/posts"}],"about":[{"href":"https:\/\/redsemlac.com\/semmexico\/wp-json\/wp\/v2\/types\/post"}],"author":[{"embeddable":true,"href":"https:\/\/redsemlac.com\/semmexico\/wp-json\/wp\/v2\/users\/3"}],"replies":[{"embeddable":true,"href":"https:\/\/redsemlac.com\/semmexico\/wp-json\/wp\/v2\/comments?post=51014"}],"version-history":[{"count":0,"href":"https:\/\/redsemlac.com\/semmexico\/wp-json\/wp\/v2\/posts\/51014\/revisions"}],"wp:featuredmedia":[{"embeddable":true,"href":"https:\/\/redsemlac.com\/semmexico\/wp-json\/wp\/v2\/media\/51015"}],"wp:attachment":[{"href":"https:\/\/redsemlac.com\/semmexico\/wp-json\/wp\/v2\/media?parent=51014"}],"wp:term":[{"taxonomy":"category","embeddable":true,"href":"https:\/\/redsemlac.com\/semmexico\/wp-json\/wp\/v2\/categories?post=51014"},{"taxonomy":"post_tag","embeddable":true,"href":"https:\/\/redsemlac.com\/semmexico\/wp-json\/wp\/v2\/tags?post=51014"}],"curies":[{"name":"wp","href":"https:\/\/api.w.org\/{rel}","templated":true}]}}