{"id":50991,"date":"2022-05-30T13:19:32","date_gmt":"2022-05-30T19:19:32","guid":{"rendered":"https:\/\/redsemlac.com\/semmexico\/?p=50991"},"modified":"2023-07-21T19:05:44","modified_gmt":"2023-07-22T00:05:44","slug":"libres-para-amar-visibiliza-el-lesbianismo-en-cuba","status":"publish","type":"post","link":"https:\/\/redsemlac.com\/semmexico\/libres-para-amar-visibiliza-el-lesbianismo-en-cuba\/","title":{"rendered":"\u201cLibres para amar\u201d visibiliza el lesbianismo en Cuba"},"content":{"rendered":"\n<p class=\"wp-block-paragraph\"><strong>Redacci\u00f3n<\/strong><\/p>\n\n\n\n<p class=\"wp-block-paragraph\">SemM\u00e9xico. Habana, Cuba. 30 de mayo de 2022.- Las mujeres lesbianas en Cuba siempre han sido invisibilizadas, a pesar de que existen, por ello, el libro \u201cLibres para amar\u201d se convierte en un primer paso importante para mostrarlas, rescatando testimonios que dan muestras de la lesbofobia que a\u00fan pervive en la sociedad y de la lucha de ellas por sus derechos y felicidad.<\/p>\n\n\n\n<p class=\"wp-block-paragraph\">Esta obra expone a lo largo de sus p\u00e1ginas las trayectorias de vida de las mujeres lesbianas o no, sus vicisitudes y logros, sus reclamos y sus luchas para habitar como sujetos de derechos en escenarios en los que la heteronorma y el heterosexismo alimentan el estigma y discriminaci\u00f3n; las mismas que, todos los d\u00edas, reivindican sus derechos como humanas y como cubanas.<\/p>\n\n\n\n<p class=\"wp-block-paragraph\">Una de las autoras del libro, Teresa de Jes\u00fas Fern\u00e1ndez, detall\u00f3 a SEMlac que frente a la doble y hasta triple discriminaci\u00f3n que han vivido las mujeres lesbianas, no son pocas las que comienzan a reclamar su leg\u00edtimo derecho a amar a otra mujer, aunque \u201cseguimos siendo una asignatura pendiente en todos los sentidos\u201d.<\/p>\n\n\n\n<p class=\"wp-block-paragraph\">Por ello, expuso que \u201cLibres para amar\u201d busca mostrar que ellas viven, han vivido y tienen historias que contar, algunas muy dolorosas, pero sobre todo, relatos que muestran la resiliencia de este sector de la sociedad cubana.<\/p>\n\n\n\n<p class=\"wp-block-paragraph\">La tambi\u00e9n coordinadora de la Red de Mujeres Lesbianas y Bisexuales del Centro Nacional de Educaci\u00f3n Sexual (Cenesex), reconoce que hay avances e inter\u00e9s de estos grupos por trabajar y desarrollarse en el activismo a favor de la libre orientaci\u00f3n sexual e identidad de g\u00e9nero, pero considera que todav\u00eda queda camino por recorrer en defensa de sus derechos sexuales, reproductivos y humanos.<\/p>\n\n\n\n<p class=\"wp-block-paragraph\">El libro fue publicado bajo el sello Editorial Caminos, del Centro Memorial \u201cMartin Luther King\u201d en alianza con el Servicio de Noticias de la Mujer Latinoamericana y del Caribe (SEMlac). Sin embargo, se edit\u00f3 en 2020, su presentaci\u00f3n se posterg\u00f3 debido a la pandemia de la COVID-19, por lo que \u00e9sta se llev\u00f3 a cabo apenas el pasado 27 de mayo.<\/p>\n\n\n\n<p class=\"wp-block-paragraph\">Autoras y asistentes coincidieron en que al ser un libro que aborda el lesbianismo desde una perspectiva social, humana y sobre todo de derechos, contribuir\u00e1 a que la sociedad en este pa\u00eds tenga mayores elementos para comprenderlo y respetar a quienes ejercen su forma de amar.&nbsp;<\/p>\n","protected":false},"excerpt":{"rendered":"<p>Redacci\u00f3n SemM\u00e9xico. Habana, Cuba. 30 de mayo de 2022.- Las mujeres lesbianas en Cuba siempre han sido invisibilizadas, a pesar de que existen, por ello, el libro \u201cLibres para amar\u201d se convierte en un primer paso importante para mostrarlas, rescatando testimonios que dan muestras de la lesbofobia que a\u00fan pervive en la sociedad y de [&hellip;]<\/p>\n","protected":false},"author":3,"featured_media":50992,"comment_status":"open","ping_status":"open","sticky":false,"template":"","format":"standard","meta":{"_monsterinsights_skip_tracking":false,"footnotes":""},"categories":[693,53],"tags":[],"class_list":["post-50991","post","type-post","status-publish","format-standard","has-post-thumbnail","category-693","category-internacional"],"_links":{"self":[{"href":"https:\/\/redsemlac.com\/semmexico\/wp-json\/wp\/v2\/posts\/50991","targetHints":{"allow":["GET"]}}],"collection":[{"href":"https:\/\/redsemlac.com\/semmexico\/wp-json\/wp\/v2\/posts"}],"about":[{"href":"https:\/\/redsemlac.com\/semmexico\/wp-json\/wp\/v2\/types\/post"}],"author":[{"embeddable":true,"href":"https:\/\/redsemlac.com\/semmexico\/wp-json\/wp\/v2\/users\/3"}],"replies":[{"embeddable":true,"href":"https:\/\/redsemlac.com\/semmexico\/wp-json\/wp\/v2\/comments?post=50991"}],"version-history":[{"count":0,"href":"https:\/\/redsemlac.com\/semmexico\/wp-json\/wp\/v2\/posts\/50991\/revisions"}],"wp:featuredmedia":[{"embeddable":true,"href":"https:\/\/redsemlac.com\/semmexico\/wp-json\/wp\/v2\/media\/50992"}],"wp:attachment":[{"href":"https:\/\/redsemlac.com\/semmexico\/wp-json\/wp\/v2\/media?parent=50991"}],"wp:term":[{"taxonomy":"category","embeddable":true,"href":"https:\/\/redsemlac.com\/semmexico\/wp-json\/wp\/v2\/categories?post=50991"},{"taxonomy":"post_tag","embeddable":true,"href":"https:\/\/redsemlac.com\/semmexico\/wp-json\/wp\/v2\/tags?post=50991"}],"curies":[{"name":"wp","href":"https:\/\/api.w.org\/{rel}","templated":true}]}}