{"id":5099,"date":"2018-09-26T20:40:26","date_gmt":"2018-09-26T20:40:26","guid":{"rendered":"https:\/\/redsemlac.com\/semmexico\/?p=5099"},"modified":"2023-07-21T14:33:51","modified_gmt":"2023-07-21T19:33:51","slug":"la-senadora-de-mc-advierte-que-peleara-por-la-agenda-feminista-matrimonio-igualitario-y-aborto","status":"publish","type":"post","link":"https:\/\/redsemlac.com\/semmexico\/la-senadora-de-mc-advierte-que-peleara-por-la-agenda-feminista-matrimonio-igualitario-y-aborto\/","title":{"rendered":"La senadora de MC advierte que pelear\u00e1 por la agenda feminista: matrimonio igualitario y aborto"},"content":{"rendered":"\n<p class=\"wp-block-paragraph\"><a href=\"https:\/\/www.semmexico.com\/gallery-post.php?id=5952#\">Redacci\u00f3n<\/a><\/p>\n\n\n\n<p class=\"wp-block-paragraph\">&nbsp;David Mart\u00ednez Huerta<\/p>\n\n\n\n<p class=\"wp-block-paragraph\">SemM\u00e9xico\/ADN Pol\u00edtico. Cd. de M\u00e9xico. 26 de septiembre de 2018.- El panorama parece inmejorable para que la izquierda mexicana pueda concretar a nivel nacional algunas de las banderas progresistas m\u00e1s importantes, como la legalizaci\u00f3n del aborto, el matrimonio igualitario o los derechos de las trabajadoras del hogar.<\/p>\n\n\n\n<p class=\"wp-block-paragraph\">Sin embargo, para la Senadora Patricia Mercado, activista de larga trayectoria por el reconocimiento de los derechos de las mujeres, si el pr\u00f3ximo presidente se ostenta como un pol\u00edtico de izquierda no es garant\u00eda que estos cambios vayan a concretarse con rapidez.<\/p>\n\n\n\n<p class=\"wp-block-paragraph\">Para quien es &nbsp;senadora por primera vez en la 64 Legislatura, el mandato ciudadano expresado el pasado primero de julio obliga a Morena, el pr\u00f3ximo partido en el poder, a avanzar en la ruta para consolidar una agenda progresista, pero esto requiere del consenso de las otras fuerzas en el Congreso y del apoyo de la sociedad civil.<\/p>\n\n\n\n<p class=\"wp-block-paragraph\">Originaria de Ciudad Obreg\u00f3n, Sonora, pero con una carrera p\u00fablica formada en la capital \u2014fue candidata presidencial y secretaria de Trabajo y de Gobierno con el exjefe de gobierno Miguel \u00c1ngel Mancera\u2014, Mercado actualmente se enfoca en impulsar temas como el trabajo digno, el salario, el derecho a la seguridad social y los derechos de las trabajadoras del hogar. Hoy es secretaria de la Comisi\u00f3n Senatorial de Trabajo y Previsi\u00f3n Social. Desde ah\u00ed actuar\u00e1.<\/p>\n\n\n\n<p class=\"wp-block-paragraph\">En entrevista en su oficina, la senadora de Movimiento Ciudadano adelanta que combatir\u00e1 cualquier propuesta legislativa que vaya en contra de los derechos de las mujeres, de la comunidad LGBTTTIQ y de los grupos vulnerables, incluso si \u00e9stas provienen de la coalici\u00f3n Morena-PT-PES, mayoritaria en el Senado.<\/p>\n\n\n\n<p class=\"wp-block-paragraph\">Sostiene tambi\u00e9n que trabajar\u00e1 para lograr que un gran bloque respalde la solicitud al gobierno de M\u00e9xico para que el pa\u00eds ratifique el Convenio 189 de la Organizaci\u00f3n Internacional del Trabajo (OIT) para garantizar los derechos de las trabajadoras del hogar, el cual permitir\u00eda reformar la Ley Federal del Trabajo para que no existan diferencias.<\/p>\n\n\n\n<p class=\"wp-block-paragraph\">Asimismo, la senadora presentar\u00e1 un punto de acuerdo para solicitar a las autoridades del propio Senado que realicen lo necesario para dotar de seguridad social a las y los trabajadores de la C\u00e1mara alta, como parte de su compromiso de campa\u00f1a de luchar por una agenda con mayor igualdad para mujeres y hombres.<\/p>\n\n\n\n<p class=\"wp-block-paragraph\">Aqu\u00ed est\u00e1 la entrevista completa.<\/p>\n\n\n\n<p class=\"wp-block-paragraph\"><strong>\u00bfCu\u00e1les ser\u00e1n los primeros objetivos a cumplir en el Senado?<\/strong><\/p>\n\n\n\n<p class=\"wp-block-paragraph\">Uno de mis objetivos m\u00e1s importantes es la agenda de desarrollo econ\u00f3mico y trabajo. Me parece que ese es un reto muy importante para M\u00e9xico, que el crecimiento econ\u00f3mico, la generaci\u00f3n de empleos, realmente nos arroje un trabajo digno decente, tal y como dice la Ley Federal del Trabajo, un trabajo con seguridad social, es decir, un trabajo formal. En este momento m\u00e1s del 50% de los empleos son informales, lo que implica un trabajo sin derechos. Para construir una sociedad m\u00e1s igual, o menos desigual, necesitamos pasar de la informalidad a la formalidad. Entonces, seguridad social y capacitaci\u00f3n como tema central, para mejorar los salarios a partir de que aumente la productividad.<\/p>\n\n\n\n<p class=\"wp-block-paragraph\"><strong>\u00bfC\u00f3mo ser oposici\u00f3n en un Congreso donde ser\u00e1 mayor\u00eda la coalici\u00f3n de gobierno de AMLO?<\/strong><\/p>\n\n\n\n<p class=\"wp-block-paragraph\">No es una oposici\u00f3n por decreto, no es una oposici\u00f3n por serlo. Tenemos un mandato de que las cosas cambien en M\u00e9xico y que cambien lo m\u00e1s pronto posible, la gente no est\u00e1 viviendo bien, la desigualdad s\u00ed es un flagelo muy grande, no solamente la desigualdad de ricos y pobres, tambi\u00e9n la desigualdad de acceder a los derechos, al acceso a la justicia, al trabajo, a un ambiente sano, a la movilidad. Hay un mandato muy contundente de los mexicanos y las mexicanas sobre lo que queremos y lo queremos r\u00e1pido.<\/p>\n\n\n\n<p class=\"wp-block-paragraph\">Estoy convencida de que el mandato de cambio de los ciudadanos no fue solamente para Morena, fue para todos y todas, a quienes de alguna manera hemos estado y vamos estamos en la Legislatura. Es decir, tambi\u00e9n quienes votaron por el Movimiento Ciudadano votaron porque quieren un cambio, una plataforma distinta que realmente mejore la calidad de vida en el pa\u00eds y se eviten los abusos.<\/p>\n\n\n\n<p class=\"wp-block-paragraph\"><strong>\u00bfC\u00f3mo enfrentar\u00e1 las propuestas que vayan en contra de la agenda progresista?<\/strong><\/p>\n\n\n\n<p class=\"wp-block-paragraph\">Sin ambages, sin ning\u00fan tipo de duda ni conciliaci\u00f3n. Uno de los temas que est\u00e1n sobre la mesa es impulsar una legislaci\u00f3n para que el matrimonio igualitario sea una realidad y sea un derecho en todo el pa\u00eds. La Suprema Corte ha dado los amparos; cuando una pareja del mismo sexo se quiere casar en alg\u00fan municipio y le dicen que no, viene a la Corte y la Corte dice que los tienen que casar. Pero, \u00bfqui\u00e9n tiene para apoyo de abogac\u00eda?, \u00bfqui\u00e9n tiene para viajar?, \u00bfc\u00f3mo se le hace? Por eso hay que cambiar la legislaci\u00f3n, para que el matrimonio igualitario sea un derecho. Si la Corte ya lo est\u00e1 interpretando as\u00ed, tendr\u00eda que ser un acuerdo, y si no hay acuerdo, por supuesto que lo vamos a poner sobre la mesa.<\/p>\n\n\n\n<p class=\"wp-block-paragraph\">Movimiento Ciudadano firm\u00f3 con la Coalici\u00f3n de la Diversidad Sexual siete ejes estrat\u00e9gicos que ya est\u00e1n en la mesa, uno de ellos es este, por lo que vamos a impulsarlo. Si la fracci\u00f3n mayoritaria (Morena) los detiene, pues ellos ver\u00e1n. Me parece que en este tema, en su discurso del Z\u00f3calo, (L\u00f3pez Obrador) habl\u00f3 de respetar los derechos alrededor de la orientaci\u00f3n sexual, vamos a ver.<\/p>\n\n\n\n<p class=\"wp-block-paragraph\"><strong>\u00bfConf\u00eda en que con un gobierno de izquierda podr\u00e1n hacerse realidad a\u00f1ejas demandas ciudadanas como la despenalizaci\u00f3n de aborto a nivel nacional?<\/strong><\/p>\n\n\n\n<p class=\"wp-block-paragraph\">Hay que entrarle. Viene una discusi\u00f3n, quiz\u00e1 s\u00ed, quiz\u00e1 no, del C\u00f3digo Penal Federal, porque la penalizaci\u00f3n sigue siendo en este momento un asunto del fuero local. Entonces, si Morena gan\u00f3 muchos congresos a nivel nacional \u2014Morena es una organizaci\u00f3n que se define de izquierda\u2014, tendr\u00eda que estar a favor de despenalizar el aborto en esos estados.<\/p>\n\n\n\n<p class=\"wp-block-paragraph\">Pero acaban de firmar un frente legislativo para seguir en coalici\u00f3n con el Partido Encuentro Social, que tiene una agenda confesional y en contra de estos temas. Entonces, seguramente no es gratis esta alianza y el PES va a pelear, no solamente para que no le entren a estos temas, sino en avanzar en su agenda conservadora. All\u00ed, si somos una\/o, seamos cinco, seamos los\/as que seamos, por supuesto que estaremos al frente.<\/p>\n\n\n\n<p class=\"wp-block-paragraph\"><strong>\u00bfCu\u00e1les son los temas del gobierno entrante que podr\u00eda aprovechar en su agenda legislativa?<\/strong><\/p>\n\n\n\n<p class=\"wp-block-paragraph\">Hay una agenda amplia que no es solamente la agenda del gobierno, sino que es la agenda del Legislativo. Yo creo que no estamos en soledad en t\u00e9rminos de ciudadan\u00eda, una cosa es que la mayor\u00eda de quienes votaron le hayan dado el gobierno y el Congreso, &#8211; a Morena- y otra cosa es que est\u00e9n de acuerdo en todo. Yo creo que socialmente hay un buen acuerdo nacional para despenalizar el aborto, para que no entren las mujeres a la c\u00e1rcel y sobre todo las mujeres pobres.<\/p>\n\n\n\n<p class=\"wp-block-paragraph\">No es todo qu\u00e9 plantean el gobierno y Morena, y si votas a favor o en contra, sino que hay agendas que tambi\u00e9n est\u00e1n y que han ganado un lugar y un espacio entre la ciudadan\u00eda que tenemos que llevarlas al Senado.<\/p>\n\n\n\n<p class=\"wp-block-paragraph\"><strong>\u00bfCu\u00e1l es su postura respecto a las propuestas de austeridad en el Congreso?<\/strong><\/p>\n\n\n\n<p class=\"wp-block-paragraph\">Todo en los extremos no funciona, ni el abuso ni la austeridad completa para dejar a las y los senadores sin posibilidad de movernos en elaboraci\u00f3n de consultas, de an\u00e1lisis, de estudios. No tenemos por qu\u00e9 construir conocimiento, el conocimiento est\u00e1 construido y lo tienes que traer para finalmente hacer una legislaci\u00f3n.<\/p>\n\n\n\n<p class=\"wp-block-paragraph\">Me parece, por ejemplo, que un sobresueldo por asistir a una comisi\u00f3n no tiene sentido. T\u00fa tienes tu sueldo y parte de tu trabajo es estar en comisiones, adem\u00e1s son dos d\u00edas de sesiones en el pleno para que el resto de la semana sea el trabajo en comisiones para preparar los acuerdos que se subir\u00e1n al pleno, pero que esas comisiones no puedan contratar consultores, abogados que redacten leyes, secretarios t\u00e9cnicos, pues no est\u00e1 bien porque haces par\u00e1lisis total.<\/p>\n\n\n\n<p class=\"wp-block-paragraph\">Morena tiene que tener mucho sentido de la prudencia para decir: \u201cDejo a los\/as legisladoras sin posibilidad de acci\u00f3n pues para que nada m\u00e1s Presidencia mande y mande propuestas y no haya posibilidades de debatir los temas\u201d. Pero s\u00ed se debe acabar con abusos como el sobresueldo del legislador. Otro ejemplo son los seguros de gastos m\u00e9dicos. Tambi\u00e9n me parece que deben terminarse porque la mayor\u00eda de las\/os trabajadores no tiene esa posibilidad, pues s\u00ed; entonces, es un privilegio del funcionariado p\u00fablico de altos niveles y que adem\u00e1s tenemos los salarios m\u00e1s altos para pagar nuestro propio seguro de manera personal.<\/p>\n\n\n\n<p class=\"wp-block-paragraph\">Vamos a estar a favor de la austeridad, pero vamos a ver hasta d\u00f3nde la plantean, no podemos caer en el extremo de dejarnos en la par\u00e1lisis a quienes haremos el trabajo legislativo del d\u00eda a d\u00eda. Movimiento Ciudadano, sobre todo en los \u00faltimos tres a\u00f1os, trabaj\u00f3 contra el fuero, los privilegios, los abusos, regres\u00f3 bonos legislativos, fue como muy consecuente contra esta agenda de abusos. All\u00ed hay una convergencia con Morena que seguramente votaremos a favor, pero nosotros pondremos iniciativas legislativas para ver los c\u00f3mo: c\u00f3mo terminas con el fuero, con los privilegios. Entonces, all\u00ed yo creo que no tenemos mayor dificultad.<\/p>\n\n\n\n<p class=\"wp-block-paragraph\"><strong>\u00bfQu\u00e9 opina de trabajar con Mancera como colega senador y de que sea coordinador de la bancada del PRD?<\/strong><\/p>\n\n\n\n<p class=\"wp-block-paragraph\">Yo tengo mucho respeto y reconocimiento a Mancera. Creo que efectivamente su lugar es el PRD, lleg\u00f3 con el PRD al gobierno de la ciudad, ha sido aliado del PRD; en la campa\u00f1a electoral, quienes m\u00e1s lo acompa\u00f1aron, quienes le armaron eventos para su propuesta del gobierno de coalici\u00f3n, pues fue el PRD. Entonces, me parece que es adecuado dirigir la fracci\u00f3n del PRD, que ha sido el partido que ha sido su aliado y finalmente el PRD decidi\u00f3 ponerlo en ese lugar.<\/p>\n\n\n\n<p class=\"wp-block-paragraph\">Me parece que es un hombre no arrebatado, que es un hombre capaz de construir di\u00e1logo y alianzas, y eso es lo que se necesita en el Senado, no posiciones gritonas, sino posiciones inteligentes que puedan poner en la mesa el m\u00e9rito de la propuesta y ser capaces de discutirlo, sin mayores rencores, y yo creo que \u00e9l tiene ese tipo de personalidad.<br><\/p>\n","protected":false},"excerpt":{"rendered":"<p>Redacci\u00f3n &nbsp;David Mart\u00ednez Huerta SemM\u00e9xico\/ADN Pol\u00edtico. Cd. de M\u00e9xico. 26 de septiembre de 2018.- El panorama parece inmejorable para que la izquierda mexicana pueda concretar a nivel nacional algunas de las banderas progresistas m\u00e1s importantes, como la legalizaci\u00f3n del aborto, el matrimonio igualitario o los derechos de las trabajadoras del hogar. Sin embargo, para la [&hellip;]<\/p>\n","protected":false},"author":3,"featured_media":5100,"comment_status":"open","ping_status":"open","sticky":false,"template":"","format":"standard","meta":{"_monsterinsights_skip_tracking":false,"footnotes":""},"categories":[689,50],"tags":[],"class_list":["post-5099","post","type-post","status-publish","format-standard","has-post-thumbnail","category-689","category-congreso"],"_links":{"self":[{"href":"https:\/\/redsemlac.com\/semmexico\/wp-json\/wp\/v2\/posts\/5099","targetHints":{"allow":["GET"]}}],"collection":[{"href":"https:\/\/redsemlac.com\/semmexico\/wp-json\/wp\/v2\/posts"}],"about":[{"href":"https:\/\/redsemlac.com\/semmexico\/wp-json\/wp\/v2\/types\/post"}],"author":[{"embeddable":true,"href":"https:\/\/redsemlac.com\/semmexico\/wp-json\/wp\/v2\/users\/3"}],"replies":[{"embeddable":true,"href":"https:\/\/redsemlac.com\/semmexico\/wp-json\/wp\/v2\/comments?post=5099"}],"version-history":[{"count":0,"href":"https:\/\/redsemlac.com\/semmexico\/wp-json\/wp\/v2\/posts\/5099\/revisions"}],"wp:featuredmedia":[{"embeddable":true,"href":"https:\/\/redsemlac.com\/semmexico\/wp-json\/wp\/v2\/media\/5100"}],"wp:attachment":[{"href":"https:\/\/redsemlac.com\/semmexico\/wp-json\/wp\/v2\/media?parent=5099"}],"wp:term":[{"taxonomy":"category","embeddable":true,"href":"https:\/\/redsemlac.com\/semmexico\/wp-json\/wp\/v2\/categories?post=5099"},{"taxonomy":"post_tag","embeddable":true,"href":"https:\/\/redsemlac.com\/semmexico\/wp-json\/wp\/v2\/tags?post=5099"}],"curies":[{"name":"wp","href":"https:\/\/api.w.org\/{rel}","templated":true}]}}