{"id":50986,"date":"2022-05-30T12:22:59","date_gmt":"2022-05-30T18:22:59","guid":{"rendered":"https:\/\/redsemlac.com\/semmexico\/?p=50986"},"modified":"2023-07-21T19:05:45","modified_gmt":"2023-07-22T00:05:45","slug":"evitar-revictimizacion-clave-para-atender-abuso-sexual-infantil-en-cuba","status":"publish","type":"post","link":"https:\/\/redsemlac.com\/semmexico\/evitar-revictimizacion-clave-para-atender-abuso-sexual-infantil-en-cuba\/","title":{"rendered":"Evitar revictimizaci\u00f3n, clave para atender abuso sexual infantil en Cuba"},"content":{"rendered":"\n<p class=\"wp-block-paragraph\"><strong>Redacci\u00f3n<\/strong><\/p>\n\n\n\n<p class=\"wp-block-paragraph\">SemM\u00e9xico, Cd. de M\u00e9xico; 30 de mayo 2022.- Con el fin de brindar ayuda psicol\u00f3gica a ni\u00f1as, ni\u00f1os y adolescentes que han sido v\u00edctimas de violencia o agresi\u00f3n sexual y, sobre todo, evitar su revictimizaci\u00f3n, el gobierno de Cuba puso en marcha tres Centros de Protecci\u00f3n en los que se les brinda apoyo mediante el empleo de t\u00e9cnicas de indagaci\u00f3n que protegen su intimidad.<\/p>\n\n\n\n<p class=\"wp-block-paragraph\">La directora del Centro de Protecci\u00f3n a ni\u00f1as, ni\u00f1os y adolescentes de La Habana, Noem\u00ed Morales Gurriola, dijo a SEMIac que evitar la revictimizaci\u00f3n es clave en el tratamiento y atenci\u00f3n de esos casos; coment\u00f3 que en este espacio se cuenta con un equipo de 15 personas, incluidos profesionales de psicolog\u00eda, pedagog\u00eda, sociolog\u00eda, defectolog\u00eda y juristas, entre otros, atienden y acompa\u00f1an a quienes sufren directamente esos abusos y tambi\u00e9n a sus familias.<\/p>\n\n\n\n<p class=\"wp-block-paragraph\">La especialista detall\u00f3 que el primer apoyo a la v\u00edctima es de tipo psicol\u00f3gico y se mantiene desde el recibimiento a la familia hasta que se recoge su testimonio, proceso mediante el cual se puede recabar informaci\u00f3n que permite conocer el funcionamiento familiar, el comportamiento de la ni\u00f1a o ni\u00f1o, as\u00ed como los da\u00f1os emocionales que provoc\u00f3 el abuso.<\/p>\n\n\n\n<p class=\"wp-block-paragraph\">Uno de los objetivos centrales de dichos espacios es evitar la presencia de quienes han sido v\u00edctimas de abuso en los juicios, por lo que se recogen, en audio y video, en exploraci\u00f3n \u00fanica sus testimonios, que luego valen como prueba, con reconocimiento en la legislaci\u00f3n procesal.<\/p>\n\n\n\n<p class=\"wp-block-paragraph\">Los Centros de Protecci\u00f3n de Ni\u00f1as, Ni\u00f1os y Adolescentes est\u00e1n adscritos al Ministerio del Interior (Minint), uno se ubica en la capital y otros dos en las provincias de Villa Clara (al centro) y Santiago de Cuba (oriente), a 276 y 861 kil\u00f3metros, respectivamente, de la capital.<\/p>\n\n\n\n<p class=\"wp-block-paragraph\">Seg\u00fan el&nbsp;<a href=\"http:\/\/docstore.ohchr.org\/SelfServices\/FilesHandler.ashx?enc=6QkG1d\/PPRiCAqhKb7yhsogu%2BrcYtuo0ebg3v3LZyh\/Q76oD4UCOyvN3eHWbqoAT65\/Xov5I7YUsY1LDRGF2HiZVoFTeA1lXaatr9HGemCv60WW3gat29MK91dggZ2TZ\" target=\"_blank\" rel=\"noreferrer noopener\">Informe de Cuba ante el Comit\u00e9 de los Derechos del Ni\u00f1o correspondiente a 2017<\/a>, en 2015 se registraron en ese pa\u00eds 2 mil 274 ni\u00f1as y ni\u00f1os v\u00edctimas de presuntos hechos de abuso sexual. De ese total, mil 189 corresponden a abusos lascivos, 454 casos de corrupci\u00f3n de menores, 333 violaciones (14,64%) y el resto a otros tipos de abusos.<\/p>\n\n\n\n<p class=\"wp-block-paragraph\">La jefa de la Direcci\u00f3n de Atenci\u00f3n a Menores del Minint, Idays Borges Barrios, inform\u00f3 que estos centros han atendido anualmente a 0.08 por ciento de la poblaci\u00f3n de 0 a 16 a\u00f1os como v\u00edctimas de maltrato y abusos sexuales, con predominio de abusos lascivos, seguidos de otros actos que afectan su desarrollo y, en menor medida, delitos de corrupci\u00f3n de menores, ultraje sexual y violaci\u00f3n.<\/p>\n\n\n\n<p class=\"wp-block-paragraph\">La informaci\u00f3n obtenida por medio de la exploraci\u00f3n \u00fanica se acompa\u00f1a de otras diligencias recogidas en la nueva ley de procedimiento penal y se asocia, de cierta manera, con los dict\u00e1menes periciales.<\/p>\n\n\n\n<p class=\"wp-block-paragraph\">La jurista Yanaisis Jim\u00e9nez Rinc\u00f3n subray\u00f3 que el testimonio de la v\u00edctima es lo m\u00e1s importante por recoger su narraci\u00f3n y vivencia del evento sufrido. Sin embargo, existen otros elementos como las acciones m\u00e9dico-legistas, la salud mental del menor, su estado postraum\u00e1tico, la validaci\u00f3n del testimonio para determinar su confiabilidad y pruebas de criminal\u00edstica que son tomadas en cuenta por la fiscal\u00eda en el proceso de esclarecimiento de los hechos.<\/p>\n","protected":false},"excerpt":{"rendered":"<p>Con el fin de brindar ayuda psicol\u00f3gica a ni\u00f1as, ni\u00f1os y adolescentes que han sido v\u00edctimas de violencia o agresi\u00f3n sexual y, sobre todo, evitar su revictimizaci\u00f3n, el gobierno de Cuba puso en marcha tres Centros de Protecci\u00f3n en los que se les brinda apoyo mediante el empleo de t\u00e9cnicas de indagaci\u00f3n que protegen su intimidad.<\/p>\n","protected":false},"author":3,"featured_media":50987,"comment_status":"open","ping_status":"open","sticky":false,"template":"","format":"standard","meta":{"_monsterinsights_skip_tracking":false,"footnotes":""},"categories":[693,53],"tags":[],"class_list":["post-50986","post","type-post","status-publish","format-standard","has-post-thumbnail","category-693","category-internacional"],"_links":{"self":[{"href":"https:\/\/redsemlac.com\/semmexico\/wp-json\/wp\/v2\/posts\/50986","targetHints":{"allow":["GET"]}}],"collection":[{"href":"https:\/\/redsemlac.com\/semmexico\/wp-json\/wp\/v2\/posts"}],"about":[{"href":"https:\/\/redsemlac.com\/semmexico\/wp-json\/wp\/v2\/types\/post"}],"author":[{"embeddable":true,"href":"https:\/\/redsemlac.com\/semmexico\/wp-json\/wp\/v2\/users\/3"}],"replies":[{"embeddable":true,"href":"https:\/\/redsemlac.com\/semmexico\/wp-json\/wp\/v2\/comments?post=50986"}],"version-history":[{"count":0,"href":"https:\/\/redsemlac.com\/semmexico\/wp-json\/wp\/v2\/posts\/50986\/revisions"}],"wp:featuredmedia":[{"embeddable":true,"href":"https:\/\/redsemlac.com\/semmexico\/wp-json\/wp\/v2\/media\/50987"}],"wp:attachment":[{"href":"https:\/\/redsemlac.com\/semmexico\/wp-json\/wp\/v2\/media?parent=50986"}],"wp:term":[{"taxonomy":"category","embeddable":true,"href":"https:\/\/redsemlac.com\/semmexico\/wp-json\/wp\/v2\/categories?post=50986"},{"taxonomy":"post_tag","embeddable":true,"href":"https:\/\/redsemlac.com\/semmexico\/wp-json\/wp\/v2\/tags?post=50986"}],"curies":[{"name":"wp","href":"https:\/\/api.w.org\/{rel}","templated":true}]}}