{"id":5096,"date":"2018-09-22T20:37:06","date_gmt":"2018-09-22T20:37:06","guid":{"rendered":"https:\/\/redsemlac.com\/semmexico\/?p=5096"},"modified":"2023-07-21T14:33:13","modified_gmt":"2023-07-21T19:33:13","slug":"es-antidemocratico-que-se-pretenda-conceder-las-comisiones-de-cultura-y-salud-al-partido-encuentro-social","status":"publish","type":"post","link":"https:\/\/redsemlac.com\/semmexico\/es-antidemocratico-que-se-pretenda-conceder-las-comisiones-de-cultura-y-salud-al-partido-encuentro-social\/","title":{"rendered":"Es antidemocr\u00e1tico que se pretenda conceder las Comisiones de Cultura y Salud al Partido Encuentro Social."},"content":{"rendered":"\n<p class=\"wp-block-paragraph\"><a href=\"https:\/\/www.semmexico.com\/gallery-post.php?id=5953#\">Lizbeth \u00c1lvarez<\/a><\/p>\n\n\n\n<p class=\"wp-block-paragraph\">SemM\u00e9xico. Cd. de M\u00e9xico. 26 de septiembre de 2018.- Rep\u00fablica Laica es una Coalici\u00f3n integrada por organizaciones de la sociedad civil, academia y personalidades que han estado en la defensa de la laicidad y que impulsaron la reforma al art\u00edculo 40 que elev\u00f3 a rango constitucional el car\u00e1cter del Estado Laico.&nbsp;<br><br>En conferencia de prensa, esta ma\u00f1ana manifestaron su preocupaci\u00f3n por la asignaci\u00f3n al Partido Encuentro Social para presidir comisiones en la C\u00e1mara de Diputados, entre ellas la de Cultura y de Salud.&nbsp;<br><br>Por ello, solicitaron al presidente de la Junta de Coordinaci\u00f3n Pol\u00edtica, Mario Delgado Carrillo e integrantes de la LXIV legislatura su intervenci\u00f3n a fin de que sean considerados los antecedentes de dicha agrupaci\u00f3n pol\u00edtica que, desde su fundaci\u00f3n y registro ante las autoridades electorales, ha violado el principio constitucional de la separaci\u00f3n entre Estado e Iglesia y \u00abha violentado los derechos de las mujeres y de la diversidad sexual\u00bb.<br><br>Consideraron que es antidemocr\u00e1tico que se pretenda conceder las Comisiones de Cultura y Salud al Partido Encuentro Social, a pesar de que present\u00f3 en la legislatura pasada diversas iniciativas que violan el principio de laicidad, especialmente la que adiciona a la Ley General de Salud el art\u00edculo 10 Bis que contempla la objeci\u00f3n de conciencia como un derecho del personal m\u00e9dico y de enfermer\u00eda del Sistema Nacional de Salud.&nbsp;<br><br>Asimismo, indicaron que la adici\u00f3n del art\u00edculo 10 Bis vulnera los derechos sexuales y reproductivos de las mujeres, as\u00ed como de pacientes que deseen acceder a tratamientos m\u00e9dicos, ya que dicha reforma no contempla la regulaci\u00f3n para los servicios p\u00fablicos que est\u00e1n sujetos al cumplimiento de la ley.&nbsp;<br><br>Integrantes de Rep\u00fablica Laica hicieron un llamado a las y los funcionarios a que se comprometan p\u00fablicamente a garantizar la laicidad del Estado, como principio fundamental que establece las condiciones de un trato igualitario a las personas, indistintamente de sus creencias, convecciones, sexo, raza, g\u00e9nero u orientaci\u00f3n sexual.<br><\/p>\n","protected":false},"excerpt":{"rendered":"<p>Lizbeth \u00c1lvarez SemM\u00e9xico. Cd. de M\u00e9xico. 26 de septiembre de 2018.- Rep\u00fablica Laica es una Coalici\u00f3n integrada por organizaciones de la sociedad civil, academia y personalidades que han estado en la defensa de la laicidad y que impulsaron la reforma al art\u00edculo 40 que elev\u00f3 a rango constitucional el car\u00e1cter del Estado Laico.&nbsp; En conferencia [&hellip;]<\/p>\n","protected":false},"author":3,"featured_media":5097,"comment_status":"open","ping_status":"open","sticky":false,"template":"","format":"standard","meta":{"_monsterinsights_skip_tracking":false,"footnotes":""},"categories":[689,50],"tags":[],"class_list":["post-5096","post","type-post","status-publish","format-standard","has-post-thumbnail","category-689","category-congreso"],"_links":{"self":[{"href":"https:\/\/redsemlac.com\/semmexico\/wp-json\/wp\/v2\/posts\/5096","targetHints":{"allow":["GET"]}}],"collection":[{"href":"https:\/\/redsemlac.com\/semmexico\/wp-json\/wp\/v2\/posts"}],"about":[{"href":"https:\/\/redsemlac.com\/semmexico\/wp-json\/wp\/v2\/types\/post"}],"author":[{"embeddable":true,"href":"https:\/\/redsemlac.com\/semmexico\/wp-json\/wp\/v2\/users\/3"}],"replies":[{"embeddable":true,"href":"https:\/\/redsemlac.com\/semmexico\/wp-json\/wp\/v2\/comments?post=5096"}],"version-history":[{"count":0,"href":"https:\/\/redsemlac.com\/semmexico\/wp-json\/wp\/v2\/posts\/5096\/revisions"}],"wp:featuredmedia":[{"embeddable":true,"href":"https:\/\/redsemlac.com\/semmexico\/wp-json\/wp\/v2\/media\/5097"}],"wp:attachment":[{"href":"https:\/\/redsemlac.com\/semmexico\/wp-json\/wp\/v2\/media?parent=5096"}],"wp:term":[{"taxonomy":"category","embeddable":true,"href":"https:\/\/redsemlac.com\/semmexico\/wp-json\/wp\/v2\/categories?post=5096"},{"taxonomy":"post_tag","embeddable":true,"href":"https:\/\/redsemlac.com\/semmexico\/wp-json\/wp\/v2\/tags?post=5096"}],"curies":[{"name":"wp","href":"https:\/\/api.w.org\/{rel}","templated":true}]}}