{"id":5093,"date":"2018-09-26T20:35:19","date_gmt":"2018-09-26T20:35:19","guid":{"rendered":"https:\/\/redsemlac.com\/semmexico\/?p=5093"},"modified":"2023-07-21T14:33:51","modified_gmt":"2023-07-21T19:33:51","slug":"necesaria-una-ley-que-permita-que-toda-mujer-sin-importar-las-causas-pueda-decidir-sobre-su-propio-cuerpo","status":"publish","type":"post","link":"https:\/\/redsemlac.com\/semmexico\/necesaria-una-ley-que-permita-que-toda-mujer-sin-importar-las-causas-pueda-decidir-sobre-su-propio-cuerpo\/","title":{"rendered":"Necesaria una ley que permita que toda mujer, sin importar las causas, pueda decidir sobre su propio cuerpo."},"content":{"rendered":"\n<p class=\"wp-block-paragraph\"><a href=\"https:\/\/www.semmexico.com\/gallery-post.php?id=5954#\">Lizbeth \u00c1lvarez<\/a><\/p>\n\n\n\n<p class=\"wp-block-paragraph\">SemM\u00e9xico. Cd. de M\u00e9xico. 26 de septiembre de 2018.- En la presentaci\u00f3n de la Agenda para la Igualdad en el Ejercicio de los Derechos Pol\u00edticos de las Mujeres en M\u00e9xico, la diputada federal independiente, Luc\u00eda Riojas, pidi\u00f3 a diputadas y senadoras no solo impulsar una agenda de mujeres, sino una feminista.&nbsp;<\/p>\n\n\n\n<p class=\"wp-block-paragraph\">La Red Mujeres en Plural present\u00f3 en la C\u00e1mara baja dicha agenda, cuyo prop\u00f3sito es sentar las bases legales y normativas para ejecutar una serie de acciones encaminadas al ejercicio efectivo de los derechos pol\u00edticos de las mujeres, como condici\u00f3n indispensable para el logro de la igualdad sustantiva.<\/p>\n\n\n\n<p class=\"wp-block-paragraph\">En ese sentido, la legisladora manifest\u00f3 que es necesaria una ley que permita que toda mujer, sin importar las causas, pueda decidir sobre su propio cuerpo y recibir atenci\u00f3n integral. Al mismo tiempo, dijo, necesitamos que ni\u00f1as y ni\u00f1os tengan educaci\u00f3n sexual, libre de prejuicios e ideas religiosas; as\u00ed como una educaci\u00f3n de calidad que solamente puede estar completa cuando las personas entienden su cuerpo y disfrutan de su sexualidad de manera libre.&nbsp;<\/p>\n\n\n\n<p class=\"wp-block-paragraph\">\u201cNecesitamos luchar porque el aborto sea legal, porque las mujeres no mueran. No podemos seguir poniendo en riesgo a ninguna mujer\u201d, cit\u00f3. &nbsp;&nbsp;&nbsp;<\/p>\n\n\n\n<p class=\"wp-block-paragraph\">La diputada Riojas, que se define como feminista, consider\u00f3 que actualmente tenemos un panorama adverso \u201cporque no es buena se\u00f1al que se le entregue la comisi\u00f3n de Salud al partido que piensa que se debe de castigar a aquella persona que decida sobre su cuerpo\u201d.&nbsp;<\/p>\n\n\n\n<p class=\"wp-block-paragraph\">Adem\u00e1s, aclar\u00f3 que aunque es un gran paso el que las mujeres tengan una importante representaci\u00f3n, \u201cen esto no se refleja la igualdad. Porque no hay ninguna legisladora dirigiendo una bancada; no hay ninguna de nosotras presidiendo ning\u00fan \u00f3rgano de gobierno, a pesar de las trayectorias de muchas de ustedes\u201d.&nbsp;<\/p>\n\n\n\n<p class=\"wp-block-paragraph\">Riojas aprovech\u00f3 el espacio para externar una felicitaci\u00f3n:&nbsp;<\/p>\n\n\n\n<p class=\"wp-block-paragraph\">Quiero felicitarlas porque ustedes son la prueba de que se puede hacer pol\u00edtica desde nosotras. Pelear por un espacio dentro del sistema machista, que es el Estado y los partidos pol\u00edticos, deja recompensas y satisfacciones. En cada una de ustedes veo la posibilidad de que alcancemos la justicia social y podamos empezar a trazar una ruta para hacer justicia a cada mujer\u201d.&nbsp;<\/p>\n\n\n\n<p class=\"wp-block-paragraph\">La agenda contempla, entre otras, las siguientes acciones concretas:&nbsp;<\/p>\n\n\n\n<p class=\"wp-block-paragraph\">1. Garantizar la transversalizaci\u00f3n de la perspectiva de g\u00e9nero en el Plan Nacional de Desarrollo 2019-2024, con mecanismos de seguimiento basados en indicadores de g\u00e9nero y derechos humanos nacionales e internacionales.<\/p>\n\n\n\n<p class=\"wp-block-paragraph\">2. Fortalecer las Unidades de Igualdad de G\u00e9nero en la Administraci\u00f3n P\u00fablica Federal (APF), dot\u00e1ndolas de atribuciones, estructura y recursos financieros, as\u00ed como alentar en el mismo sentido la consolidaci\u00f3n de aquellas pertenecientes a los poderes Legislativo, Judicial y \u00f3rganos aut\u00f3nomos.&nbsp;<\/p>\n\n\n\n<p class=\"wp-block-paragraph\">3. Impulsar la armonizaci\u00f3n de la legislaci\u00f3n electoral nacional, de conformidad con la reforma constitucional en materia de derechos humanos y con normativas internacionales de ONU y OEA.<\/p>\n\n\n\n<p class=\"wp-block-paragraph\">4. Impulsar reformas legislativas, medidas administrativas y pol\u00edticas p\u00fablicas para que el principio constitucional de paridad garantice la participaci\u00f3n de las mujeres en los tres poderes y \u00f3rdenes de gobierno.<\/p>\n\n\n\n<p class=\"wp-block-paragraph\">5. Impulsar que los sistemas normativos internos eliminen cualquier trato discriminatorio hacia las mujeres ind\u00edgenas, rurales y afrodescendientes en el ejercicio de sus derechos pol\u00edticos.<\/p>\n\n\n\n<p class=\"wp-block-paragraph\">6. Garantizar una integraci\u00f3n paritaria del Gabinete presidencial.<\/p>\n\n\n\n<p class=\"wp-block-paragraph\">7. Alentar la modificaci\u00f3n de la normatividad que regula el funcionamiento del Senado de la Rep\u00fablica y la C\u00e1mara de Diputados, a fin de que hombres y mujeres puedan encabezar de manera equitativa la presidencia de la mesa directiva, comisiones ordinarias y especiales.<\/p>\n\n\n\n<p class=\"wp-block-paragraph\">8. Respaldar la ampliaci\u00f3n de mecanismos de defensa y asesor\u00eda de los derechos pol\u00edticos de las mujeres, estableciendo una defensor\u00eda de oficio en materia electoral.<\/p>\n\n\n\n<p class=\"wp-block-paragraph\">La Red Mujeres en Plural busca que las propuestas que integran la agenda, fortalezcan la democracia y se logre la igualdad sustantiva que los tres \u00f3rdenes de gobierno necesitan.<\/p>\n\n\n\n<p class=\"wp-block-paragraph\">Tambi\u00e9n solicitaron que el gobierno encabezado por el Presidente Electo, Andr\u00e9s Manuel L\u00f3pez Obrador, tenga el compromiso y la voluntad pol\u00edtica para poner en marcha dichas acciones.&nbsp;<br><\/p>\n","protected":false},"excerpt":{"rendered":"<p>Lizbeth \u00c1lvarez SemM\u00e9xico. Cd. de M\u00e9xico. 26 de septiembre de 2018.- En la presentaci\u00f3n de la Agenda para la Igualdad en el Ejercicio de los Derechos Pol\u00edticos de las Mujeres en M\u00e9xico, la diputada federal independiente, Luc\u00eda Riojas, pidi\u00f3 a diputadas y senadoras no solo impulsar una agenda de mujeres, sino una feminista.&nbsp; La Red [&hellip;]<\/p>\n","protected":false},"author":3,"featured_media":5094,"comment_status":"open","ping_status":"open","sticky":false,"template":"","format":"standard","meta":{"_monsterinsights_skip_tracking":false,"footnotes":""},"categories":[689,50],"tags":[],"class_list":["post-5093","post","type-post","status-publish","format-standard","has-post-thumbnail","category-689","category-congreso"],"_links":{"self":[{"href":"https:\/\/redsemlac.com\/semmexico\/wp-json\/wp\/v2\/posts\/5093","targetHints":{"allow":["GET"]}}],"collection":[{"href":"https:\/\/redsemlac.com\/semmexico\/wp-json\/wp\/v2\/posts"}],"about":[{"href":"https:\/\/redsemlac.com\/semmexico\/wp-json\/wp\/v2\/types\/post"}],"author":[{"embeddable":true,"href":"https:\/\/redsemlac.com\/semmexico\/wp-json\/wp\/v2\/users\/3"}],"replies":[{"embeddable":true,"href":"https:\/\/redsemlac.com\/semmexico\/wp-json\/wp\/v2\/comments?post=5093"}],"version-history":[{"count":0,"href":"https:\/\/redsemlac.com\/semmexico\/wp-json\/wp\/v2\/posts\/5093\/revisions"}],"wp:featuredmedia":[{"embeddable":true,"href":"https:\/\/redsemlac.com\/semmexico\/wp-json\/wp\/v2\/media\/5094"}],"wp:attachment":[{"href":"https:\/\/redsemlac.com\/semmexico\/wp-json\/wp\/v2\/media?parent=5093"}],"wp:term":[{"taxonomy":"category","embeddable":true,"href":"https:\/\/redsemlac.com\/semmexico\/wp-json\/wp\/v2\/categories?post=5093"},{"taxonomy":"post_tag","embeddable":true,"href":"https:\/\/redsemlac.com\/semmexico\/wp-json\/wp\/v2\/tags?post=5093"}],"curies":[{"name":"wp","href":"https:\/\/api.w.org\/{rel}","templated":true}]}}