{"id":50923,"date":"2022-05-29T14:47:48","date_gmt":"2022-05-29T20:47:48","guid":{"rendered":"https:\/\/redsemlac.com\/semmexico\/?p=50923"},"modified":"2023-07-21T19:05:46","modified_gmt":"2023-07-22T00:05:46","slug":"la-civil-la-idealizacion-del-militarismo-en-el-cine","status":"publish","type":"post","link":"https:\/\/redsemlac.com\/semmexico\/la-civil-la-idealizacion-del-militarismo-en-el-cine\/","title":{"rendered":"<em>La civil<\/em>: la idealizaci\u00f3n del militarismo en el cine&nbsp;"},"content":{"rendered":"\n<p class=\"has-small-font-size wp-block-paragraph\" style=\"font-style:normal;font-weight:100\">La civil (2022), de Teodora Mihail.<\/p>\n\n\n\n<p class=\"wp-block-paragraph\">An\u00e1lisis publicado en Gato Pardo, de inter\u00e9s nacional y feminista: fantas\u00eda de venganza<\/p>\n\n\n\n<p class=\"wp-block-paragraph\">Pensar en reivindicar, cuando en realidad revictimisas y ocultas el fondo<\/p>\n\n\n\n<p class=\"wp-block-paragraph\"><a href=\"https:\/\/gatopardo.com\/author\/alonso-diaz-de-la-vega\/\">Alonso D\u00edaz de la Vega<\/a><\/p>\n\n\n\n<p class=\"wp-block-paragraph\">SemM\u00e9xico, Ciudad de M\u00e9xico, 29 de mayo, 2022.- Esta es una pel\u00edcula inspirada en la historia de la activista Miriam Rodr\u00edguez Mart\u00ednez, que investig\u00f3 a los asesinos de su hija y logr\u00f3 su arresto, que retrata la vida de una madre buscadora. Sin embargo, esta cinta, dirigida por la rumana Teodora Mihai, produce una fantas\u00eda de venganza donde los cr\u00edmenes encuentran su validaci\u00f3n. \u00bfC\u00f3mo el cine deber\u00eda mirar la violencia que vive el pa\u00eds?<\/p>\n\n\n\n<p class=\"wp-block-paragraph\">En la \u00faltima d\u00e9cada la representaci\u00f3n f\u00edlmica del M\u00e9xico violento experiment\u00f3 una transformaci\u00f3n siniestra: im\u00e1genes de retenes, balaceras y cuerpos colgando de puentes han pasado de ser inevitables recreaciones de una furia cotidiana a convertirse en una norma diluida por el sentimentalismo y la sobreproducci\u00f3n.<\/p>\n\n\n\n<figure class=\"wp-block-image size-large\"><a href=\"https:\/\/redsemlac.com\/semmexico\/wp-content\/uploads\/2022\/05\/la-civil-02.jpg\"><img decoding=\"async\" src=\"https:\/\/redsemlac.com\/semmexico\/wp-content\/uploads\/2022\/05\/la-civil-02-1024x683.jpg\" alt=\"\" class=\"wp-image-50926\"\/><\/a><figcaption>La madre que 5 a\u00f1os busc\u00f3 y encontr\u00f3, la lucha de una buscadora motivo de la Pel\u00edcula<\/figcaption><\/figure>\n\n\n\n<p class=\"wp-block-paragraph\">A&nbsp;pesar de&nbsp;sus buenas intenciones, los muchos documentales sobre el tema suelen recrear la simpleza del lenguaje televisivo, que tiende a trivializar los temas con su rotaci\u00f3n diaria del horror en primer plano. El cine, en respuesta, tendr\u00eda que actuar desde la autonom\u00eda estil\u00edstica para cuestionar la responsabilidad de realizadores y audiencias frente a la barbarie, pero incluso en la ficci\u00f3n se imponen el convencionalismo y la torpeza. Por suerte, las pel\u00edculas m\u00e1s responsables en ambos rubros, de&nbsp;<em>Tempestad&nbsp;<\/em>(2016) a&nbsp;<em>Sin se\u00f1as particulares&nbsp;<\/em>(2020), han encontrado un p\u00fablico m\u00e1s grande y entusiasta, pero, fuera de estas excepciones, todo indica que los cineastas mexicanos no suelen preocuparse por evitar los lugares comunes de la guerra contra el narcotr\u00e1fico.<\/p>\n\n\n\n<p class=\"wp-block-paragraph\"><em>La civil&nbsp;<\/em>(2021), de la directora rumana Teodora Mihai, se estrena en este contexto, inspirada por la historia real&nbsp;de&nbsp;Miriam Rodr\u00edguez Mart\u00ednez, una mujer tamaulipeca que investig\u00f3 a los asesinos de su hija y logr\u00f3 su arresto, aunque termin\u00f3 baleada en su casa cuando ellos lograron escapar de prisi\u00f3n. La pel\u00edcula conserva de esta tragedia la investigaci\u00f3n de la madre desesperada, pero se desv\u00eda para darnos sus propias conclusiones sobre la acci\u00f3n de los ciudadanos hartos del pasmo institucional.<\/p>\n\n\n\n<figure class=\"wp-block-image size-large\"><a href=\"https:\/\/redsemlac.com\/semmexico\/wp-content\/uploads\/2022\/05\/la-civil-03.jpg\"><img decoding=\"async\" src=\"https:\/\/redsemlac.com\/semmexico\/wp-content\/uploads\/2022\/05\/la-civil-03-1024x576.jpg\" alt=\"\" class=\"wp-image-50927\"\/><\/a><\/figure>\n\n\n\n<p class=\"wp-block-paragraph\">Mihai narra la historia de Cielo (Arcelia Ram\u00edrez), un ama de casa que en un principio se describe a s\u00ed misma, en gestos y acciones, como d\u00e9bil. En la primera escena su hija, Laura (Denisse Azpilcueta), le reprocha la obediencia a su esposo, que se fue a vivir con una mujer m\u00e1s joven. \u201cYa ni siquiera te atreves a pedirle dinero\u201d, le dice a su madre. Cuando la adolescente desaparece y un sicario apodado&nbsp;<em>El Puma<\/em>&nbsp;(Juan Daniel Garc\u00eda Trevi\u00f1o) le exige a Cielo dinero para el rescate, la decisi\u00f3n de hacerse fuerte para salvar a su hija asume una importancia fundamental, pero sobre todo controvertible. Ya volveremos a ello.<\/p>\n\n\n\n<figure class=\"wp-block-image size-full\"><a href=\"https:\/\/redsemlac.com\/semmexico\/wp-content\/uploads\/2022\/05\/la-civil-04.jpg\"><img loading=\"lazy\" decoding=\"async\" width=\"320\" height=\"180\" src=\"https:\/\/redsemlac.com\/semmexico\/wp-content\/uploads\/2022\/05\/la-civil-04.jpg\" alt=\"\" class=\"wp-image-50928\"\/><\/a><\/figure>\n\n\n\n<p class=\"wp-block-paragraph\"><em>La civil&nbsp;<\/em>tiene denuncias sensatas a lo largo de su primera hora: durante una transacci\u00f3n con los criminales se ve en el fondo el emblema azul del PAN y el eslogan de Morena, \u201cel cambio verdadero\u201d, para se\u00f1alar la responsabilidad pol\u00edtica por los problemas de seguridad en el pa\u00eds. M\u00e1s adelante la claridad de este s\u00edmbolo se desborda en obviedad cuando Cielo acude a un ministerio p\u00fablico y escucha a una agente rega\u00f1ar a una mujer por su atuendo, que seguramente le provoc\u00f3 ser violentada. La protagonista es tratada igual por todos los funcionarios que, de ah\u00ed en adelante, manifiestan la consabida vocaci\u00f3n burocr\u00e1tica de engrosar el dolor.<\/p>\n\n\n\n<figure class=\"wp-block-image size-large\"><a href=\"https:\/\/redsemlac.com\/semmexico\/wp-content\/uploads\/2022\/05\/la-civil-05.png\"><img decoding=\"async\" src=\"https:\/\/redsemlac.com\/semmexico\/wp-content\/uploads\/2022\/05\/la-civil-05-1024x675.png\" alt=\"\" class=\"wp-image-50929\"\/><\/a><\/figure>\n\n\n\n<p class=\"wp-block-paragraph\"><em>La civil<\/em>&nbsp;(2022), de Teodora Mihail<\/p>\n\n\n\n<p class=\"wp-block-paragraph\">El estilo de Mihai y la actuaci\u00f3n de Ram\u00edrez compensan este didacticismo con afectividad. Cielo es filmada por una c\u00e1mara al hombro que registra, las m\u00e1s de las veces, su rostro afligido, expectante, horrorizado, furioso y contenido. Como en el cine de los hermanos Dardenne, las im\u00e1genes nos mantienen cerca de ella para padecer su incertidumbre mientras sigue a los criminales en lentas persecuciones filmadas desde su coche. Sin embargo, esta empat\u00eda devenida en suspenso esboza un primer problema de&nbsp;<em>La civil<\/em>, que el director Michael Haneke conden\u00f3 en&nbsp;<em>Schindler\u2019s List<\/em>&nbsp;(1993), de Steven Spielberg. Al igual que otros colegas y cr\u00edticos, el cineasta austriaco encuentra abyecta la escena en la que unas regaderas, que parecen a punto de liberar Zyklon B, sueltan agua, para el alivio de un grupo de prisioneros jud\u00edos en Auschwitz. La representaci\u00f3n de una masacre real no deber\u00eda entretener a un p\u00fablico que no pierde nada con la resoluci\u00f3n del suspenso, a diferencia de los personajes hist\u00f3ricos. \u00bfPor qu\u00e9 deber\u00edamos compartir la incertidumbre de Cielo si nosotros no buscamos a nuestros hijos? Esto ser\u00eda un aspecto discutible de una pel\u00edcula por lo dem\u00e1s \u00e9tica si no fuera porque&nbsp;<em>La civil&nbsp;<\/em>expresa la fuerza como soluci\u00f3n al crimen.<\/p>\n\n\n\n<p class=\"wp-block-paragraph\">Miriam Rodr\u00edguez&nbsp;Mart\u00ednez hizo una labor detectivesca para conseguir informaci\u00f3n y cargaba una pistola para defenderse, pero no mat\u00f3 a nadie; al contrario, con el Colectivo de Desaparecidos&nbsp;en San Fernando fund\u00f3 una comunidad que busc\u00f3 la justicia desde la participaci\u00f3n ciudadana.&nbsp;<em>La civil<\/em>, en cambio, nos muestra c\u00f3mo Cielo se fortalece con violencia. Si en las primeras escenas parece endeble, mientras que Gustavo (\u00c1lvaro Guerrero), su esposo, ocupa el rol dominante, los papeles se invierten de forma perturbadora cuando ella conoce al teniente Lamarque (Jorge A. Jim\u00e9nez), un militar reci\u00e9n llegado a la zona que acepta ayudar a Cielo.<\/p>\n\n\n\n<p class=\"wp-block-paragraph\">En su primera colaboraci\u00f3n, la protagonista le da a Lamarque datos que provocan la captura y el cruel interrogatorio de un par de mujeres. Mihai evita las im\u00e1genes de tortura, pero no parece condenar a los militares por burlarse de las cautivas cuando exigen respeto a sus derechos humanos. De hecho, una vez tras otra, la violencia al margen de la ley da resultados y la sutileza con que son representadas las balaceras y el sadismo parece menos una aproximaci\u00f3n \u00e9tica a la imaginer\u00eda de la guerra contra el narcotr\u00e1fico que un intento de encubrir los cr\u00edmenes de Cielo y los soldados.<\/p>\n\n\n\n<p class=\"wp-block-paragraph\">El lenguaje simb\u00f3lico y las moralizaciones de&nbsp;<em>La civil&nbsp;<\/em>sostienen esta impresi\u00f3n al subrayar las acciones de la protagonista como una forma de adquirir agencia: un camale\u00f3n aparece un par de veces para representar la transformaci\u00f3n de Cielo, que culmina en una escena donde ella se ba\u00f1a y se corta el pelo despu\u00e9s de participar en una ejecuci\u00f3n. La mujer nueva, fuerte, es la que castiga a los criminales y a la comunidad que cobardemente les ayud\u00f3 a secuestrar a su hija. S\u00f3lo una escena donde la madre de un sicario llora y grita por su hijo cuestiona las acciones de Cielo, pero el cinismo excesivo del muchacho intenta borrar la empat\u00eda que pueda sentir la audiencia por \u00e9l y su familia. Nadie, m\u00e1s que la protagonista, parece tener justificaci\u00f3n, y la pel\u00edcula cae en el manique\u00edsmo del bien y el mal.<\/p>\n\n\n\n<p class=\"wp-block-paragraph\">Esa misma dicotom\u00eda es la que ha validado la militarizaci\u00f3n del pa\u00eds y la decadencia de las fuerzas armadas, que a menudo se han visto envueltas en casos de corrupci\u00f3n.&nbsp;<em>La civil&nbsp;<\/em>no cuestiona en absoluto al ej\u00e9rcito y m\u00e1s bien ve en la tortura y las detenciones ilegales un sin\u00f3nimo de justicia. M\u00e1s que un homenaje a Miriam Rodr\u00edguez&nbsp;Mart\u00ednez y a las madres que buscan a sus hijos, Mihai ha producido una fantas\u00eda de venganza donde los cr\u00edmenes del estado encuentran su validaci\u00f3n.<\/p>\n\n\n\n<figure class=\"wp-block-image size-large\"><a href=\"https:\/\/redsemlac.com\/semmexico\/wp-content\/uploads\/2022\/05\/la-civil-06.png\"><img decoding=\"async\" src=\"https:\/\/redsemlac.com\/semmexico\/wp-content\/uploads\/2022\/05\/la-civil-06-1024x675.png\" alt=\"\" class=\"wp-image-50930\"\/><\/a><figcaption><em>La civil<\/em>&nbsp;(2022), de Teodora Mihail.<\/figcaption><\/figure>\n","protected":false},"excerpt":{"rendered":"<p>Esta es una pel\u00edcula inspirada en la historia de la activista Miriam Rodr\u00edguez Mart\u00ednez, que investig\u00f3 a los asesinos de su hija y logr\u00f3 su arresto, que retrata la vida de una madre buscadora<\/p>\n","protected":false},"author":3,"featured_media":50925,"comment_status":"open","ping_status":"open","sticky":false,"template":"","format":"standard","meta":{"_monsterinsights_skip_tracking":false,"footnotes":""},"categories":[693,45,46],"tags":[],"class_list":["post-50923","post","type-post","status-publish","format-standard","has-post-thumbnail","category-693","category-cultura","category-cultura-cultura"],"_links":{"self":[{"href":"https:\/\/redsemlac.com\/semmexico\/wp-json\/wp\/v2\/posts\/50923","targetHints":{"allow":["GET"]}}],"collection":[{"href":"https:\/\/redsemlac.com\/semmexico\/wp-json\/wp\/v2\/posts"}],"about":[{"href":"https:\/\/redsemlac.com\/semmexico\/wp-json\/wp\/v2\/types\/post"}],"author":[{"embeddable":true,"href":"https:\/\/redsemlac.com\/semmexico\/wp-json\/wp\/v2\/users\/3"}],"replies":[{"embeddable":true,"href":"https:\/\/redsemlac.com\/semmexico\/wp-json\/wp\/v2\/comments?post=50923"}],"version-history":[{"count":0,"href":"https:\/\/redsemlac.com\/semmexico\/wp-json\/wp\/v2\/posts\/50923\/revisions"}],"wp:featuredmedia":[{"embeddable":true,"href":"https:\/\/redsemlac.com\/semmexico\/wp-json\/wp\/v2\/media\/50925"}],"wp:attachment":[{"href":"https:\/\/redsemlac.com\/semmexico\/wp-json\/wp\/v2\/media?parent=50923"}],"wp:term":[{"taxonomy":"category","embeddable":true,"href":"https:\/\/redsemlac.com\/semmexico\/wp-json\/wp\/v2\/categories?post=50923"},{"taxonomy":"post_tag","embeddable":true,"href":"https:\/\/redsemlac.com\/semmexico\/wp-json\/wp\/v2\/tags?post=50923"}],"curies":[{"name":"wp","href":"https:\/\/api.w.org\/{rel}","templated":true}]}}