{"id":50921,"date":"2022-05-29T13:37:20","date_gmt":"2022-05-29T19:37:20","guid":{"rendered":"https:\/\/redsemlac.com\/semmexico\/?p=50921"},"modified":"2023-07-21T19:05:46","modified_gmt":"2023-07-22T00:05:46","slug":"desde-la-luna-de-valencia-complicidades-masculinas","status":"publish","type":"post","link":"https:\/\/redsemlac.com\/semmexico\/desde-la-luna-de-valencia-complicidades-masculinas\/","title":{"rendered":"Desde la Luna de Valencia| Complicidades masculinas"},"content":{"rendered":"\n<p class=\"wp-block-paragraph\">Teresa Moll\u00e1 Castells*<\/p>\n\n\n\n<p class=\"wp-block-paragraph\">SemM\u00e9xico, Ontinyent, Valencia 29 de mayo, 2022.- En demasiadas ocasiones en los medios de comunicaci\u00f3n escucho a los hombres condenar los asesinatos machistas con mucha contundencia. Y me alegro cada vez que los escucho. Suelen ser pol\u00edticos cuando asesinan a alguna de sus convecinas o alg\u00fan que otro presentador de informativos que, cuando da la noticia del asesinato de una mujer o la violaci\u00f3n grupal de mujeres, se le nota la rabia e, incluso en algunos momentos, la deja ir llegando a ser \u201cpol\u00edticamente incorrecto\u201d en los calificativos que dedica al agresor o al asesino. No voy a negar que me alegra.<\/p>\n\n\n\n<p class=\"wp-block-paragraph\">Pero salvo honrosas excepciones, \u00bfD\u00f3nde est\u00e1n los hombres?, \u00bfD\u00f3nde sus denuncias de estos asesinatos, violaciones etc.?, \u00bfD\u00f3nde est\u00e1n sus voces de condena contundente ante chistes machistas, im\u00e1genes que denigran o cosifican a las mujeres? No, no est\u00e1n, salvo, insisto, honrosas excepciones.<\/p>\n\n\n\n<p class=\"wp-block-paragraph\">Y no est\u00e1n, porque significar\u00eda renunciar a sus privilegios y eso no nos gusta a nadie.<\/p>\n\n\n\n<p class=\"wp-block-paragraph\">Significar\u00eda, adem\u00e1s, romper con las complicidades tejidas con otros hombres con los que compartir privilegios y salirse de un sistema que se sostiene gracias a esos privilegios y al sost\u00e9n y protecci\u00f3n que entre ellos se procuran.<\/p>\n\n\n\n<p class=\"wp-block-paragraph\">Y lo vemos claramente en la aplicaci\u00f3n de leyes sobre delitos cometidos contra la integridad f\u00edsica o emocional de las mujeres cuando siempre hay alguien que cuestiona las voces femeninas para favorecer las masculinas.<\/p>\n\n\n\n<p class=\"wp-block-paragraph\">Lo vemos tambi\u00e9n en la difusi\u00f3n de ese mismo tipo de noticias y en c\u00f3mo las mujeres, incluso con las que tienen responsabilidades p\u00fablicas, en alg\u00fan momento son calificadas en base a sus atuendos y no a sus buenas o malas praxis. Y eso nunca ocurre con los hombres.<\/p>\n\n\n\n<p class=\"wp-block-paragraph\">Tambi\u00e9n lo vemos en mas manifestaciones y declaraciones contra el sistema prostitucional en donde las voces de los hombres, pr\u00e1cticamente en su conjunto, desaparecen. No conozco ni a un solo hombre que reconozca haber consumido mujeres y, sin embargo, el Estado Espa\u00f1ol es el mayor consumidor de mujeres de toda Europa y el tercero del mundo. Las complicidades masculinas en este tema en concreto son, al menos para m\u00ed, alarmantes.<\/p>\n\n\n\n<p class=\"wp-block-paragraph\">La hipocres\u00eda de la negaci\u00f3n del consumo de mujeres esclavas sexuales de los proxenetas, junto con el disfrute de sus privilegios de uso y disfrute propio sin importar para nada ni el deseo ni el gozo de las mujeres prostituidas, es el m\u00e1ximo exponente de esos privilegios que antes mencionaba.<\/p>\n\n\n\n<p class=\"wp-block-paragraph\">&nbsp;&nbsp;&nbsp;&nbsp;&nbsp;&nbsp;&nbsp;&nbsp;&nbsp;&nbsp;&nbsp; Y esos privilegios cuentan con demasiadas complicidades, incluso femeninas como para permitir que se acabe el hecho de poder consumir mujeres esclavas al gusto. Esas complicidades est\u00e1n en todas partes. En la pol\u00edtica, en la econom\u00eda, en los medios de comunicaci\u00f3n, en los centros de trabajo, insisto, en todas partes, por eso es tan dif\u00edcil conseguir la abolici\u00f3n del sistema prostitucional.<\/p>\n\n\n\n<p class=\"wp-block-paragraph\">Un ejemplo, el pasado 28 de mayo se convoc\u00f3 una gran manifestaci\u00f3n por la aprobaci\u00f3n de la ley por la abolici\u00f3n del sistema prostitucional y la televisi\u00f3n p\u00fablica estatal dedic\u00f3 apenas treinta y siete segundos a informar. Al contrario, ocurri\u00f3 con la final de la Champions League masculina que, literalmente, se \u201ccomi\u00f3\u201d pr\u00e1cticamente todo el informativo del mediod\u00eda.<\/p>\n\n\n\n<p class=\"wp-block-paragraph\">Otro ejemplo, el exl\u00edder de Podemos, esa formaci\u00f3n chupiguay que pretende aprobar una ley que nos borre a las mujeres como sujetos pol\u00edticos espec\u00edficos, borrando incluso la propia palabra \u201cmujer\u201d, si, ese exl\u00edder reconvertido en tertuliano y comunicador de m\u00e1ximo nivel, se permiti\u00f3 descalificar con una foto previa a la manifestaci\u00f3n feminista, la propia manifestaci\u00f3n feminista. Si, as\u00ed pretenden que las mujeres les votemos en las pr\u00f3ximas elecciones. Lo tienen muy claro, al menos con mi voto\u2026<\/p>\n\n\n\n<p class=\"wp-block-paragraph\">Como podemos ver, el mantenimiento de los privilegios masculinos no entiende de clases sociales ni de l\u00f3gicas pol\u00edticas. Los defienden siempre y a capa y espada. Sean de donde sean.<\/p>\n\n\n\n<p class=\"wp-block-paragraph\">Tambi\u00e9n y afortunadamente, las feministas seguimos sumando voces y fuerzas al movimiento que ellos pretenden ningunear, desprestigiar y eliminar si fuera posible. Pero lo tienen bastante crudo, bastante crudo, porque la lucha feminista, al ser universalista y solidaria va mucho m\u00e1s all\u00e1 de los deseos individuales e insolidarios. Esa es nuestra fuerza.<\/p>\n\n\n\n<p class=\"wp-block-paragraph\">Viva ahora y siempre la fuerza del movimiento feminista. Por que fueron somos, y porque somos ser\u00e1n. \u00a1Siempre!!!<\/p>\n\n\n\n<p class=\"wp-block-paragraph\">*tmolla@telefonica.net<\/p>\n","protected":false},"excerpt":{"rendered":"<p>Salvo honrosas excepciones, \u00bfD\u00f3nde est\u00e1n los hombres?, \u00bfD\u00f3nde sus denuncias a los asesinatos, violaciones etc.?, \u00bfD\u00f3nde est\u00e1n sus voces de condena contundente ante chistes machistas, im\u00e1genes que denigran o cosifican a las mujeres?<\/p>\n","protected":false},"author":3,"featured_media":43083,"comment_status":"open","ping_status":"open","sticky":false,"template":"","format":"standard","meta":{"_monsterinsights_skip_tracking":false,"footnotes":""},"categories":[693,110,35],"tags":[],"class_list":["post-50921","post","type-post","status-publish","format-standard","has-post-thumbnail","category-693","category-la-opinion-columnas","category-opinion"],"_links":{"self":[{"href":"https:\/\/redsemlac.com\/semmexico\/wp-json\/wp\/v2\/posts\/50921","targetHints":{"allow":["GET"]}}],"collection":[{"href":"https:\/\/redsemlac.com\/semmexico\/wp-json\/wp\/v2\/posts"}],"about":[{"href":"https:\/\/redsemlac.com\/semmexico\/wp-json\/wp\/v2\/types\/post"}],"author":[{"embeddable":true,"href":"https:\/\/redsemlac.com\/semmexico\/wp-json\/wp\/v2\/users\/3"}],"replies":[{"embeddable":true,"href":"https:\/\/redsemlac.com\/semmexico\/wp-json\/wp\/v2\/comments?post=50921"}],"version-history":[{"count":0,"href":"https:\/\/redsemlac.com\/semmexico\/wp-json\/wp\/v2\/posts\/50921\/revisions"}],"wp:featuredmedia":[{"embeddable":true,"href":"https:\/\/redsemlac.com\/semmexico\/wp-json\/wp\/v2\/media\/43083"}],"wp:attachment":[{"href":"https:\/\/redsemlac.com\/semmexico\/wp-json\/wp\/v2\/media?parent=50921"}],"wp:term":[{"taxonomy":"category","embeddable":true,"href":"https:\/\/redsemlac.com\/semmexico\/wp-json\/wp\/v2\/categories?post=50921"},{"taxonomy":"post_tag","embeddable":true,"href":"https:\/\/redsemlac.com\/semmexico\/wp-json\/wp\/v2\/tags?post=50921"}],"curies":[{"name":"wp","href":"https:\/\/api.w.org\/{rel}","templated":true}]}}