{"id":50919,"date":"2022-05-29T13:23:24","date_gmt":"2022-05-29T19:23:24","guid":{"rendered":"https:\/\/redsemlac.com\/semmexico\/?p=50919"},"modified":"2023-07-21T19:05:46","modified_gmt":"2023-07-22T00:05:46","slug":"alfa-omega-la-unam-rinde-homenaje-a-maestros-decanos","status":"publish","type":"post","link":"https:\/\/redsemlac.com\/semmexico\/alfa-omega-la-unam-rinde-homenaje-a-maestros-decanos\/","title":{"rendered":"Alfa\u00a0 Omega| La UNAM Rinde Homenaje a Maestros Decanos"},"content":{"rendered":"\n<p class=\"wp-block-paragraph\">Jorge Herrera Valenzuela<\/p>\n\n\n\n<p class=\"wp-block-paragraph\">EL DR JORGE AVI\u00d1A AFIRMA: SER PROFESOR DE LA UNAM ES UN PRIVILEGIO<\/p>\n\n\n\n<p class=\"wp-block-paragraph\">SemM\u00e9xico, Ciudad de M\u00e9xico, 29 de mayo, 2022.- Con dos celebraciones plenamente acad\u00e9micas, realizadas los d\u00edas 13 y 26 de este mayo, los maestros y maestras de las diferentes facultades, escuelas e institutos de nuestra M\u00e1xima Casa de Estudios, la Universidad Nacional Aut\u00f3noma de M\u00e9xico, recibieron un merecido reconocimiento por su labor realizada al impartir conocimientos, en las diferentes licenciaturas y especializaciones, a las nuevas generaciones de profesionistas.<\/p>\n\n\n\n<p class=\"wp-block-paragraph\">El Rector Enrique Graue Wiechers presidi\u00f3 la ceremonia del D\u00eda del Maestro y de la Maestra y entreg\u00f3 diplomas y medallas a 111 catedr\u00e1ticos, incluyendo a los que cumplieron 50 a\u00f1os ininterrumpidos impartiendo cursos y a cuatro que la Junta de Gobierno determin\u00f3 otorgar a tres el grado de Profesor Em\u00e9rito y a uno el de Investigador Em\u00e9rito. Como testigos estuvieron los Exrectores Jos\u00e9 Sarukhan Kermez y Francisco Barn\u00e9s de Castro.<\/p>\n\n\n\n<p class=\"wp-block-paragraph\">En este concurrido evento universitario, en la Sala Miguel Covarrubias, el doctor Graue Wiechers manifest\u00f3:\u201d La UNAM seguir\u00e1 siendo un espacio donde la libertad y la verdad imperen, un lugar de tolerancia, respeto y pensamientos independientes, una rep\u00fablica del saber, en donde siempre prevalezca la raz\u00f3n y el progreso\u201d.<\/p>\n\n\n\n<p class=\"wp-block-paragraph\">El historiador y acad\u00e9mico Javier Garc\u00edadiego Dat\u00e1n dijo: \u201cLa mec\u00e1nica de la designaci\u00f3n de la Junta de Gobierno es atinada y democr\u00e1tica y por ello cuenta con legalidad plena y total legitimidad\u2026Eso ha permitido la estabilidad a la instituci\u00f3n\u201d. El doctor Garc\u00edadiego y el maestro Oscar de Buen Richkarladay terminan su participaci\u00f3n en la Junta de Gobierno.<\/p>\n\n\n\n<p class=\"wp-block-paragraph\">Hubo otros oradores, entre ellos la maestra en la Facultad de Qu\u00edmica, Lena Ruiz Azuara, quien represent\u00f3 a quienes recibieron Diploma firmado por el doctor Graue Wiechers y una Medalla de Oro, por 50 a\u00f1os como catedr\u00e1ticos. La maestra manifest\u00f3: \u201cTransmitimos los principios human\u00edsticos, cient\u00edficos y sociales, fundamento de nuestra Universidad, que son el orgullo de pertenecer a ella\u201d.<\/p>\n\n\n\n<p class=\"wp-block-paragraph\">En ese mismo acto, el rector Graue Wiechers dio a conocer los nombramientos de tres profesores em\u00e9ritos y un investigador em\u00e9rito. Los consejos t\u00e9cnicos de cada facultad, escuela o instituto, hacen la propuesta de los candidatos y el Consejo Universitario da la aprobaci\u00f3n, como sucedi\u00f3 en estos cuatro casos. Los homenajeados son catedr\u00e1ticos de la UNAM con reconocimiento internacional y con d\u00e9cadas de guiar a nuevas generaciones.<\/p>\n\n\n\n<p class=\"wp-block-paragraph\">La psic\u00f3loga Mar\u00eda Emilia Lucio y G\u00f3mez Maqueo junto con el coahuilense ingeniero petrolero Fernando Samaniego Verduzco y el doctor en Filosof\u00eda Antonio Benigno Ruibal Garc\u00eda, recibieron el nombramiento de profesores em\u00e9ritos. Por unanimidad, en su segunda sesi\u00f3n del a\u00f1o, el Consejo Universitario dio el grado de investigador em\u00e9rito al exdirector del Instituto de Matem\u00e1ticas, Jos\u00e9 Antonio Stephan de la Pe\u00f1a y Mena.<\/p>\n\n\n\n<p class=\"wp-block-paragraph\">NUESTROS M\u00c9DICOS SON EJEMPLO<\/p>\n\n\n\n<p class=\"wp-block-paragraph\">En el Auditorio Dr. Raoul Fournier Villada, de la Facultad de Medicina, en Ciudad Universitaria, el pasado jueves el director de la instituci\u00f3n, el doctor Germ\u00e1n Enrique Fajardo Dolci presidi\u00f3 la ceremonia en que se otorgaron diplomas y medallas a los profesores que han impartidos clases, ininterrumpidamente, durante 50 a\u00f1os, otros que cumplieron 35, 15 y un grupo m\u00e1s de estar en la c\u00e1tedra en los recientes 10 a\u00f1os.<\/p>\n\n\n\n<p class=\"wp-block-paragraph\">Acompa\u00f1aron al doctor Fajardo Dolci, en el pres\u00eddium, las doctoras y maestras Irene Durante Montiel, Ana Elena Lim\u00f3n Rojas y Elvira Sandoval Bosch (Decana con 50 a\u00f1os) y el catedr\u00e1tico, decano del Consejo T\u00e9cnico de la Facultad y Decano con 50 a\u00f1os de profesor de Traumatolog\u00eda y Ortopedia, el doctor Jorge Arturo Avi\u00f1a Valencia.<\/p>\n\n\n\n<p class=\"wp-block-paragraph\">El doctor Fajardo Dolci felicit\u00f3 a los recipiendarios de diplomas y medallas, manifestando que los m\u00e9dicos egresados de nuestra M\u00e1xima Casa de Estudios, son un ejemplo a seguir por su preparaci\u00f3n te\u00f3rica, por sus a\u00f1os de pr\u00e1ctica y especializaci\u00f3n. Expres\u00f3 que todos, maestros y alumnos, se distinguen por su \u00e9tica, su entereza y hacer, diariamente, v\u00e1lido el lema de la facultad \u201cVivir para los dem\u00e1s\u201d.<\/p>\n\n\n\n<p class=\"wp-block-paragraph\">La doctora Lim\u00f3n Rojas, Coordinadora de la Licenciatura en Ciencias de la Nutrici\u00f3n, una nueva carrera, habl\u00f3 en representaci\u00f3n de los maestros \u201cm\u00e1s j\u00f3venes\u201d, los que tienen 10 a\u00f1os en la c\u00e1tedra. Pronunci\u00f3 unas palabras con mucha emoci\u00f3n y fue muy aplaudida, se le derramaron las l\u00e1grimas. Dijo sentirse orgullosa de estar en la Facultad de Medicina y dio gracias a sus padres que la respaldan.<\/p>\n\n\n\n<p class=\"wp-block-paragraph\">MENSAJE A FUTUROS M\u00c9DICOS<\/p>\n\n\n\n<p class=\"wp-block-paragraph\">El doctor Avi\u00f1a Valencia, calificado como un maestro muy querido en la Casa de Estudios, al hablar en representaci\u00f3n de maestras y maestros con 50 a\u00f1os, envi\u00f3 un mensaje a los estudiantes que se preparan para ejercer la medicina.<\/p>\n\n\n\n<p class=\"wp-block-paragraph\">\u201cA las nuevas generaciones les digo que vivan plenamente la etapa de estudiantes, aprendan de sus maestros la vocaci\u00f3n de la medicina y de servir.<\/p>\n\n\n\n<p class=\"wp-block-paragraph\">\u201cLa medicina es un apostolado que requiere un esfuerzo extraodinario, un esfuerzo que en m\u00faltiples ocasiones cuestiona nuestras habilidades, nuestra paciencia e incluso nuestra vocaci\u00f3n.<\/p>\n\n\n\n<p class=\"wp-block-paragraph\">\u201cSe los asegur\u00f3, hoy despu\u00e9s de m\u00e1s de 50 a\u00f1os de experiencia, nuestra profesi\u00f3n brinda infinitas satisfacciones que hoy puedo resumir en una sola palabra: VIDA\u201d.<\/p>\n\n\n\n<p class=\"wp-block-paragraph\">Antes de recibir un sonoro aplauso, el auditorio estaba lleno en sus tres pisos, el exdirector el Hospital de Traumatolog\u00eda de Magdalena de las Salinas, del IMSS, y exdirector del Hospital de Xoco, de la Ciudad de M\u00e9xico, el doctor Jorge A. Avi\u00f1a Valencia expres\u00f3 su agradecimiento a quienes le impartieron conocimientos. Sus palabras fueron:<\/p>\n\n\n\n<p class=\"wp-block-paragraph\">\u201cGracias a aquellas maestras y maestros que, con su paciencia y profesionalismo, nos transmitieron y llenaron de conocimientos. Hoy gracias a todos ellos estamos aqu\u00ed reunidos, para ellos mi eterno reconocimiento. Muchas Felicidades. Por Mi Raza Hablar\u00e1 Mi Esp\u00edritu\u201d.<\/p>\n\n\n\n<p class=\"wp-block-paragraph\">jherrerav@live.com.mx<\/p>\n","protected":false},"excerpt":{"rendered":"<p>Con dos celebraciones plenamente acad\u00e9micas, realizadas los d\u00edas 13 y 26 de este mayo, los maestros y maestras de las diferentes facultades, escuelas e institutos de nuestra M\u00e1xima Casa de Estudios, la UNAM recibieron un merecido reconocimiento por su labor realizada al impartir conocimientos.<\/p>\n","protected":false},"author":3,"featured_media":38023,"comment_status":"open","ping_status":"open","sticky":false,"template":"","format":"standard","meta":{"_monsterinsights_skip_tracking":false,"footnotes":""},"categories":[693,94,35],"tags":[],"class_list":["post-50919","post","type-post","status-publish","format-standard","has-post-thumbnail","category-693","category-jorge-herrera-valenzuela","category-opinion"],"_links":{"self":[{"href":"https:\/\/redsemlac.com\/semmexico\/wp-json\/wp\/v2\/posts\/50919","targetHints":{"allow":["GET"]}}],"collection":[{"href":"https:\/\/redsemlac.com\/semmexico\/wp-json\/wp\/v2\/posts"}],"about":[{"href":"https:\/\/redsemlac.com\/semmexico\/wp-json\/wp\/v2\/types\/post"}],"author":[{"embeddable":true,"href":"https:\/\/redsemlac.com\/semmexico\/wp-json\/wp\/v2\/users\/3"}],"replies":[{"embeddable":true,"href":"https:\/\/redsemlac.com\/semmexico\/wp-json\/wp\/v2\/comments?post=50919"}],"version-history":[{"count":0,"href":"https:\/\/redsemlac.com\/semmexico\/wp-json\/wp\/v2\/posts\/50919\/revisions"}],"wp:featuredmedia":[{"embeddable":true,"href":"https:\/\/redsemlac.com\/semmexico\/wp-json\/wp\/v2\/media\/38023"}],"wp:attachment":[{"href":"https:\/\/redsemlac.com\/semmexico\/wp-json\/wp\/v2\/media?parent=50919"}],"wp:term":[{"taxonomy":"category","embeddable":true,"href":"https:\/\/redsemlac.com\/semmexico\/wp-json\/wp\/v2\/categories?post=50919"},{"taxonomy":"post_tag","embeddable":true,"href":"https:\/\/redsemlac.com\/semmexico\/wp-json\/wp\/v2\/tags?post=50919"}],"curies":[{"name":"wp","href":"https:\/\/api.w.org\/{rel}","templated":true}]}}