{"id":50910,"date":"2022-05-29T13:15:46","date_gmt":"2022-05-29T19:15:46","guid":{"rendered":"https:\/\/redsemlac.com\/semmexico\/?p=50910"},"modified":"2023-07-21T19:05:46","modified_gmt":"2023-07-22T00:05:46","slug":"destacadas-referentes-feministas-se-solidarizan-con-la-lucha-por-el-aborto-legal-en-ee-uu","status":"publish","type":"post","link":"https:\/\/redsemlac.com\/semmexico\/destacadas-referentes-feministas-se-solidarizan-con-la-lucha-por-el-aborto-legal-en-ee-uu\/","title":{"rendered":"Destacadas referentes feministas se solidarizan con la lucha por el aborto legal en EE.UU."},"content":{"rendered":"\n<p class=\"wp-block-paragraph\">El petitorio internacional, impulsado por las agrupaciones feministas socialistas Pan y Rosas en diversos pa\u00edses, ha recogido importantes firmas de Argentina, Francia, Estados Unidos, Espa\u00f1a, Italia y otros lugares<\/p>\n\n\n\n<p class=\"wp-block-paragraph\">Redacci\u00f3n<\/p>\n\n\n\n<p class=\"wp-block-paragraph\">SemM\u00e9xico\/AmecoPress, Madrid, Espa\u00f1a, 29 de mayo 2022.- La Red Internacional. Difunde:<br>\u00ab\u00a1Ni un paso atr\u00e1s! Solidaridad internacional por el derecho al aborto en Estados Unidos\u00bb se titula la declaraci\u00f3n que denuncia que el ataque al fallo Roe vs Wade \u00absignificar\u00e1 un retroceso hist\u00f3rico contra el derecho de las mujeres y las personas con capacidad de gestar para decidir sobre su propio cuerpo. Algo que afectar\u00e1 especialmente a las mujeres m\u00e1s pobres, a las mujeres negras, latinas y migrantes\u00bb.<\/p>\n\n\n\n<p class=\"wp-block-paragraph\">El petitorio se\u00f1ala que la responsabilidad \u00abest\u00e1 ahora en la Corte Suprema, con mayor\u00eda conservadora.\u00bb Pero que el Partido Republicano \u00ablleva tiempo atacando este derecho\u00bb y que el Partido Dem\u00f3crata se neg\u00f3 a votar la legalizaci\u00f3n del aborto \u00abcada una de las veces que tuvo mayor\u00eda legislativa\u00bb. Por eso, las firmantes declaran: \u00abFeministas de diversos pa\u00edses en los \u00faltimos a\u00f1os nos hemos movilizado en la \u2019Marea verde\u2019 de Argentina y Am\u00e9rica Latina, por el derecho al aborto en Polonia e Irlanda, en las huelgas de mujeres y en las movilizaciones contra la violencia machista y hom\u00f3foba en muchos pa\u00edses. Porque sabemos que la \u00fanica manera de conquistar todos nuestros derechos es con la movilizaci\u00f3n en las calles\u00bb.<\/p>\n\n\n\n<p class=\"wp-block-paragraph\">Entre las firmas m\u00e1s destacadas se encuentra la de Lise Vogel, una de las pioneras en reflexionar sobre la funcionalidad del trabajo reproductivo gratuito en el modo de producci\u00f3n capitalista. La soci\u00f3loga e historiadora norteamericana es la te\u00f3rica feminista marxista cuyas elaboraciones fueron fundantes de la Teor\u00eda de la Reproducci\u00f3n Social.<\/p>\n\n\n\n<div class=\"wp-block-image\"><figure class=\"aligncenter size-full\"><a href=\"https:\/\/redsemlac.com\/semmexico\/wp-content\/uploads\/2022\/05\/feministas-lucha-por-el-aborto-02.jpg\"><img loading=\"lazy\" decoding=\"async\" width=\"674\" height=\"419\" src=\"https:\/\/redsemlac.com\/semmexico\/wp-content\/uploads\/2022\/05\/feministas-lucha-por-el-aborto-02.jpg\" alt=\"\" class=\"wp-image-50912\"\/><\/a><\/figure><\/div>\n\n\n\n<p class=\"wp-block-paragraph\">Tambi\u00e9n ha firmado la polit\u00f3loga francesa, feminista y antirracista, Fran\u00e7oise Verg\u00e8s. Es consultora del Center for Cultural Studies, de Londres y presidenta del Comit\u00e9 por la Memoria y la Historia de la Esclavitud, de Francia. Su libro Feminismo descolonial, comienza con el triunfo de la huelga de las trabajadoras de ONET. La victoria sobre la empresa contratada por el sistema nacional ferroviario de Francia para limpiar las estaciones de tren permite a Verg\u00e8s demostrar la combinaci\u00f3n de racializaci\u00f3n, feminizaci\u00f3n, explotaci\u00f3n, invisibilizaci\u00f3n, violencias sexuales y sexistas que act\u00faan en la industria de la limpieza. Pero, sobre todo, apuntar\u00e1 a definir el campo te\u00f3rico de un feminismo descolonial y a demostrar la evoluci\u00f3n antag\u00f3nica de lo que denomina un \u201cfeminismo civilizatorio del siglo XXI\u201d, propio de los pa\u00edses imperialistas.<\/p>\n\n\n\n<div class=\"wp-block-image\"><figure class=\"aligncenter size-full\"><a href=\"https:\/\/redsemlac.com\/semmexico\/wp-content\/uploads\/2022\/05\/feministas-lucha-por-el-aborto-03.jpg\"><img loading=\"lazy\" decoding=\"async\" width=\"674\" height=\"408\" src=\"https:\/\/redsemlac.com\/semmexico\/wp-content\/uploads\/2022\/05\/feministas-lucha-por-el-aborto-03.jpg\" alt=\"\" class=\"wp-image-50913\"\/><\/a><\/figure><\/div>\n\n\n\n<p class=\"wp-block-paragraph\">Del Pa\u00eds Vasco, firma Jule Goikoetxea, fil\u00f3sofa pol\u00edtica, escritora y activista feminista, conocida por sus posiciones independentistas y anticapitalistas. Conocida por sus aportes a la teor\u00eda del discurso y la comunicaci\u00f3n, el feminismo materialista, sus elaboraciones critican la democracia patriarcal, el nacionalismo y el estado.<\/p>\n\n\n\n<div class=\"wp-block-image\"><figure class=\"aligncenter size-full\"><a href=\"https:\/\/redsemlac.com\/semmexico\/wp-content\/uploads\/2022\/05\/feministas-lucha-por-el-aborto-04.jpg\"><img loading=\"lazy\" decoding=\"async\" width=\"665\" height=\"524\" src=\"https:\/\/redsemlac.com\/semmexico\/wp-content\/uploads\/2022\/05\/feministas-lucha-por-el-aborto-04.jpg\" alt=\"\" class=\"wp-image-50914\"\/><\/a><\/figure><\/div>\n\n\n\n<p class=\"wp-block-paragraph\">Jules Falquet, doctora en sociolog\u00eda, activista lesbiana y feminista, tambi\u00e9n adjunt\u00f3 su firma. Nacida en Francia, vivi\u00f3 en Brasil, M\u00e9xico y El Salvador donde investig\u00f3 sobre los movimientos de mujeres y feministas de Am\u00e9rica Latina, adem\u00e1s de estudiar sobre los movimientos rurales-campesinos-ind\u00edgenas, como el FMLN, el zapatismo y el Movimiento Sin Tierra. Tambi\u00e9n es co-fundadora de Brecha L\u00e9sbica, colectivo l\u00e9sbico-feminista aut\u00f3nomo transnacional antirracista y anticapitalista.<\/p>\n\n\n\n<div class=\"wp-block-image\"><figure class=\"aligncenter size-full\"><a href=\"https:\/\/redsemlac.com\/semmexico\/wp-content\/uploads\/2022\/05\/feministas-lucha-por-el-aborto-05.jpg\"><img loading=\"lazy\" decoding=\"async\" width=\"650\" height=\"401\" src=\"https:\/\/redsemlac.com\/semmexico\/wp-content\/uploads\/2022\/05\/feministas-lucha-por-el-aborto-05.jpg\" alt=\"\" class=\"wp-image-50915\"\/><\/a><\/figure><\/div>\n\n\n\n<p class=\"wp-block-paragraph\">Desde Argentina, entre cientos de firmas, se destacan la doctora en Filosof\u00eda, Diana Maff\u00eda, profesora de la Universidad de Buenos Aires y otras universidades nacionales e internacionales, ex Defensora del Pueblo y ex Diputada nacional, actualmente preside el Observatorio de G\u00e9nero en la Justicia, dependiente del Consejo de la Magistratura de la Ciudad de Buenos Aires.<\/p>\n\n\n\n<p class=\"wp-block-paragraph\">Tambi\u00e9n, la economista feminista Candelaria Botto del colectivo EconoFeminita, del cual tambi\u00e9n adjuntaron su firma la doctora en Filosof\u00eda Danila Su\u00e1rez Tom\u00e9 y la divulgadora cient\u00edfica Agostina Mileo, conocida en redes sociales como \u00abLa Barbie Cient\u00edfica\u00bb.<\/p>\n\n\n\n<div class=\"wp-block-image\"><figure class=\"aligncenter size-full\"><a href=\"https:\/\/redsemlac.com\/semmexico\/wp-content\/uploads\/2022\/05\/feministas-lucha-por-el-aborto-06.jpg\"><img loading=\"lazy\" decoding=\"async\" width=\"648\" height=\"432\" src=\"https:\/\/redsemlac.com\/semmexico\/wp-content\/uploads\/2022\/05\/feministas-lucha-por-el-aborto-06.jpg\" alt=\"\" class=\"wp-image-50916\"\/><\/a><\/figure><\/div>\n\n\n\n<p class=\"wp-block-paragraph\">Entre decenas de firmas de dirigentes sindicales, estudiantiles, legisladoras, intelectuales y otras referentes del Partido de Trabajadores Socialistas (PTS), destacamos la de la Diputada nacional Myriam Bregman y la legisladora Alejandrina Barry, ambas integrantes del Centro de Profesionales por los Derechos Humanos, figuras reconocidas por su lucha contra la impunidad de los genocidas de la \u00faltima dictadura militar.<\/p>\n\n\n\n<div class=\"wp-block-image\"><figure class=\"aligncenter size-full\"><a href=\"https:\/\/redsemlac.com\/semmexico\/wp-content\/uploads\/2022\/05\/feministas-lucha-por-el-aborto-07.jpg\"><img loading=\"lazy\" decoding=\"async\" width=\"648\" height=\"427\" src=\"https:\/\/redsemlac.com\/semmexico\/wp-content\/uploads\/2022\/05\/feministas-lucha-por-el-aborto-07.jpg\" alt=\"\" class=\"wp-image-50917\"\/><\/a><\/figure><\/div>\n\n\n\n<p class=\"wp-block-paragraph\">Fotos: Red Internacional.<\/p>\n","protected":false},"excerpt":{"rendered":"<p>La Red Internacional. Difunde: \u00ab\u00a1Ni un paso atr\u00e1s! Solidaridad internacional por el derecho al aborto en Estados Unidos\u00bb <\/p>\n","protected":false},"author":3,"featured_media":50911,"comment_status":"open","ping_status":"open","sticky":false,"template":"","format":"standard","meta":{"_monsterinsights_skip_tracking":false,"footnotes":""},"categories":[693,53],"tags":[],"class_list":["post-50910","post","type-post","status-publish","format-standard","has-post-thumbnail","category-693","category-internacional"],"_links":{"self":[{"href":"https:\/\/redsemlac.com\/semmexico\/wp-json\/wp\/v2\/posts\/50910","targetHints":{"allow":["GET"]}}],"collection":[{"href":"https:\/\/redsemlac.com\/semmexico\/wp-json\/wp\/v2\/posts"}],"about":[{"href":"https:\/\/redsemlac.com\/semmexico\/wp-json\/wp\/v2\/types\/post"}],"author":[{"embeddable":true,"href":"https:\/\/redsemlac.com\/semmexico\/wp-json\/wp\/v2\/users\/3"}],"replies":[{"embeddable":true,"href":"https:\/\/redsemlac.com\/semmexico\/wp-json\/wp\/v2\/comments?post=50910"}],"version-history":[{"count":0,"href":"https:\/\/redsemlac.com\/semmexico\/wp-json\/wp\/v2\/posts\/50910\/revisions"}],"wp:featuredmedia":[{"embeddable":true,"href":"https:\/\/redsemlac.com\/semmexico\/wp-json\/wp\/v2\/media\/50911"}],"wp:attachment":[{"href":"https:\/\/redsemlac.com\/semmexico\/wp-json\/wp\/v2\/media?parent=50910"}],"wp:term":[{"taxonomy":"category","embeddable":true,"href":"https:\/\/redsemlac.com\/semmexico\/wp-json\/wp\/v2\/categories?post=50910"},{"taxonomy":"post_tag","embeddable":true,"href":"https:\/\/redsemlac.com\/semmexico\/wp-json\/wp\/v2\/tags?post=50910"}],"curies":[{"name":"wp","href":"https:\/\/api.w.org\/{rel}","templated":true}]}}