{"id":50904,"date":"2022-05-29T13:07:26","date_gmt":"2022-05-29T19:07:26","guid":{"rendered":"https:\/\/redsemlac.com\/semmexico\/?p=50904"},"modified":"2023-07-21T19:05:46","modified_gmt":"2023-07-22T00:05:46","slug":"quien-era-cecilia-monzon-la-abogada-y-activista-asesinada-en-puebla","status":"publish","type":"post","link":"https:\/\/redsemlac.com\/semmexico\/quien-era-cecilia-monzon-la-abogada-y-activista-asesinada-en-puebla\/","title":{"rendered":"\u00bfQui\u00e9n era Cecilia Monz\u00f3n, la abogada y activista asesinada en Puebla?"},"content":{"rendered":"\n<p class=\"has-small-font-size wp-block-paragraph\" style=\"font-style:normal;font-weight:100\">Colectivas de feministas y defensoras de los derechos humanos protestaron este domingo frente a las instalaciones de la Fiscal\u00eda General de Puebla para exigir justicia por el asesinato de la activista y abogada Cecilia Monz\u00f3n.\u00a0(EFE\/Cuartoscuro)<\/p>\n\n\n\n<p class=\"wp-block-paragraph\">Hasta ahora no hay resultado de las investigaciones: colectivas feministas<\/p>\n\n\n\n<p class=\"wp-block-paragraph\">\u00abCeci\u00bb formaba parte de Mujeres L\u00edderes de las Am\u00e9ricas; integrante de la Red Nacional Feminista Colectivo Kybernus y del primer Parlamento de Mujeres en el Estado de Puebla.<\/p>\n\n\n\n<p class=\"wp-block-paragraph\">Elvia Cruz<\/p>\n\n\n\n<p class=\"wp-block-paragraph\">SemM\u00e9xico\/Expansi\u00f3n, Puebla de los \u00c1ngeles, 29 de mayo, 2022.- \u00abLucho por la igualdad, por la paz, por la justicia, por el amortz (&#8230;)\u00bb, dice Cecilia Monz\u00f3n en un video que se ha hecho viral en redes sociales, en el que se le ve con un disfraz de mujer maravilla junto a ni\u00f1os con c\u00e1ncer.<\/p>\n\n\n\n<p class=\"wp-block-paragraph\">As\u00ed era Ceci, como la conocen de cari\u00f1o. Una mujer alegre, con una sonrisa ruidosa que contagiaba a cualquiera que estuviera cerca de ella. Solidaria con las causas en favor de las mujeres y los ni\u00f1os.<\/p>\n\n\n\n<p class=\"wp-block-paragraph\">Cecilia fue asesinada a balazos la ma\u00f1ana del s\u00e1bado 21 de mayo en su natal San Pedro Cholula, Puebla, por dos hombres en motocicleta que la siguieron desde el Perif\u00e9rico cuando ella conduc\u00eda su camioneta. Fue un ataque directo, han reconocido las autoridades locales y federales.<\/p>\n\n\n\n<p class=\"wp-block-paragraph\">Esa ma\u00f1ana Cecilia despert\u00f3 recordando uno de los mandamientos del abogado. \u201cTu deber es luchar por el derecho; pero el d\u00eda en que encuentres en conflicto el derecho con la justicia, lucha por la justicia\u201d, escribi\u00f3 en su cuenta de Twitter a las 8:01 horas.<\/p>\n\n\n\n<p class=\"wp-block-paragraph\">Despu\u00e9s de citar este dec\u00e1logo del jurista uruguayo Eduardo J. Couture, a\u00f1adi\u00f3: \u00abBuenos d\u00edas, criaturas del oeste\u201d.<\/p>\n\n\n\n<p class=\"wp-block-paragraph\">Cecilia era abogada por la Benem\u00e9rita Universidad Aut\u00f3noma de Puebla (BUAP), con especialidad en Derecho Penal y ten\u00eda una maestr\u00eda en Sistema Penal Acusatorio en el Instituto de Estudios Judiciales del Poder Judicial del Estado de Puebla.<\/p>\n\n\n\n<figure class=\"wp-block-embed is-type-rich is-provider-twitter wp-block-embed-twitter\"><div class=\"wp-block-embed__wrapper\">\n<blockquote class=\"twitter-tweet\" data-width=\"550\" data-dnt=\"true\"><p lang=\"es\" dir=\"ltr\">Ella era Cecilia Monz\u00f3n.<a href=\"https:\/\/twitter.com\/hashtag\/CeciliaMonz%C3%B3n?src=hash&amp;ref_src=twsrc%5Etfw\">#CeciliaMonz\u00f3n<\/a> <a href=\"https:\/\/twitter.com\/hashtag\/JusticiaParaCecilia?src=hash&amp;ref_src=twsrc%5Etfw\">#JusticiaParaCecilia<\/a><a href=\"https:\/\/twitter.com\/hashtag\/JusticiaParaCeciliaMonz%C3%B3n?src=hash&amp;ref_src=twsrc%5Etfw\">#JusticiaParaCeciliaMonz\u00f3n<\/a> <a href=\"https:\/\/t.co\/dEjxRYKuhN\">pic.twitter.com\/dEjxRYKuhN<\/a><\/p>&mdash; Rafa Reyes (@RafaActivista) <a href=\"https:\/\/twitter.com\/RafaActivista\/status\/1528378624377769984?ref_src=twsrc%5Etfw\">May 22, 2022<\/a><\/blockquote><script async src=\"https:\/\/platform.twitter.com\/widgets.js\" charset=\"utf-8\"><\/script>\n<\/div><\/figure>\n\n\n\n<p class=\"wp-block-paragraph\">Cecilia Monz\u00f3n, la abogada de las mujeres<\/p>\n\n\n\n<p class=\"wp-block-paragraph\">En algunas pl\u00e1ticas, Cecilia Monz\u00f3n llegaba a contar que cre\u00eda que su esp\u00edritu insurrecto lo hered\u00f3 de su abuelo materno, Filem\u00f3n P\u00e9rez C\u00e1zarez, un reconocido l\u00edder cholulteca en los a\u00f1os 70 y 80.<\/p>\n\n\n\n<p class=\"wp-block-paragraph\">Desde muy joven particip\u00f3 en actividades para la defensa de los animales y mujeres en situaci\u00f3n vulnerable.<\/p>\n\n\n\n<p class=\"wp-block-paragraph\">No hab\u00eda marcha feminista en la que no participara. Era una figura p\u00fablica en Puebla, pues siempre alz\u00f3 la voz para exigir justicia por otras y recurr\u00eda a medios de comunicaci\u00f3n para denunciar injusticias en los casos de violencia contra mujeres que representaba.<\/p>\n\n\n\n<p class=\"wp-block-paragraph\">Algunas de estas mujeres se manifestaron este domingo frente a la Fiscal\u00eda de Puebla para exigir detener a los asesinos intelectuales y materiales de Ceci.<\/p>\n\n\n\n<p class=\"wp-block-paragraph\">\u201cTodas las mujeres que ella (Cecilia) proteg\u00eda, quedamos desprotegidas\u201d, lamentaba Ivonne Flores entre l\u00e1grimas.<\/p>\n\n\n\n<h2 class=\"wp-block-heading\" id=\"espana-condena-firmemente-el-brutal-asesinato-de-la-abogada-espanola-y-defensora-de-los-derechos-humanos-cecilia-monzon-perez-perpetrado-en-puebla-mexico-asimismo-traslada-sus-mas-sinceras-condolencias-y-profunda-solidaridad-a-su-familia-y-amigos-https-bit-ly-39lnnl0\">Espa\u00f1a condena firmemente el brutal asesinato de la abogada espa\u00f1ola y defensora de los derechos humanos Cecilia Monz\u00f3n P\u00e9rez, perpetrado en Puebla (M\u00e9xico). Asimismo, traslada sus m\u00e1s sinceras condolencias y profunda solidaridad a su familia y amigos.\u00a0 <a href=\"https:\/\/bit.ly\/39LnNl0\">https:\/\/bit.ly\/39LnNl0<\/a><a href=\"https:\/\/twitter.com\/MAECgob\/status\/1528751203341025281\/photo\/1\"><\/a><\/h2>\n\n\n\n<figure class=\"wp-block-image size-full\"><a href=\"https:\/\/redsemlac.com\/semmexico\/wp-content\/uploads\/2022\/05\/cecilia-monzon-02.jpg\"><img loading=\"lazy\" decoding=\"async\" width=\"679\" height=\"382\" src=\"https:\/\/redsemlac.com\/semmexico\/wp-content\/uploads\/2022\/05\/cecilia-monzon-02.jpg\" alt=\"\" class=\"wp-image-50907\"\/><\/a><\/figure>\n\n\n\n<p class=\"wp-block-paragraph\">Desde antes de su homicidio, Cecilia Monz\u00f3n era reconocida como \u00abla abogada de las mujeres\u00bb.<\/p>\n\n\n\n<p class=\"wp-block-paragraph\">Ceci no solo luchaba en tribunales contra hombres violentadores de mujeres, sino tambi\u00e9n lidiaba con un caso personal: el reclamo de pensi\u00f3n alimenticia contra el padre de su hijo, Javier L\u00f3pez Zavala, exsecretario de Desarrollo Social en el gobierno de Mario Mar\u00edn Torres (2005-2011) y excandidato a la gubernatura de Puebla.<\/p>\n\n\n\n<p class=\"wp-block-paragraph\">El viernes, un d\u00eda antes de ser asesinada, acudi\u00f3 a la Fiscal\u00eda local para preguntar por qu\u00e9 no se hab\u00eda judicializado la carpeta de este caso, aun cuando ya hab\u00eda entregado todos los elementos para ello.<\/p>\n\n\n\n<p class=\"wp-block-paragraph\">En 2018, cuando ella fue candidata del Partido Verde a la presidencia de San Pedro Cholula, Monz\u00f3n denunci\u00f3 por violencia pol\u00edtica de g\u00e9nero al pol\u00edtico Manlio L\u00f3pez Contreras, quien la llam\u00f3 \u00absoci\u00f3pata\u00bb.<\/p>\n\n\n\n<p class=\"wp-block-paragraph\">Despu\u00e9s, en 2019, la activista acus\u00f3 amenazas de muerte por parte EE Manlio. Relat\u00f3 que le llegaron por Facebook. Le recomendaron tener cuidado con los frenos de su camioneta y contratar a una nana para su hijo porque pronto su ausencia ser\u00eda larga. Aunque solicit\u00f3 protecci\u00f3n a la Fiscal\u00eda local, no lo obtuvo.<\/p>\n\n\n\n<p class=\"wp-block-paragraph\">Monz\u00f3n se convirti\u00f3 en la primera mujer en M\u00e9xico en conseguir una sanci\u00f3n por violencia pol\u00edtica de g\u00e9nero, Manlio no est\u00e1 incluido en la lista de los violentadores, debido a que esto se concret\u00f3 hasta en 2021.<\/p>\n\n\n\n<p class=\"wp-block-paragraph\">En 2019 tambi\u00e9n denunci\u00f3 por despido injustificado y violencia pol\u00edtica de g\u00e9nero al entonces presidente de San Pedro Cholula, el morenista Luis Alberto Arriaga, con quien trabaj\u00f3 un a\u00f1o como directora de Desarrollo Social.<\/p>\n\n\n\n<p class=\"wp-block-paragraph\">Tambi\u00e9n denunci\u00f3 por acoso y violencia al exdiputado local Jos\u00e9 Juan Espinosa Torres. En 2018, antes de convertirse en la candidata del Verde a la presidencia de San Pedro Cholula, Monz\u00f3n denunci\u00f3 al entonces presidente estatal del PRI, Jorge Estefan Chidiac por presuntamente haber falsificado su firma para ponerla en los \u00faltimos lugares de la planilla de Eduardo Zacatelco, quien compiti\u00f3 en ese entonces por esa alcald\u00eda.<\/p>\n\n\n\n<p class=\"wp-block-paragraph\">Cecilia milit\u00f3 por varios a\u00f1os en el PRI, donde ocup\u00f3 diversos cargos, principalmente representando a j\u00f3venes.<\/p>\n\n\n\n<p class=\"wp-block-paragraph\">Ceci formaba parte de Mujeres L\u00edderes de las Am\u00e9ricas; era integrante de la Red Nacional Feminista Colectivo Kybernus y del primer Parlamento de Mujeres en el Estado de Puebla. Adem\u00e1s, tambi\u00e9n ten\u00eda nacionalidad espa\u00f1ola.<\/p>\n\n\n\n<p class=\"wp-block-paragraph\">\u201cEspa\u00f1a condena firmemente el brutal asesinato de la abogada espa\u00f1ola y defensora de los derechos humanos Cecilia Monz\u00f3n P\u00e9rez, perpetrado en Puebla (M\u00e9xico). Asimismo, traslada sus m\u00e1s sinceras condolencias y profunda solidaridad a su familia y amigos\u201d, escribi\u00f3 Asuntos Exteriores de Espa\u00f1a\u201d.<\/p>\n","protected":false},"excerpt":{"rendered":"<p>Cecilia Monz\u00f3n formaba parte de Mujeres L\u00edderes de las Am\u00e9ricas; integrante de la Red Nacional Feminista Colectivo Kybernus y del primer Parlamento de Mujeres en el Estado de Puebla.<\/p>\n","protected":false},"author":3,"featured_media":50908,"comment_status":"open","ping_status":"open","sticky":false,"template":"","format":"standard","meta":{"_monsterinsights_skip_tracking":false,"footnotes":""},"categories":[693,47],"tags":[],"class_list":["post-50904","post","type-post","status-publish","format-standard","has-post-thumbnail","category-693","category-no-mas-impunidad"],"_links":{"self":[{"href":"https:\/\/redsemlac.com\/semmexico\/wp-json\/wp\/v2\/posts\/50904","targetHints":{"allow":["GET"]}}],"collection":[{"href":"https:\/\/redsemlac.com\/semmexico\/wp-json\/wp\/v2\/posts"}],"about":[{"href":"https:\/\/redsemlac.com\/semmexico\/wp-json\/wp\/v2\/types\/post"}],"author":[{"embeddable":true,"href":"https:\/\/redsemlac.com\/semmexico\/wp-json\/wp\/v2\/users\/3"}],"replies":[{"embeddable":true,"href":"https:\/\/redsemlac.com\/semmexico\/wp-json\/wp\/v2\/comments?post=50904"}],"version-history":[{"count":0,"href":"https:\/\/redsemlac.com\/semmexico\/wp-json\/wp\/v2\/posts\/50904\/revisions"}],"wp:featuredmedia":[{"embeddable":true,"href":"https:\/\/redsemlac.com\/semmexico\/wp-json\/wp\/v2\/media\/50908"}],"wp:attachment":[{"href":"https:\/\/redsemlac.com\/semmexico\/wp-json\/wp\/v2\/media?parent=50904"}],"wp:term":[{"taxonomy":"category","embeddable":true,"href":"https:\/\/redsemlac.com\/semmexico\/wp-json\/wp\/v2\/categories?post=50904"},{"taxonomy":"post_tag","embeddable":true,"href":"https:\/\/redsemlac.com\/semmexico\/wp-json\/wp\/v2\/tags?post=50904"}],"curies":[{"name":"wp","href":"https:\/\/api.w.org\/{rel}","templated":true}]}}