{"id":5090,"date":"2018-10-27T20:33:55","date_gmt":"2018-10-27T20:33:55","guid":{"rendered":"https:\/\/redsemlac.com\/semmexico\/?p=5090"},"modified":"2023-07-21T14:34:17","modified_gmt":"2023-07-21T19:34:17","slug":"presidira-las-comisiones-del-deporte-y-del-trabajo-y-prevision-social","status":"publish","type":"post","link":"https:\/\/redsemlac.com\/semmexico\/presidira-las-comisiones-del-deporte-y-del-trabajo-y-prevision-social\/","title":{"rendered":"Presidir\u00e1 las comisiones del Deporte y del Trabajo y Previsi\u00f3n Social."},"content":{"rendered":"\n<p class=\"wp-block-paragraph\"><a href=\"https:\/\/www.semmexico.com\/gallery-post.php?id=5955#\">Redacci\u00f3n<\/a><\/p>\n\n\n\n<p class=\"wp-block-paragraph\">SemM\u00e9xico. Cd. de M\u00e9xico. 27 de septiembre de 2018.-Luego de la movilizaci\u00f3n de organizaciones civiles y personas del c\u00edrculo acad\u00e9mico y cultural de este pa\u00eds, retiraron al Partido Encuentro Social (PES) la titularidad de las comisiones de salud y cultura.&nbsp;<br><br>En un comunicado, los grupos parlamentarios del Partido Encuentro Social y del Partido Morena,&nbsp; dieron a conocer que las comisiones de Cultura y Cinematograf\u00eda, y de Salud ser\u00e1n presididas por el Grupo Parlamentario de Morena; y el Grupo Parlamentario del Partido Encuentro Social encabezar\u00e1 las comisiones del Deporte y del Trabajo y Previsi\u00f3n Social.<br><br>\u201cEl planteamiento anterior se basa en el acuerdo que los Grupos Parlamentarios suscribimos para el desarrollo de los trabajos legislativos de esta Legislatura, como la b\u00fasqueda del di\u00e1logo y los consensos con todas las fuerzas pol\u00edticas\u201d.&nbsp;<br><br>SEM\/GR<\/p>\n","protected":false},"excerpt":{"rendered":"<p>Redacci\u00f3n SemM\u00e9xico. Cd. de M\u00e9xico. 27 de septiembre de 2018.-Luego de la movilizaci\u00f3n de organizaciones civiles y personas del c\u00edrculo acad\u00e9mico y cultural de este pa\u00eds, retiraron al Partido Encuentro Social (PES) la titularidad de las comisiones de salud y cultura.&nbsp; En un comunicado, los grupos parlamentarios del Partido Encuentro Social y del Partido Morena,&nbsp; [&hellip;]<\/p>\n","protected":false},"author":3,"featured_media":5091,"comment_status":"open","ping_status":"open","sticky":false,"template":"","format":"standard","meta":{"_monsterinsights_skip_tracking":false,"footnotes":""},"categories":[689,50],"tags":[],"class_list":["post-5090","post","type-post","status-publish","format-standard","has-post-thumbnail","category-689","category-congreso"],"_links":{"self":[{"href":"https:\/\/redsemlac.com\/semmexico\/wp-json\/wp\/v2\/posts\/5090","targetHints":{"allow":["GET"]}}],"collection":[{"href":"https:\/\/redsemlac.com\/semmexico\/wp-json\/wp\/v2\/posts"}],"about":[{"href":"https:\/\/redsemlac.com\/semmexico\/wp-json\/wp\/v2\/types\/post"}],"author":[{"embeddable":true,"href":"https:\/\/redsemlac.com\/semmexico\/wp-json\/wp\/v2\/users\/3"}],"replies":[{"embeddable":true,"href":"https:\/\/redsemlac.com\/semmexico\/wp-json\/wp\/v2\/comments?post=5090"}],"version-history":[{"count":0,"href":"https:\/\/redsemlac.com\/semmexico\/wp-json\/wp\/v2\/posts\/5090\/revisions"}],"wp:featuredmedia":[{"embeddable":true,"href":"https:\/\/redsemlac.com\/semmexico\/wp-json\/wp\/v2\/media\/5091"}],"wp:attachment":[{"href":"https:\/\/redsemlac.com\/semmexico\/wp-json\/wp\/v2\/media?parent=5090"}],"wp:term":[{"taxonomy":"category","embeddable":true,"href":"https:\/\/redsemlac.com\/semmexico\/wp-json\/wp\/v2\/categories?post=5090"},{"taxonomy":"post_tag","embeddable":true,"href":"https:\/\/redsemlac.com\/semmexico\/wp-json\/wp\/v2\/tags?post=5090"}],"curies":[{"name":"wp","href":"https:\/\/api.w.org\/{rel}","templated":true}]}}