{"id":50892,"date":"2022-05-29T12:48:51","date_gmt":"2022-05-29T18:48:51","guid":{"rendered":"https:\/\/redsemlac.com\/semmexico\/?p=50892"},"modified":"2023-07-21T19:05:46","modified_gmt":"2023-07-22T00:05:46","slug":"i-encuentro-estatal-de-violencia-vicaria-y-violencia-de-genero-institucional","status":"publish","type":"post","link":"https:\/\/redsemlac.com\/semmexico\/i-encuentro-estatal-de-violencia-vicaria-y-violencia-de-genero-institucional\/","title":{"rendered":"I Encuentro estatal de violencia vicaria y violencia de g\u00e9nero institucional"},"content":{"rendered":"\n<p class=\"wp-block-paragraph\">Expertas y organizaciones civiles proponen una hoja de ruta con 30 medidas para prevenir y erradicar la violencia vicaria y violencia de g\u00e9nero institucional en nuestro pa\u00eds<\/p>\n\n\n\n<div class=\"wp-block-image\"><figure class=\"alignleft size-full\"><a href=\"https:\/\/redsemlac.com\/semmexico\/wp-content\/uploads\/2022\/05\/violencia-vicaria-01.jpg\"><img loading=\"lazy\" decoding=\"async\" width=\"234\" height=\"363\" src=\"https:\/\/redsemlac.com\/semmexico\/wp-content\/uploads\/2022\/05\/violencia-vicaria-01.jpg\" alt=\"\" class=\"wp-image-50895\"\/><\/a><\/figure><\/div>\n\n\n\n<p class=\"wp-block-paragraph\"><strong>M\u00e1s de mil personas siguieron el Encuentro online y cientos de ellas enviaron gritos de auxilio por las redes sociales, poniendo de manifiesto la magnitud de la problem\u00e1tica, su car\u00e1cter p\u00fablico y de urgencia social<\/strong><\/p>\n\n\n\n<p class=\"wp-block-paragraph\">SemM\u00e9xico\/AmecoPress, Madrid, Espa\u00f1a, 29 de mayo, 2022.&nbsp; &#8211;&nbsp;La redacci\u00f3n de una Hoja de Ruta con 30 medidas para prevenir y erradicar la violencia vicaria y violencia de g\u00e9nero institucional en el pa\u00eds es una de las principales conclusiones del I Encuentro Estatal de Violencia Vicaria y Violencia de G\u00e9nero Institucional, celebrado en M\u00e9rida los d\u00edas 20 y 21 de mayo.<\/p>\n\n\n\n<p class=\"wp-block-paragraph\">Entre las medidas m\u00e1s destacadas se recoge la creaci\u00f3n de una comisi\u00f3n independiente formada por personas expertas en la materia para analizar la dimensi\u00f3n y el impacto de dos de las manifestaciones m\u00e1s crueles de la violencia vicaria y de la violencia de g\u00e9nero institucional, que est\u00e1n \u00edntimamente relacionadas y se necesitan la una a la otra para poder existir, como apuntaron varias de las expertas participantes en el Encuentro; en especial, la aplicaci\u00f3n del falso S\u00edndrome de Alienaci\u00f3n Parental por parte de operadores p\u00fablicos (y colaboradores privados) de distintos \u00e1mbitos de actuaci\u00f3n, como la judicatura, los equipos forenses o los servicios sociales.<\/p>\n\n\n\n<figure class=\"wp-block-image size-large\"><a href=\"https:\/\/redsemlac.com\/semmexico\/wp-content\/uploads\/2022\/05\/violencia-vicaria-02.jpg\"><img decoding=\"async\" src=\"https:\/\/redsemlac.com\/semmexico\/wp-content\/uploads\/2022\/05\/violencia-vicaria-02-1024x685.jpg\" alt=\"\" class=\"wp-image-50894\"\/><\/a><\/figure>\n\n\n\n<p class=\"wp-block-paragraph\">\u201cLa violencia vicaria existe porque las instituciones lo permiten\u00bb, afirm\u00f3 Sonia Vaccaro, psic\u00f3loga cl\u00ednica experta en violencia de g\u00e9nero encargada de la ponencia marco. Para las expertas reunidas en M\u00e9rida, el principal problema no radica en la falta o en la inadecuaci\u00f3n de las normas vigentes, sino en el hecho de su aplicaci\u00f3n: los cambios legislativos tardan mucho en aplicarse o directamente no son aplicados. Para Victoria Rosell, delegada del Gobierno contra la Violencia de G\u00e9nero, que asisti\u00f3 al Encuentro por v\u00eda telem\u00e1tica, \u00abel problema no es de instrumentos legales, sino de aplicaci\u00f3n, o mejor dicho de inaplicaci\u00f3n de la ley. Con los mismos mimbres es muy dif\u00edcil hacer diferentes cestos\u00bb, puntualiz\u00f3.<\/p>\n\n\n\n<p class=\"wp-block-paragraph\">Tambi\u00e9n se ha propuesto crear un registro unificado sobre casos de maltrato y violencia sexual intrafamiliar contra ni\u00f1os, ni\u00f1as y adolescentes, y dise\u00f1ar un plan de formaci\u00f3n especializada y obligatoria en violencia de g\u00e9nero que contemple un seguimiento de la aplicaci\u00f3n por parte de las personas que reciban las diferentes formaciones.<\/p>\n\n\n\n<p class=\"wp-block-paragraph\">Las v\u00edctimas y las plataformas de apoyo han solicitado de forma reiterada la creaci\u00f3n de una comisi\u00f3n de investigaci\u00f3n en Espa\u00f1a, al m\u00e1s alto nivel del Estado, que est\u00e9 integrada por profesionales y expertas y expertos independientes en la materia.<\/p>\n\n\n\n<p class=\"wp-block-paragraph\">Una comisi\u00f3n de investigaci\u00f3n<\/p>\n\n\n\n<p class=\"wp-block-paragraph\">Numerosas peticiones de v\u00edctimas que tuvieron un amplio protagonismo en el Encuentro hicieron alusi\u00f3n a las medidas tomadas en Francia, como la creaci\u00f3n de la Comisi\u00f3n Independiente sobre Incesto y Abuso Sexual Infantil (CIIVISE).<\/p>\n\n\n\n<p class=\"wp-block-paragraph\">El propio presidente de la Rep\u00fablica Francesa, Emmanuel Macron, lo convirti\u00f3 en un asunto de Estado, publicando un video en Twitter en el que aseguraba a las v\u00edctimas que \u201cjam\u00e1s volver\u00e1n a estar solas\u201d. Este hecho ocurr\u00eda tan s\u00f3lo una semana despu\u00e9s del lanzamiento de #MeTooInceste, una iniciativa que provoc\u00f3 que miles de personas hablaran por primera vez en Francia de los abusos sexuales que sufrieron siendo menores en el seno familiar.<\/p>\n\n\n\n<p class=\"wp-block-paragraph\">Esta comisi\u00f3n es fundamental para conocer la verdadera dimensi\u00f3n del problema en Espa\u00f1a, seg\u00fan las expertas. La falta de datos reales sobre los procedimientos de guardia y custodia que terminan en arrancamientos de las criaturas de las madres y el an\u00e1lisis de los casos en los que se aplica el SAP en informes psicosociales y en procedimientos judiciales es una de las necesidades a las que hay que dar respuesta urgente y que las v\u00edctimas reclaman desde hace tiempo y de manera urgente.<\/p>\n\n\n\n<p class=\"wp-block-paragraph\">\u201cS\u00f3lo con datos fiables y contando con un diagn\u00f3stico veraz se podr\u00e1n dise\u00f1ar las estrategias adecuadas para acabar con estas violencias y hacer justicia para las v\u00edctimas\u201d, se\u00f1ala Ana Mar\u00eda Gonz\u00e1lez Lupi\u00f3n, una de las organizadoras del Encuentro e integrante de la Asociaci\u00f3n Mujeres Libres Mujeres en Paz.<\/p>\n\n\n\n<p class=\"wp-block-paragraph\">Al tratarse un problema estructural de \u00e1mbito mundial, la mirada internacional no s\u00f3lo est\u00e1 puesta en Francia. Desde Italia, lleg\u00f3 un video donde una madre v\u00edctima, una senadora y una diputada, en el que compartieron su testimonio y preocupaci\u00f3n sobre la violencia vicaria y violencia institucional en su pa\u00eds y que la organizaci\u00f3n ha dispuesto en su canal de YouTube.<\/p>\n\n\n\n<div class=\"wp-block-image\"><figure class=\"aligncenter size-full\"><a href=\"https:\/\/redsemlac.com\/semmexico\/wp-content\/uploads\/2022\/05\/violencia-vicaria-03.jpg\"><img loading=\"lazy\" decoding=\"async\" width=\"525\" height=\"372\" src=\"https:\/\/redsemlac.com\/semmexico\/wp-content\/uploads\/2022\/05\/violencia-vicaria-03.jpg\" alt=\"\" class=\"wp-image-50893\"\/><\/a><\/figure><\/div>\n\n\n\n<p class=\"wp-block-paragraph\">Adem\u00e1s de las m\u00e1s de 250 personas que acudieron presencialmente a M\u00e9rida, m\u00e1s de mil personas lo siguieron por streaming y cientos de personas participaron activamente en sus redes sociales, con aportaciones a las diferentes intervenciones, interpelaciones y preguntas. Destaca la masiva recepci\u00f3n en diferido de relatos y denuncias centradas en sus propias historias de abuso y violencia sexual, violencia vicaria, violencia institucional o violencia de g\u00e9nero, adem\u00e1s de experiencias de mala diligencia y praxis profesional, que se\u00f1alan lugares, instituciones y comunidades aut\u00f3nomas de forma espec\u00edfica. Aportaciones que revelan la gravedad, sistematizaci\u00f3n y magnitud de la violencia vicaria e institucional en nuestro pa\u00eds, y el profundo da\u00f1o social, con secuelas cr\u00f3nicas en madres y menores.<\/p>\n\n\n\n<p class=\"wp-block-paragraph\">Destacaron las numerosas cr\u00edticas a los puntos de encuentro familiar (PEF), como centros que perpet\u00faan la violencia institucional contra las madres y menores, cr\u00edticas a la desinformaci\u00f3n y manipulaci\u00f3n de algunos medios de comunicaci\u00f3n, y cr\u00edticas al sistema judicial y a la criminalizaci\u00f3n institucional de las madres protectoras, tratadas como delincuentes.<\/p>\n\n\n\n<p class=\"wp-block-paragraph\">Finalmente, se puso de manifiesto el agradecimiento al Encuentro como un lugar de protecci\u00f3n y reparaci\u00f3n para madres y profesionales, y punto de inflexi\u00f3n para que los casos sean escuchados y reclamar procesos judiciales con garant\u00edas.<\/p>\n\n\n\n<p class=\"wp-block-paragraph\">Una de las m\u00e1s relevantes instituciones presentes fue la representada por la Relatora Especial de sobre la violencia contra la mujer de Naciones Unidas, Reem Alsalem, que en los \u00faltimos meses ha enviado diversas comunicaciones al Estado espa\u00f1ol sobre el tema de la aplicaci\u00f3n del SAP en los juzgados de nuestro pa\u00eds y que manifest\u00f3 su preocupaci\u00f3n por el hecho de que la justicia de nuestro pa\u00eds \u201cdesprotege a los menores y culpabiliza a las madres\u201d y sobre la existencia de un \u201cpatr\u00f3n estructural\u201d en el sistema de Justicia.<\/p>\n\n\n\n<p class=\"wp-block-paragraph\">La finalidad del Encuentro no ha sido s\u00f3lo la de hacer un balance de la situaci\u00f3n en Espa\u00f1a de la violencia vicaria (aquella en la que los maltratadores utilizan a los hijos e hijas para seguir ejerciendo violencia sobre sus parejas) y la institucional (aquella que por acci\u00f3n y omisi\u00f3n realiza el Estado), sino la de generar, tras un di\u00e1logo entre todas las partes afectadas, una Hoja de Ruta que reciba el consenso y respaldo de la mayor\u00eda de las instituciones, entidades y sectores implicados, marcando as\u00ed las l\u00edneas prioritarias que hagan posible una aut\u00e9ntica justicia para las v\u00edctimas.<\/p>\n\n\n\n<p class=\"wp-block-paragraph\">En la cita participaron un amplio panel de expertas, representantes de instituciones estatales y europeas, organismos internacionales, organizaciones de la sociedad civil que apoyan a las madres y sus criaturas v\u00edctimas y un amplio n\u00famero de \u2018madres protectoras\u2019 venidas desde todas partes del territorio espa\u00f1ol.<\/p>\n\n\n\n<p class=\"wp-block-paragraph\">La Hoja de Ruta se completa con una declaraci\u00f3n formal, en la que, partiendo del consenso generalizado entre las y los participantes del Encuentro sobre la existencia en nuestro pa\u00eds de una grave vulneraci\u00f3n de los derechos humanos de muchas mujeres y sus criaturas, se formula el compromiso de sumar esfuerzos y hacer una acci\u00f3n coordinada y sostenida en el tiempo. El objetivo es que la propuesta abierta de la Hoja de Ruta se dirija a todas aquellas entidades y organizaciones, tanto nacionales como internacionales, con capacidad para generar los cambios necesarios que garanticen la prevenci\u00f3n, protecci\u00f3n y reparaci\u00f3n integral a las madres y sus hijos e hijas, con perspectiva de g\u00e9nero y de infancia.<\/p>\n\n\n\n<p class=\"wp-block-paragraph\">\u201cNos mueve nuestro profundo compromiso con los derechos humanos y no pararemos hasta que las ni\u00f1as y ni\u00f1os puedan ejercer su derecho a volver a casa\u201d, fue la proclamaci\u00f3n con la que cerr\u00f3 el encuentro.<\/p>\n\n\n\n<p class=\"wp-block-paragraph\">Foto: archivo AmecoPress, de F\u00e9lix M\u00e9ndez, cedida por Volando Vengo<br>\u2014 &#8211;<br><br><\/p>\n","protected":false},"excerpt":{"rendered":"<p>Expertas y organizaciones civiles proponen una hoja de ruta con 30 medidas para prevenir y erradicar la violencia vicaria y violencia de g\u00e9nero institucional en nuestro pa\u00eds<\/p>\n","protected":false},"author":3,"featured_media":50893,"comment_status":"open","ping_status":"open","sticky":false,"template":"","format":"standard","meta":{"_monsterinsights_skip_tracking":false,"footnotes":""},"categories":[693,53],"tags":[],"class_list":["post-50892","post","type-post","status-publish","format-standard","has-post-thumbnail","category-693","category-internacional"],"_links":{"self":[{"href":"https:\/\/redsemlac.com\/semmexico\/wp-json\/wp\/v2\/posts\/50892","targetHints":{"allow":["GET"]}}],"collection":[{"href":"https:\/\/redsemlac.com\/semmexico\/wp-json\/wp\/v2\/posts"}],"about":[{"href":"https:\/\/redsemlac.com\/semmexico\/wp-json\/wp\/v2\/types\/post"}],"author":[{"embeddable":true,"href":"https:\/\/redsemlac.com\/semmexico\/wp-json\/wp\/v2\/users\/3"}],"replies":[{"embeddable":true,"href":"https:\/\/redsemlac.com\/semmexico\/wp-json\/wp\/v2\/comments?post=50892"}],"version-history":[{"count":0,"href":"https:\/\/redsemlac.com\/semmexico\/wp-json\/wp\/v2\/posts\/50892\/revisions"}],"wp:featuredmedia":[{"embeddable":true,"href":"https:\/\/redsemlac.com\/semmexico\/wp-json\/wp\/v2\/media\/50893"}],"wp:attachment":[{"href":"https:\/\/redsemlac.com\/semmexico\/wp-json\/wp\/v2\/media?parent=50892"}],"wp:term":[{"taxonomy":"category","embeddable":true,"href":"https:\/\/redsemlac.com\/semmexico\/wp-json\/wp\/v2\/categories?post=50892"},{"taxonomy":"post_tag","embeddable":true,"href":"https:\/\/redsemlac.com\/semmexico\/wp-json\/wp\/v2\/tags?post=50892"}],"curies":[{"name":"wp","href":"https:\/\/api.w.org\/{rel}","templated":true}]}}