{"id":50888,"date":"2022-05-29T12:24:59","date_gmt":"2022-05-29T18:24:59","guid":{"rendered":"https:\/\/redsemlac.com\/semmexico\/?p=50888"},"modified":"2023-07-21T19:05:46","modified_gmt":"2023-07-22T00:05:46","slug":"nacer-mujer-en-mexico-es-uno-de-los-mayores-peligros-veronica-delgadillo","status":"publish","type":"post","link":"https:\/\/redsemlac.com\/semmexico\/nacer-mujer-en-mexico-es-uno-de-los-mayores-peligros-veronica-delgadillo\/","title":{"rendered":"<strong>Nacer mujer en M\u00e9xico es uno de los mayores peligros: Ver\u00f3nica Delgadillo &nbsp;<\/strong>"},"content":{"rendered":"\n<p class=\"wp-block-paragraph\">&nbsp;&nbsp;&nbsp;&nbsp;&nbsp;&nbsp;&nbsp;<strong><em>La senadora integrante de la Bancada Naranja particip\u00f3 en la Fiesta de Primavera, organizada por Podemos, en Valencia, Espa\u00f1a.<\/em><\/strong><\/p>\n\n\n\n<p class=\"wp-block-paragraph\">\u00a0\u00a0<strong><em>M\u00e9xico tiene un gobierno que desestima la lucha de las mujeres y no cree en las violencias, denunci\u00f3.<\/em><\/strong><\/p>\n\n\n\n<p class=\"wp-block-paragraph\">Redacci\u00f3n<\/p>\n\n\n\n<p class=\"wp-block-paragraph\">SemM\u00e9xico, Ciudad de M\u00e9xico, 29 de mayo, 2022.- Durante la Fiesta de Primavera de la organizaci\u00f3n pol\u00edtica espa\u00f1ola,&nbsp;<em>Podemos<\/em>, llevada a cabo en la ciudad de Valencia, Espa\u00f1a, la senadora Ver\u00f3nica Delgadillo, comparti\u00f3 su experiencia y trabajo como Senadora de la Rep\u00fablica ante los retos que enfrenta el feminismo en todo el mundo. \u201cLes quiero compartir que en mi pa\u00eds en pleno 2022, nacer mujer es uno de los mayores peligros. M\u00e9xico es uno de los pa\u00edses m\u00e1s violentos para ser ni\u00f1a y ser mujer\u201d, coment\u00f3.<\/p>\n\n\n\n<p class=\"wp-block-paragraph\">La senadora jalisciense, refiri\u00f3 que 9 de cada 10 de mujeres, todos los d\u00edas son acosadas en las calles, y el 60 por ciento de ellas son discriminadas por el simple hecho de ser mujeres, \u201cel 40 por ciento de nosotras, hemos vivido alguna violencia sexual y una de cada 3 de nuestras ni\u00f1as han sido tocadas. Tenemos que acabar con eso\u201d, expres\u00f3.<\/p>\n\n\n\n<p class=\"wp-block-paragraph\">\u201cEn M\u00e9xico, lamentablemente, el matrimonio infantil existe por 35,000, pesos, ustedes pueden ir a comprar una ni\u00f1a y casarse con ella y&nbsp;eso no se puede permitir. En nuestro pa\u00eds, una mujer gana hasta 35% menos por el mismo trabajo y la misma responsabilidad. Vivimos una serie de violencias, una gran cadena de violencias cuya m\u00e1xima expresi\u00f3n es que todos los d\u00edas en M\u00e9xico se asesina a 11 mujeres\u201d, subray\u00f3.<\/p>\n\n\n\n<p class=\"wp-block-paragraph\">En ese sentido, mencion\u00f3 que M\u00e9xico tiene un gobierno que desestima la lucha de las mujeres y no cree en las violencias. \u201cTenemos un gobierno que ha apartado los apoyos, un gobierno que nos ha dado la espalda, como muchos gobiernos de derecha que creen que cada que las mujeres feministas alzamos la voz, lo hacemos para desestabilizar sus gobiernos, se equivocan\u201d, insisti\u00f3.<\/p>\n\n\n\n<p class=\"wp-block-paragraph\">La senadora Delgadillo manifest\u00f3 que, como ella, muchas mujeres latinoamericanas han alzado la voz para transformar la realidad ya que no es justo vivir inmersas en la violencia, \u201chemos logrado muchas conquistas, por ejemplo, logramos que la mitad de las candidaturas en M\u00e9xico sean para mujeres, eso ha derivado en el Congreso y en el Senado una paridad.\u00a0 Por supuesto que es una gran conquista, pero tambi\u00e9n tengo que decirles que no es suficiente y no va a ser suficiente hasta que no transformemos la realidad de todas esas mujeres que est\u00e1n esperando vivir en un M\u00e9xico y en un mundo distinto\u201d, expres\u00f3.<\/p>\n\n\n\n<figure class=\"wp-block-image size-large\"><a href=\"https:\/\/redsemlac.com\/semmexico\/wp-content\/uploads\/2022\/05\/nacer-mujer-02.jpg\"><img decoding=\"async\" src=\"https:\/\/redsemlac.com\/semmexico\/wp-content\/uploads\/2022\/05\/nacer-mujer-02-1024x682.jpg\" alt=\"\" class=\"wp-image-50890\"\/><\/a><\/figure>\n\n\n\n<p class=\"wp-block-paragraph\">Asimismo, insisti\u00f3 en que solamente en colectivo se podr\u00e1 tumbar el sistema patriarcal, \u201cestoy convencida que s\u00ed podemos construir un M\u00e9xico, un mundo y una Espa\u00f1a m\u00e1s justa y m\u00e1s igualitaria, podemos hacerlo porque las que estaban antes que nosotras, que ten\u00edan menos condiciones y lo lograron.&nbsp; Estoy convencida que podemos tumbar este sistema patriarcal porque cada vez somos m\u00e1s las mujeres y las personas que alzamos la voz y no nos rendimos\u201d, expres\u00f3.<\/p>\n\n\n\n<p class=\"wp-block-paragraph\">\u201cYo estoy aqu\u00ed convencida de que cuando tendemos alianzas y logramos que el feminismo cruce las fronteras y nos una bajo una misma lucha, las cosas pueden cambiar. Yo estoy aqu\u00ed convencida que podemos transformar las cosas y que el mejor camino sin duda es el feminismo, porque no es una lucha entre hombres y mujeres, es una lucha por la igualdad, por la justicia social, es una lucha por las personas y la dignidad\u201d, insisti\u00f3.<\/p>\n\n\n\n<p class=\"wp-block-paragraph\">Ver\u00f3nica Delgadillo sostuvo que el di\u00e1logo que se est\u00e1 construyendo demuestra que se pueden convertir en una palanca para enfrentar los retos que se tiene en lo global y que as\u00ed se puedan resolver en lo local, \u201cyo desde la fuerza pol\u00edtica en la que milito, que es Movimiento Ciudadano, con la que tenemos una profunda coincidencia con Podemos, seguiremos trabajando por un M\u00e9xico ambientalista, feminista, incluyente; un M\u00e9xico en paz, seguiremos trabajando en equipo y demostraremos que en Valencia, que en Espa\u00f1a, que en M\u00e9xico, que en Latinoam\u00e9rica,&nbsp; juntas Podemos\u201d, concluy\u00f3. &nbsp;<\/p>\n\n\n\n<p class=\"wp-block-paragraph\"><strong>Video:<\/strong>\u00a0<br><\/p>\n\n\n\n<figure class=\"wp-block-embed is-type-video is-provider-youtube wp-block-embed-youtube wp-embed-aspect-16-9 wp-has-aspect-ratio\"><div class=\"wp-block-embed__wrapper\">\n<div class=\"youtube-embed\" data-video_id=\"8eBn3HyoxlQ\"><iframe loading=\"lazy\" title=\"Ver\u00f3nica Delgadillo - Juntas podemos\" width=\"696\" height=\"392\" src=\"https:\/\/www.youtube.com\/embed\/8eBn3HyoxlQ?feature=oembed&#038;enablejsapi=1\" frameborder=\"0\" allow=\"accelerometer; autoplay; clipboard-write; encrypted-media; gyroscope; picture-in-picture; web-share\" referrerpolicy=\"strict-origin-when-cross-origin\" allowfullscreen><\/iframe><\/div>\n<\/div><\/figure>\n","protected":false},"excerpt":{"rendered":"<p>La senadora Ver\u00f3nica Delgadillo, comparti\u00f3 su experiencia y trabajo como Senadora de la Rep\u00fablica ante los retos que enfrenta el feminismo en todo el mundo.<\/p>\n","protected":false},"author":3,"featured_media":50889,"comment_status":"open","ping_status":"open","sticky":false,"template":"","format":"standard","meta":{"_monsterinsights_skip_tracking":false,"footnotes":""},"categories":[693,50],"tags":[],"class_list":["post-50888","post","type-post","status-publish","format-standard","has-post-thumbnail","category-693","category-congreso"],"_links":{"self":[{"href":"https:\/\/redsemlac.com\/semmexico\/wp-json\/wp\/v2\/posts\/50888","targetHints":{"allow":["GET"]}}],"collection":[{"href":"https:\/\/redsemlac.com\/semmexico\/wp-json\/wp\/v2\/posts"}],"about":[{"href":"https:\/\/redsemlac.com\/semmexico\/wp-json\/wp\/v2\/types\/post"}],"author":[{"embeddable":true,"href":"https:\/\/redsemlac.com\/semmexico\/wp-json\/wp\/v2\/users\/3"}],"replies":[{"embeddable":true,"href":"https:\/\/redsemlac.com\/semmexico\/wp-json\/wp\/v2\/comments?post=50888"}],"version-history":[{"count":0,"href":"https:\/\/redsemlac.com\/semmexico\/wp-json\/wp\/v2\/posts\/50888\/revisions"}],"wp:featuredmedia":[{"embeddable":true,"href":"https:\/\/redsemlac.com\/semmexico\/wp-json\/wp\/v2\/media\/50889"}],"wp:attachment":[{"href":"https:\/\/redsemlac.com\/semmexico\/wp-json\/wp\/v2\/media?parent=50888"}],"wp:term":[{"taxonomy":"category","embeddable":true,"href":"https:\/\/redsemlac.com\/semmexico\/wp-json\/wp\/v2\/categories?post=50888"},{"taxonomy":"post_tag","embeddable":true,"href":"https:\/\/redsemlac.com\/semmexico\/wp-json\/wp\/v2\/tags?post=50888"}],"curies":[{"name":"wp","href":"https:\/\/api.w.org\/{rel}","templated":true}]}}