{"id":50886,"date":"2022-05-28T13:47:39","date_gmt":"2022-05-28T19:47:39","guid":{"rendered":"https:\/\/redsemlac.com\/semmexico\/?p=50886"},"modified":"2023-07-21T19:05:47","modified_gmt":"2023-07-22T00:05:47","slug":"mujer-y-poder-otra-aberracion-de-la-4t","status":"publish","type":"post","link":"https:\/\/redsemlac.com\/semmexico\/mujer-y-poder-otra-aberracion-de-la-4t\/","title":{"rendered":"Mujer y poder| Otra Aberraci\u00f3n de la 4T:"},"content":{"rendered":"\n<p class=\"wp-block-paragraph\">&nbsp;&nbsp;&nbsp;&nbsp;&nbsp; Cierre de Instituciones de Salud Mental<\/p>\n\n\n\n<p class=\"wp-block-paragraph\">&nbsp;&nbsp;&nbsp;&nbsp;&nbsp;&nbsp;&nbsp;&nbsp;&nbsp;&nbsp;&nbsp;&nbsp; *Natalia Vidales de Bitterlin<\/p>\n\n\n\n<p class=\"wp-block-paragraph\">SemM\u00e9xico, Hermosillo, Sonora, 28 de mayo, 2022.- No se ha conformado el presidente con acabar con las instituciones de justicia, de educaci\u00f3n, de protecci\u00f3n -a las mujeres, a los ni\u00f1os, a la sociedad-, con los derechos humanos y con las organizaciones sociales, solo por citar algunas.<\/p>\n\n\n\n<p class=\"wp-block-paragraph\">Ahora va por los centros de atenci\u00f3n a la salud mental, con el f\u00e1cil -pero p\u00e9simo argumento- de que es en el seno del hogar donde quienes padecen de alg\u00fan tipo de trastorno mental deben ser atendidas\u2026 para que tengan buenos resultados. Algo parecido al cierre de las guarder\u00edas, cuando el presidente dijo que las abuelitas se hicieran cargo del cuidado de los menores porque estar\u00edan \u00a8mejor\u00a8 en casa.&nbsp;&nbsp;&nbsp;<\/p>\n\n\n\n<p class=\"wp-block-paragraph\">El propio Secretario de Salud, Jorge Alcocer en una de las pocas participaciones que ha tenido en las ma\u00f1aneras, coment\u00f3 que desaparecer\u00e1n los hospitales psiqui\u00e1tricos porque se \u00a8ha tomado como una realidad de que un paciente con alteraci\u00f3n de salud mental requiere una atenci\u00f3n integral desde la familia\u00a8, pero en los hospitales generales se est\u00e1 considerando la presencia de psic\u00f3logos y psiquiatras. psiquiatras para atender, as\u00ed sea limitadamente, esos casos.<\/p>\n\n\n\n<p class=\"wp-block-paragraph\">Extra\u00f1a sobremanera que un hombre con la preparaci\u00f3n con que cuenta el secretario Alcocer mencione tales barbaridades cuando cualquier persona entiende la importancia del especialista en enfermedades de la mente y las emociones. Los cuidados y el apoyo de la familia son necesarios, por supuesto, pero de ninguna manera pueden suplir la atenci\u00f3n profesional, ni los estudios, ni los medicamentos.<\/p>\n\n\n\n<p class=\"wp-block-paragraph\">Irresponsable, por decir lo menos, es la actitud del gobierno en esta nueva aberraci\u00f3n que sin duda se debe a otro recorte econ\u00f3mico del presidente para seguir con la cacareada \u00a8austeridad republicana\u00a8. &nbsp;Pero en esta ocasi\u00f3n\u2026 de nuevo en contra del ciudadano m\u00e1s desprotegido (porque quien cuenta con recursos podr\u00e1 requerir especialistas en el sector privado).<\/p>\n\n\n\n<p class=\"wp-block-paragraph\">Sin duda es elevado el costo de atenci\u00f3n de casi 20 millones de mexicanos que seg\u00fan la Secretar\u00eda de Salud es la cifra de mexicanos que sufren de alg\u00fan tipo de depresi\u00f3n, ansiedad y otros padecimientos de mayor gravedad (como la esquizofrenia, la paranoia o la bipolaridad) pero es un deber constitucional atenderlos y no dejarlos a su suerte.<\/p>\n\n\n\n<p class=\"wp-block-paragraph\">Por otro lado, bastantes atentados y tragedias existen ya en la v\u00eda p\u00fablica, y en el interior de los hogares, como para dejar sin cuidados m\u00e9dicos a personas que requieren un tratamiento especializado.<\/p>\n\n\n\n<p class=\"wp-block-paragraph\">La psiquiatr\u00eda es, por si no lo sabe el secretario Alcocer, <a href=\"https:\/\/es.wikipedia.org\/wiki\/Especialidades_m%C3%A9dicas\">la especialidad m\u00e9dica<\/a>&nbsp;dedicada al estudio de los&nbsp;<a href=\"https:\/\/es.wikipedia.org\/wiki\/Enfermedad_mental\">trastornos mentales<\/a>&nbsp;de origen gen\u00e9tico o neurol\u00f3gico con el objetivo de prevenir, evaluar, diagnosticar, tratar y rehabilitar a las personas con trastornos ps\u00edquicos, y asegurar la autonom\u00eda y la adaptaci\u00f3n del individuo a las condiciones de su existencia.<\/p>\n\n\n\n<p class=\"wp-block-paragraph\">Ni los padres, ni los familiares de quienes padecen alg\u00fan trastorno mental est\u00e1n capacitados para atender a esos enfermos. Ellos pueden brindarle cuidados y amor, pero las instituciones de salud mental deber\u00edan hacer, sin duda, lo que les compete.<\/p>\n","protected":false},"excerpt":{"rendered":"<p>No se ha conformado el presidente con acabar con las instituciones de justicia, de educaci\u00f3n, de protecci\u00f3n -a las mujeres, a los ni\u00f1os, a la sociedad-, con los derechos humanos y con las organizaciones sociales, solo por citar algunas.<\/p>\n","protected":false},"author":3,"featured_media":38550,"comment_status":"open","ping_status":"open","sticky":false,"template":"","format":"standard","meta":{"_monsterinsights_skip_tracking":false,"footnotes":""},"categories":[693,100,72,35],"tags":[],"class_list":["post-50886","post","type-post","status-publish","format-standard","has-post-thumbnail","category-693","category-mujer-y-poder","category-natalia-vidales","category-opinion"],"_links":{"self":[{"href":"https:\/\/redsemlac.com\/semmexico\/wp-json\/wp\/v2\/posts\/50886","targetHints":{"allow":["GET"]}}],"collection":[{"href":"https:\/\/redsemlac.com\/semmexico\/wp-json\/wp\/v2\/posts"}],"about":[{"href":"https:\/\/redsemlac.com\/semmexico\/wp-json\/wp\/v2\/types\/post"}],"author":[{"embeddable":true,"href":"https:\/\/redsemlac.com\/semmexico\/wp-json\/wp\/v2\/users\/3"}],"replies":[{"embeddable":true,"href":"https:\/\/redsemlac.com\/semmexico\/wp-json\/wp\/v2\/comments?post=50886"}],"version-history":[{"count":0,"href":"https:\/\/redsemlac.com\/semmexico\/wp-json\/wp\/v2\/posts\/50886\/revisions"}],"wp:featuredmedia":[{"embeddable":true,"href":"https:\/\/redsemlac.com\/semmexico\/wp-json\/wp\/v2\/media\/38550"}],"wp:attachment":[{"href":"https:\/\/redsemlac.com\/semmexico\/wp-json\/wp\/v2\/media?parent=50886"}],"wp:term":[{"taxonomy":"category","embeddable":true,"href":"https:\/\/redsemlac.com\/semmexico\/wp-json\/wp\/v2\/categories?post=50886"},{"taxonomy":"post_tag","embeddable":true,"href":"https:\/\/redsemlac.com\/semmexico\/wp-json\/wp\/v2\/tags?post=50886"}],"curies":[{"name":"wp","href":"https:\/\/api.w.org\/{rel}","templated":true}]}}