{"id":50884,"date":"2022-05-28T13:44:29","date_gmt":"2022-05-28T19:44:29","guid":{"rendered":"https:\/\/redsemlac.com\/semmexico\/?p=50884"},"modified":"2023-07-21T19:05:47","modified_gmt":"2023-07-22T00:05:47","slug":"hallazgos-hay-que-tener-historia-en-la-vida-yol-itzma","status":"publish","type":"post","link":"https:\/\/redsemlac.com\/semmexico\/hallazgos-hay-que-tener-historia-en-la-vida-yol-itzma\/","title":{"rendered":"Hallazgos| Hay que tener historia en la vida: Yol Itzma"},"content":{"rendered":"\n<p class=\"wp-block-paragraph\">&nbsp;Roc\u00edo Fiallega<\/p>\n\n\n\n<p class=\"wp-block-paragraph\">SemM\u00e9xico, Ciudad de M\u00e9xico, 28 de mayo, 2022.- \u00c9rase una vez una ni\u00f1a nacida 23 de enero de 1904 en una familia mexicana que la bautiz\u00f3 como Rebeca Viamonte Fern\u00e1ndez, pero desde la convicci\u00f3n de sus ojos azules ella se convertir\u00eda, bajo el auspicio del Dr., Atl en Yol Itzma: la mujer de coraz\u00f3n sensible; bailarina y core\u00f3grafa mexicana que dej\u00f3 su huella en la danza, entre el nacionalismo y la modernidad.<\/p>\n\n\n\n<p class=\"wp-block-paragraph\">Adem\u00e1s de los peri\u00f3dicos de la \u00e9poca, para saber sobre ella, Patricia Aulestia especifica que desde 1927 fue alumna de Miss Carroll y tambi\u00e9n solista con el Ballet Carroll; tambi\u00e9n contamos con la informaci\u00f3n reunida en entrevistas e investigaciones de C\u00e9sar Delgado y Julio C\u00e9sar Villaba, quienes escribieron un libro sobre ella: Yol Izma. La danzarina de las Leyendas.<\/p>\n\n\n\n<p class=\"wp-block-paragraph\">Estudi\u00f3 tambi\u00e9n piano con el maestro Manuel M. Ponce, declamaci\u00f3n con Enrique Tovar \u00c1valos y danza con Armen Ohanian.<\/p>\n\n\n\n<p class=\"wp-block-paragraph\">Yol Itzma fue parte de las misiones culturales de Vasconcelos y se convirti\u00f3 en una investigadora de las danzas ind\u00edgenas, y tambi\u00e9n una gran cronista: public\u00f3 sobre las danzas ind\u00edgenas de nuestro pa\u00eds, la china poblana, como de las catalanas, hind\u00faes, rusas, sobre el ballet de Londres, el folkl\u00f3rico georgiano y el de marqu\u00e9s de Cuevas.<\/p>\n\n\n\n<p class=\"wp-block-paragraph\">En los a\u00f1os treinta, particip\u00f3 en los teatros Orientaci\u00f3n, Nacional Iris, Regis, Arbeu y en el Palacio Nacional, conoci\u00f3 a los muralistas, poetas y cantantes de la \u00e9poca.<\/p>\n\n\n\n<p class=\"wp-block-paragraph\">Como core\u00f3grafa cre\u00f3 La danza Azteca, Payamb\u00e9, El Sol de Palenque y Coatlicue. Estudi\u00f3 en Nueva York, ya en M\u00e9xico las m\u00e1s de las veces sus presentaciones corr\u00edan a cargo del bolsillo de su padre; tambi\u00e9n dio clases en la Escuela Nacional de Danza, pero abandon\u00f3 este centro educativo por diferencias con Nellie Campobello (directora), seg\u00fan cuentan Delgado y Villalba; sin embargo, fue profesora de danza en Los \u00c1ngeles alrededor d ellos a\u00f1os cincuenta.<\/p>\n\n\n\n<p class=\"wp-block-paragraph\">Para ella lo importante era \u201cHay que tener historia en la vida\u201d, pues tan generosa es la vida con nosotras como nosotras con ella; en su casa de San \u00c1ngel vivi\u00f3 sus \u00faltimos d\u00edas, hasta que la muerte la tom\u00f3 de la mano para danzar en tierras eternas el 18 de mayo de 1992.<\/p>\n","protected":false},"excerpt":{"rendered":"<p>\u00c9rase una vez una ni\u00f1a nacida 23 de enero de 1904 en una familia mexicana que la bautiz\u00f3 como Rebeca Viamonte Fern\u00e1ndez, pero desde la convicci\u00f3n de sus ojos azules ella se convertir\u00eda, bajo el auspicio del Dr., Atl en Yol Itzma: la mujer de coraz\u00f3n sensible<\/p>\n","protected":false},"author":3,"featured_media":39324,"comment_status":"open","ping_status":"open","sticky":false,"template":"","format":"standard","meta":{"_monsterinsights_skip_tracking":false,"footnotes":""},"categories":[693,620,35,621],"tags":[],"class_list":["post-50884","post","type-post","status-publish","format-standard","has-post-thumbnail","category-693","category-hallazgos","category-opinion","category-rocio-fiallega"],"_links":{"self":[{"href":"https:\/\/redsemlac.com\/semmexico\/wp-json\/wp\/v2\/posts\/50884","targetHints":{"allow":["GET"]}}],"collection":[{"href":"https:\/\/redsemlac.com\/semmexico\/wp-json\/wp\/v2\/posts"}],"about":[{"href":"https:\/\/redsemlac.com\/semmexico\/wp-json\/wp\/v2\/types\/post"}],"author":[{"embeddable":true,"href":"https:\/\/redsemlac.com\/semmexico\/wp-json\/wp\/v2\/users\/3"}],"replies":[{"embeddable":true,"href":"https:\/\/redsemlac.com\/semmexico\/wp-json\/wp\/v2\/comments?post=50884"}],"version-history":[{"count":0,"href":"https:\/\/redsemlac.com\/semmexico\/wp-json\/wp\/v2\/posts\/50884\/revisions"}],"wp:featuredmedia":[{"embeddable":true,"href":"https:\/\/redsemlac.com\/semmexico\/wp-json\/wp\/v2\/media\/39324"}],"wp:attachment":[{"href":"https:\/\/redsemlac.com\/semmexico\/wp-json\/wp\/v2\/media?parent=50884"}],"wp:term":[{"taxonomy":"category","embeddable":true,"href":"https:\/\/redsemlac.com\/semmexico\/wp-json\/wp\/v2\/categories?post=50884"},{"taxonomy":"post_tag","embeddable":true,"href":"https:\/\/redsemlac.com\/semmexico\/wp-json\/wp\/v2\/tags?post=50884"}],"curies":[{"name":"wp","href":"https:\/\/api.w.org\/{rel}","templated":true}]}}