{"id":50877,"date":"2022-05-28T12:48:32","date_gmt":"2022-05-28T18:48:32","guid":{"rendered":"https:\/\/redsemlac.com\/semmexico\/?p=50877"},"modified":"2023-07-21T19:05:47","modified_gmt":"2023-07-22T00:05:47","slug":"refrenda-ricardo-monreal-llamado-a-una-tregua-politica-en-estados-que-renovaran-gubernaturas","status":"publish","type":"post","link":"https:\/\/redsemlac.com\/semmexico\/refrenda-ricardo-monreal-llamado-a-una-tregua-politica-en-estados-que-renovaran-gubernaturas\/","title":{"rendered":"<strong>Refrenda Ricardo Monreal llamado a una tregua pol\u00edtica en estados que renovar\u00e1n gubernaturas&nbsp;<\/strong><strong><\/strong>"},"content":{"rendered":"\n<ul class=\"wp-block-list\"><li>El l\u00edder de las y los senadores de Morena en el Senado destac\u00f3 que ciudadanos deben de votar sin temor el pr\u00f3ximo 5 de junio&nbsp;<\/li><\/ul>\n\n\n\n<p class=\"wp-block-paragraph\">&nbsp;Redacci\u00f3n<\/p>\n\n\n\n<p class=\"wp-block-paragraph\">SemM\u00e9xico, Ciudad de M\u00e9xico, 28 de mayo, 2022.- El coordinador parlamentario de Morena, Ricardo Monreal \u00c1vila, refrend\u00f3 su llamado para que todos los actores pol\u00edticos logren una tregua, que permita a las y los ciudadanos de Aguascalientes, Durango, Hidalgo, Oaxaca, Tamaulipas y Quintana Roo, votar sin miedo en los comicios del pr\u00f3ximo 5 de junio. &nbsp;<\/p>\n\n\n\n<p class=\"wp-block-paragraph\">Durante su c\u00e1tedra de este viernes, que imparte como parte de la Maestr\u00eda en Derecho de la UNAM, Ricardo Monreal enfatiz\u00f3 en la necesidad de utilizar todos los instrumentos de la pol\u00edtica para evitar que se desborde la confrontaci\u00f3n y que se puedan suscitar hechos lamentables. &nbsp;<\/p>\n\n\n\n<p class=\"wp-block-paragraph\">Si se permite la alteraci\u00f3n de la paz o la intervenci\u00f3n de grupos criminales en el proceso electoral, \u201cpuede haber consecuencias que vamos a lamentar\u201d, advirti\u00f3 el senador. &nbsp;<\/p>\n\n\n\n<p class=\"wp-block-paragraph\">\u201cPor eso, me preocupa el nivel de crispaci\u00f3n que se est\u00e1 presentando\u201d. Al final de todas las contiendas pol\u00edtico-lectorales, explic\u00f3, en municipios, estados, regiones o en el pa\u00eds, se registran desencuentros, contraste de ideas y propuestas entre uno y otro proyecto. &nbsp;<\/p>\n\n\n\n<p class=\"wp-block-paragraph\">Pero, ahora, lo que est\u00e1 pasando provoca m\u00e1s riesgos a la democracia, pues en los estados donde los gobiernos se convierten en extensi\u00f3n de los partidos pol\u00edticos, se genera una serie \u201cdesesperada\u201d de tareas, actividades y activismo para mantener el poder. &nbsp;<\/p>\n\n\n\n<p class=\"wp-block-paragraph\">Adem\u00e1s, advirti\u00f3 el presidente de la Junta de Coordinaci\u00f3n Pol\u00edtica, se utilizan todos los instrumentos que est\u00e1n a su alcance, algunos sin escr\u00fapulos e ilegales, para cumplir con dicho prop\u00f3sito. &nbsp;<\/p>\n\n\n\n<p class=\"wp-block-paragraph\">De ah\u00ed, insisti\u00f3 Monreal \u00c1vila, de alcanzar una tregua pol\u00edtica, entre todos los partidos, gobierno y gobernadores de los estados en los que habr\u00e1 elecciones, para que no se desborde el \u00e1nimo y la confrontaci\u00f3n. &nbsp;<\/p>\n\n\n\n<p class=\"wp-block-paragraph\">Se trata, acot\u00f3 el l\u00edder de la mayor\u00eda legislativa en el Senado, de impedir hechos lamentables, de evitar la alteraci\u00f3n de la paz o la incursi\u00f3n de grupos criminales en la elecci\u00f3n. &nbsp;<\/p>\n\n\n\n<p class=\"wp-block-paragraph\">\u201cEs momento de la pol\u00edtica, es momento de la tregua entre todos los actores pol\u00edticos, es momento de decir que el voto sea respetado, que el voto sea el \u00fanico que conduzca a reconocer la legitimidad de los gobernantes\u201d.&nbsp;<\/p>\n\n\n\n<p class=\"wp-block-paragraph\">\u201cEs el momento en el que se debe hacer un llamado a todos los actores pol\u00edticos, para sentarse y lograr una tregua pol\u00edtica y permitir que los ciudadanos, sin temor\u201d, acudan a votar en los seis estados en los que habr\u00e1 comicios el pr\u00f3ximo 5 de junio\u201d, concluy\u00f3.&nbsp;<\/p>\n","protected":false},"excerpt":{"rendered":"<p>El coordinador parlamentario de Morena, Ricardo Monreal \u00c1vila, refrend\u00f3 su llamado para que todos los actores pol\u00edticos logren una tregua, que permita a las y los ciudadanos de Aguascalientes, Durango, Hidalgo, Oaxaca, Tamaulipas y Quintana Roo, votar sin miedo en los comicios del pr\u00f3ximo 5 de junio. \u00a0<\/p>\n","protected":false},"author":3,"featured_media":50878,"comment_status":"open","ping_status":"open","sticky":false,"template":"","format":"standard","meta":{"_monsterinsights_skip_tracking":false,"footnotes":""},"categories":[693,141],"tags":[],"class_list":["post-50877","post","type-post","status-publish","format-standard","has-post-thumbnail","category-693","category-elecciones-2020-2021"],"_links":{"self":[{"href":"https:\/\/redsemlac.com\/semmexico\/wp-json\/wp\/v2\/posts\/50877","targetHints":{"allow":["GET"]}}],"collection":[{"href":"https:\/\/redsemlac.com\/semmexico\/wp-json\/wp\/v2\/posts"}],"about":[{"href":"https:\/\/redsemlac.com\/semmexico\/wp-json\/wp\/v2\/types\/post"}],"author":[{"embeddable":true,"href":"https:\/\/redsemlac.com\/semmexico\/wp-json\/wp\/v2\/users\/3"}],"replies":[{"embeddable":true,"href":"https:\/\/redsemlac.com\/semmexico\/wp-json\/wp\/v2\/comments?post=50877"}],"version-history":[{"count":0,"href":"https:\/\/redsemlac.com\/semmexico\/wp-json\/wp\/v2\/posts\/50877\/revisions"}],"wp:featuredmedia":[{"embeddable":true,"href":"https:\/\/redsemlac.com\/semmexico\/wp-json\/wp\/v2\/media\/50878"}],"wp:attachment":[{"href":"https:\/\/redsemlac.com\/semmexico\/wp-json\/wp\/v2\/media?parent=50877"}],"wp:term":[{"taxonomy":"category","embeddable":true,"href":"https:\/\/redsemlac.com\/semmexico\/wp-json\/wp\/v2\/categories?post=50877"},{"taxonomy":"post_tag","embeddable":true,"href":"https:\/\/redsemlac.com\/semmexico\/wp-json\/wp\/v2\/tags?post=50877"}],"curies":[{"name":"wp","href":"https:\/\/api.w.org\/{rel}","templated":true}]}}