{"id":50874,"date":"2022-05-28T11:56:37","date_gmt":"2022-05-28T17:56:37","guid":{"rendered":"https:\/\/redsemlac.com\/semmexico\/?p=50874"},"modified":"2023-07-21T19:05:47","modified_gmt":"2023-07-22T00:05:47","slug":"necesario-potenciar-los-derechos-de-todas-las-personas-consejera-carla-humphrey","status":"publish","type":"post","link":"https:\/\/redsemlac.com\/semmexico\/necesario-potenciar-los-derechos-de-todas-las-personas-consejera-carla-humphrey\/","title":{"rendered":"Necesario potenciar los derechos de todas las personas: Consejera Carla Humphrey"},"content":{"rendered":"\n<p class=\"wp-block-paragraph\">No hay pretexto, los derechos humanos por encima de cualquier cosa: la paridad los materializa<\/p>\n\n\n\n<p class=\"wp-block-paragraph\">Imparti\u00f3 conferencia sobre la participaci\u00f3n pol\u00edtica de las mujeres<a href=\"https:\/\/twitter.com\/intent\/tweet?text=Necesario+potenciar+los+derechos+de+todas+las+personas%3A+Consejera+Carla+Humphrey&amp;url=https%3A%2F%2Fmexicodeverdad.com%2Fnecesario-potenciar-los-derechos-de-todas-las-personas-consejera-carla-humphrey%2F&amp;via=mexicodverdad\"><\/a><\/p>\n\n\n\n<p class=\"wp-block-paragraph\">Redacci\u00f3n<a href=\"https:\/\/mexicodeverdad.com\/necesario-potenciar-los-derechos-de-todas-las-personas-consejera-carla-humphrey\/\"><\/a><\/p>\n\n\n\n<p class=\"wp-block-paragraph\">SemM\u00e9xico, Ciudad de M\u00e9xico, 28 de mayo, 2022.- Es necesario potenciar el ejercicio de los derechos de todas las personas para lograr una mayor participaci\u00f3n pol\u00edtica y al mismo tiempo una democracia m\u00e1s inclusiva, sostuvo la Consejera del&nbsp;Instituto Nacional Electoral (INE),&nbsp;Carla Humphrey Jord\u00e1n.<\/p>\n\n\n\n<p class=\"wp-block-paragraph\">Asimismo, estableci\u00f3 la necesidad de una legislaci\u00f3n que fortalezca la inclusi\u00f3n en todos los \u00f3rganos del Estado.&nbsp;<\/p>\n\n\n\n<p class=\"wp-block-paragraph\">\u201cAqu\u00ed no hay pretextos los derechos humanos est\u00e1n por encima de cualquier otro y el derecho a la paridad es una forma de materializar el derecho humano a la igualdad y a la no discriminaci\u00f3n, tal cual est\u00e1 establecido en el art\u00edculo primero de la Constituci\u00f3n federal\u201d, dijo.<\/p>\n\n\n\n<p class=\"wp-block-paragraph\">Al impartir&nbsp;la conferencia magistral&nbsp;<em>La inclusi\u00f3n efectiva en la participaci\u00f3n pol\u00edtica de las mujeres en situaci\u00f3n de vulnerabilidad<\/em>, en&nbsp;el marco del&nbsp;Foro titulado&nbsp;<em>Hacia una Democracia Inclusiva. Participaci\u00f3n pol\u00edtica de las mujeres en situaci\u00f3n de vulnerabilidad<\/em>, organizado por el&nbsp;Instituto Estatal Electoral y de Participaci\u00f3n Ciudadana de Sonora (IEE), ponder\u00f3 la importancia de estos foros en donde se escucha de viva voz lo que necesitan los grupos en situaci\u00f3n de vulnerabilidad y la autoridad electoral tiene la obligaci\u00f3n de escuchar y hacer la valoraci\u00f3n de las demandas para llevarlas al Legislativo y se conviertan en ley.<\/p>\n\n\n\n<p class=\"wp-block-paragraph\">\u201cA nivel del pa\u00eds tenemos varios temas, el primero es hacer una legislaci\u00f3n que fortalezca la inclusi\u00f3n en todos los \u00f3rganos del Estado, tal cual lo dice la reforma de paridad total, es una reforma que aplica a los tres poderes del Estado, a los tres niveles de Gobierno, a los \u00f3rganos aut\u00f3nomos y, por supuesto, a los pueblos y comunidades ind\u00edgenas\u201d, plante\u00f3.<\/p>\n\n\n\n<p class=\"wp-block-paragraph\">Ante el Consejero Presidente del IEE de Sonora, Nery Ruiz Arvizu, as\u00ed como representantes de partidos pol\u00edticos, legisladoras y legisladores y participantes en el Foro, la Consejera Humphrey, explic\u00f3 que en el proceso electoral 2020-2021, el Consejo General del INE aprob\u00f3 cinco acciones afirmativas obligatorias para la postulaci\u00f3n de candidaturas a diputaciones a nivel federal:<\/p>\n\n\n\n<p class=\"wp-block-paragraph\">Para las y los ind\u00edgenas, para personas con discapacidad, para personas afromexicanas, para personas de la diversidad sexual y para personas migrantes y residentes en el extranjero, lo que permiti\u00f3 que alrededor de 65 personas ocuparan espacios legislativos en la C\u00e1mara de Diputados.<\/p>\n\n\n\n<p class=\"wp-block-paragraph\">La Consejera Humphrey consider\u00f3 que \u201ces momento de analizar d\u00f3nde estamos, qu\u00e9 pasa con estas personas, si est\u00e1n en los lugares adecuados, si tienen posibilidades de incidir, si tienen posibilidades de determinar presupuesto para sus proyectos, de llevar a cabo y proponer reformas en los congresos locales y en el Congreso de la Uni\u00f3n\u201d.<\/p>\n\n\n\n<p class=\"wp-block-paragraph\">Prueba de ello, agreg\u00f3 es que estas acciones afirmativas s\u00f3lo se han abordado en la C\u00e1mara de Diputados, no as\u00ed en el Senado de la Rep\u00fablica, \u201cdonde las prometemos que para el pr\u00f3ximo proceso electoral\u201d, pero tambi\u00e9n que el an\u00e1lisis sirva para hacerlas m\u00e1s efectivas.<\/p>\n\n\n\n<p class=\"wp-block-paragraph\">Asimismo, la Consejera Humphrey deline\u00f3 pendientes como avanzar en el combate a la violencia pol\u00edtica contra las mujeres en raz\u00f3n de g\u00e9nero; legislar la 3 de 3 contra la violencia; aumentar el financiamiento p\u00fablico a campa\u00f1as de mujeres; garantizar la inclusi\u00f3n en medidas como el voto en prisi\u00f3n preventiva y el voto para personas con discapacidad.<\/p>\n\n\n\n<p class=\"wp-block-paragraph\">En su intervenci\u00f3n el Consejero Nery Ruiz Arvizu subray\u00f3 que para el Instituto Electoral es importante&nbsp;la inclusi\u00f3n de todas las personas en la participaci\u00f3n pol\u00edtica, \u201cya que los derechos humanos son para todas y todos, sin distinci\u00f3n alguna, ni discriminaci\u00f3n\u201d.<\/p>\n\n\n\n<p class=\"wp-block-paragraph\">Por ello, coincidi\u00f3 con la Secretaria T\u00e9cnica del Observatorio de Participaci\u00f3n Pol\u00edtica de las Mujeres, Alma Lorena Alonso Valdivia, en se\u00f1alar que las propuestas que surgieron de las diferentes mesas del Foro ser\u00e1n remitidas al Legislativo a fin de seguir impulsando la participaci\u00f3n pol\u00edtica de las mujeres en situaci\u00f3n de vulnerabilidad en un escenario de igualdad.<\/p>\n","protected":false},"excerpt":{"rendered":"<p>Es necesario potenciar el ejercicio de los derechos de todas las personas para lograr una mayor participaci\u00f3n pol\u00edtica y al mismo tiempo una democracia m\u00e1s inclusiva, sostuvo la Consejera del\u00a0Instituto Nacional Electoral (INE),\u00a0Carla Humphrey Jord\u00e1n.<\/p>\n","protected":false},"author":3,"featured_media":50875,"comment_status":"open","ping_status":"open","sticky":false,"template":"","format":"standard","meta":{"_monsterinsights_skip_tracking":false,"footnotes":""},"categories":[693,141],"tags":[],"class_list":["post-50874","post","type-post","status-publish","format-standard","has-post-thumbnail","category-693","category-elecciones-2020-2021"],"_links":{"self":[{"href":"https:\/\/redsemlac.com\/semmexico\/wp-json\/wp\/v2\/posts\/50874","targetHints":{"allow":["GET"]}}],"collection":[{"href":"https:\/\/redsemlac.com\/semmexico\/wp-json\/wp\/v2\/posts"}],"about":[{"href":"https:\/\/redsemlac.com\/semmexico\/wp-json\/wp\/v2\/types\/post"}],"author":[{"embeddable":true,"href":"https:\/\/redsemlac.com\/semmexico\/wp-json\/wp\/v2\/users\/3"}],"replies":[{"embeddable":true,"href":"https:\/\/redsemlac.com\/semmexico\/wp-json\/wp\/v2\/comments?post=50874"}],"version-history":[{"count":0,"href":"https:\/\/redsemlac.com\/semmexico\/wp-json\/wp\/v2\/posts\/50874\/revisions"}],"wp:featuredmedia":[{"embeddable":true,"href":"https:\/\/redsemlac.com\/semmexico\/wp-json\/wp\/v2\/media\/50875"}],"wp:attachment":[{"href":"https:\/\/redsemlac.com\/semmexico\/wp-json\/wp\/v2\/media?parent=50874"}],"wp:term":[{"taxonomy":"category","embeddable":true,"href":"https:\/\/redsemlac.com\/semmexico\/wp-json\/wp\/v2\/categories?post=50874"},{"taxonomy":"post_tag","embeddable":true,"href":"https:\/\/redsemlac.com\/semmexico\/wp-json\/wp\/v2\/tags?post=50874"}],"curies":[{"name":"wp","href":"https:\/\/api.w.org\/{rel}","templated":true}]}}