{"id":5087,"date":"2018-10-27T20:27:33","date_gmt":"2018-10-27T20:27:33","guid":{"rendered":"https:\/\/redsemlac.com\/semmexico\/?p=5087"},"modified":"2023-07-21T14:34:17","modified_gmt":"2023-07-21T19:34:17","slug":"el-reloj-de-los-derechos-laborales-se-va-a-detener-dice","status":"publish","type":"post","link":"https:\/\/redsemlac.com\/semmexico\/el-reloj-de-los-derechos-laborales-se-va-a-detener-dice\/","title":{"rendered":"El reloj de los derechos laborales se va a detener, dice."},"content":{"rendered":"\n<p class=\"wp-block-paragraph\"><a href=\"https:\/\/www.semmexico.com\/gallery-post.php?id=5961#\">Redacci\u00f3n<\/a><\/p>\n\n\n\n<p class=\"wp-block-paragraph\">SemM\u00e9xico, Cd. de M\u00e9xico, 27 septiembre 2018.- La senadora Patricia Mercado Castro propuso el punto de acuerdo para garantizar seguridad social a todas las personas que laboran en dicha c\u00e1mara legislativa.<\/p>\n\n\n\n<p class=\"wp-block-paragraph\">Solicit\u00f3 a la Mesa Directiva elaborar un proyecto para que se otorgue seguridad social al personal que brinda sus servicios en distintas modalidades de contrataci\u00f3n, que se regulan por diversos ordenamientos.<\/p>\n\n\n\n<p class=\"wp-block-paragraph\">Demostremos nuestro compromiso por el bienestar de los hogares m\u00e1s remotos del pa\u00eds en nuestra propia comunidad de trabajo, hagamos patente que es posible disminuir las brechas entre quienes ganan m\u00e1s y quienes ganan menos, dijo.<\/p>\n\n\n\n<p class=\"wp-block-paragraph\">\u201cPara empezar por casa, propongo que el Senado comience con la revisi\u00f3n de la situaci\u00f3n laboral de su personal, bajo la \u00f3ptica integral, de avanzada, que brinda el concepto de trabajo digno y decente\u201d, dijo al referirse a las y los j\u00f3venes que laboran por honorarios o subcontratados por&nbsp;<em>outsourcings<\/em>&nbsp;y no tienen m\u00e1s de una d\u00e9cada de derechos laborales.<\/p>\n\n\n\n<p class=\"wp-block-paragraph\">La Senadora y ex titular de la Secretar\u00eda de Gobernaci\u00f3n en el gobierno de la Ciudad de M\u00e9xico dijo que el reloj de sus derechos laborales se va a detener, ya que durante esos seis a\u00f1os no acumular\u00e1n derechos a la seguridad social ni para la vivienda.<\/p>\n\n\n\n<p class=\"wp-block-paragraph\">Me parece que no podemos tener \u00e9ste rostro de mejorar las condiciones de nuestro pa\u00eds para lograr mayor igualdad de oportunidades y de tratos, cerrar \u00e9sta desigualdad lacerante en el pa\u00eds, si no empezamos por lo que nos rodea, dijo Mercado Castro.<\/p>\n\n\n\n<p class=\"wp-block-paragraph\">\u201cLa austeridad no es un fin en s\u00ed misma es un medio hacia la igualdad\u201d, enfatiz\u00f3 durante su intervenci\u00f3n en tribuna, al referirse al plan de austeridad para eliminar las brechas de desigualdad, porque finalmente lo que se deje de gastar servir\u00e1 para que el gobierno de la Republica desarrolle pol\u00edticas p\u00fablicas que realmente contribuyan a cerrar esta brecha de desigualdad, dijo.<\/p>\n\n\n\n<p class=\"wp-block-paragraph\">A nombre del Grupo Parlamentario de Movimiento Ciudadano, la senadora Patricia Mercado detall\u00f3 que independientemente de la modalidad de nombramiento o contrataci\u00f3n con que cuente el personal que labora en el Senado, \u00e9ste debe tener las condiciones laborarles que en las leyes mexicanas y tratados internacionales son descritas como \u201ctrabajo digno y&nbsp; decente\u201d.<\/p>\n\n\n\n<p class=\"wp-block-paragraph\">Propuso eliminar los excesos \u201cde arriba\u201d no es un acto de justicia si no se atienden las necesidades \u201cde abajo\u201d; es decir, si no se cierran las brechas de desigualdad en el acceso a derechos, y agreg\u00f3 que las y los senadores, el personal de estructura y de base cuentan con las prestaciones que corresponde por ley.<\/p>\n\n\n\n<p class=\"wp-block-paragraph\">Cientos de personas trabajadoras que cada d\u00eda hacen funcionar a \u00e9sta C\u00e1mara, como son asesoras y asesores contratados bajo el r\u00e9gimen de honorarios o el personal de limpieza que es asignado a estas oficinas mediante subcontrataci\u00f3n, lo hacen sin la certeza de un servicio m\u00e9dico y hospitalario, ahorro para vivienda y seguridad social ante cualquier eventualidad.<\/p>\n\n\n\n<p class=\"wp-block-paragraph\">SEM\/em\/sj<br><\/p>\n","protected":false},"excerpt":{"rendered":"<p>Redacci\u00f3n SemM\u00e9xico, Cd. de M\u00e9xico, 27 septiembre 2018.- La senadora Patricia Mercado Castro propuso el punto de acuerdo para garantizar seguridad social a todas las personas que laboran en dicha c\u00e1mara legislativa. Solicit\u00f3 a la Mesa Directiva elaborar un proyecto para que se otorgue seguridad social al personal que brinda sus servicios en distintas modalidades [&hellip;]<\/p>\n","protected":false},"author":3,"featured_media":5088,"comment_status":"open","ping_status":"open","sticky":false,"template":"","format":"standard","meta":{"_monsterinsights_skip_tracking":false,"footnotes":""},"categories":[689,50],"tags":[],"class_list":["post-5087","post","type-post","status-publish","format-standard","has-post-thumbnail","category-689","category-congreso"],"_links":{"self":[{"href":"https:\/\/redsemlac.com\/semmexico\/wp-json\/wp\/v2\/posts\/5087","targetHints":{"allow":["GET"]}}],"collection":[{"href":"https:\/\/redsemlac.com\/semmexico\/wp-json\/wp\/v2\/posts"}],"about":[{"href":"https:\/\/redsemlac.com\/semmexico\/wp-json\/wp\/v2\/types\/post"}],"author":[{"embeddable":true,"href":"https:\/\/redsemlac.com\/semmexico\/wp-json\/wp\/v2\/users\/3"}],"replies":[{"embeddable":true,"href":"https:\/\/redsemlac.com\/semmexico\/wp-json\/wp\/v2\/comments?post=5087"}],"version-history":[{"count":0,"href":"https:\/\/redsemlac.com\/semmexico\/wp-json\/wp\/v2\/posts\/5087\/revisions"}],"wp:featuredmedia":[{"embeddable":true,"href":"https:\/\/redsemlac.com\/semmexico\/wp-json\/wp\/v2\/media\/5088"}],"wp:attachment":[{"href":"https:\/\/redsemlac.com\/semmexico\/wp-json\/wp\/v2\/media?parent=5087"}],"wp:term":[{"taxonomy":"category","embeddable":true,"href":"https:\/\/redsemlac.com\/semmexico\/wp-json\/wp\/v2\/categories?post=5087"},{"taxonomy":"post_tag","embeddable":true,"href":"https:\/\/redsemlac.com\/semmexico\/wp-json\/wp\/v2\/tags?post=5087"}],"curies":[{"name":"wp","href":"https:\/\/api.w.org\/{rel}","templated":true}]}}