{"id":50861,"date":"2022-05-28T11:45:43","date_gmt":"2022-05-28T17:45:43","guid":{"rendered":"https:\/\/redsemlac.com\/semmexico\/?p=50861"},"modified":"2023-07-21T19:05:48","modified_gmt":"2023-07-22T00:05:48","slug":"conapo-pesima-campana-publicitaria-repite-estereotipos-contra-mexicanas-movimiento-amplio-de-mujeres-de-chiapas","status":"publish","type":"post","link":"https:\/\/redsemlac.com\/semmexico\/conapo-pesima-campana-publicitaria-repite-estereotipos-contra-mexicanas-movimiento-amplio-de-mujeres-de-chiapas\/","title":{"rendered":"CONAPO p\u00e9sima campa\u00f1a publicitaria, repite estereotipos contra mexicanas: Movimiento Amplio de Mujeres de Chiapas"},"content":{"rendered":"\n<p class=\"wp-block-paragraph\">En unas cuantas horas surgen reclamos y piden que se retire y se hace viral la controversia<\/p>\n\n\n\n<p class=\"wp-block-paragraph\">Es la misma campa\u00f1a de 2021, s\u00f3lo la reciclaron, justifica contenidos SEGOB<\/p>\n\n\n\n<p class=\"wp-block-paragraph\">Libertad L\u00f3pez<\/p>\n\n\n\n<p class=\"wp-block-paragraph\">SemM\u00e9xico, Ciudad de M\u00e9xico, 28 de mayo, 2022.- El Movimiento Amplio de Mujeres de Chiapas, se sum\u00f3 este d\u00eda a la reacci\u00f3n generalizada por la campa\u00f1a de CONAPO que estigmatiza, revictimiza y carga en las mujeres responsabilidad sobre las violencias machistas, el embarazo no deseado, la violaci\u00f3n sexual, y les resta su libertad.<\/p>\n\n\n\n<p class=\"wp-block-paragraph\">Grupos como Todas M\u00e9xico piden su retiro inmediato, mientras que las cr\u00edticas tronaron en las redes sociales y se extendieron en los medios de comunicaci\u00f3n. La Secretar\u00eda de Gobernaci\u00f3n revir\u00f3, pero la molestia sigue creciendo. Viola acuerdos y disposiciones legales, adem\u00e1s una verdadera campa\u00f1a deb\u00eda enviar mensajes para que los hombres comprendan la gravedad de no cambiar y seguir violentando a las mujeres en todos los \u00e1mbitos, sostuvieron.<\/p>\n\n\n\n<p class=\"wp-block-paragraph\">\u00a1Las Chiapanecas advierten que el Consejo Nacional de Poblaci\u00f3n (CONAPO), lanz\u00f3 una imagen dentro de la Campa\u00f1a! Yo decido\u00bb, que contradice las reformas que hizo el Senado de la Rep\u00fablica en 2015.<\/p>\n\n\n\n<p class=\"wp-block-paragraph\">Esta campa\u00f1a&nbsp; con im\u00e1genes que la 4T releva, &#8211; mujeres del campo, con vestidos bordados y espacios rurales-&nbsp; revictimiza y deposita en las mujeres \u2015y no en los violentadores\u2015 la responsabilidad de los embarazos no deseados y la violencia&nbsp; que se ejerce contra las mujeres: el cartel err\u00f3neamente indica que, si las mujeres ejercemos nuestro derecho a la recreaci\u00f3n, corremos el riesgo de ser violentadas, lo que significa que las mujeres debemos de permanecer en nuestros hogares, no andar solas de noche, en fin, permanecer quietas.<\/p>\n\n\n\n<h2 class=\"wp-block-heading\" id=\"la-reaccion\"><strong>La reacci\u00f3n<\/strong><\/h2>\n\n\n\n<p class=\"wp-block-paragraph\">Ayer viernes, adem\u00e1s de las reacciones en redes sociales, twists, usados por Colectivos feministas, tambi\u00e9n aparecieron mujeres de la pol\u00edtica y usuarias en general. El tono fue denunciar a esta campa\u00f1a porque revictimiza a las mujeres al hacerlas responsables de ponerse en riesgo por decidir tomar alcohol.<\/p>\n\n\n\n<p class=\"wp-block-paragraph\">Lo que hizo el Consejo fue relanzar una campa\u00f1a que ya puso en circulaci\u00f3n el a\u00f1o pasado, dentro de las acciones para prevenir el embarazo adolescente.<\/p>\n\n\n\n<p class=\"wp-block-paragraph\">&nbsp;Uno de los mensajes es un gr\u00e1fico en el que una estudiante rechaza una cerveza y la imagen es acompa\u00f1ada con la frase: \u00abYo decido \u00a1Evitar Riesgos!\u00bb.<\/p>\n\n\n\n<figure class=\"wp-block-image size-large\"><a href=\"https:\/\/redsemlac.com\/semmexico\/wp-content\/uploads\/2022\/05\/campana-conapo-02.jpg\"><img decoding=\"async\" src=\"https:\/\/redsemlac.com\/semmexico\/wp-content\/uploads\/2022\/05\/campana-conapo-02-1024x796.jpg\" alt=\"\" class=\"wp-image-50863\"\/><\/a><\/figure>\n\n\n\n<p class=\"wp-block-paragraph\">Para el grupo Todas M\u00e9xico, este tipo de mensajes, agravia y responsabiliza a las mujeres ante el riesgo de ser v\u00edctimas de una posible violaci\u00f3n.<\/p>\n\n\n\n<p class=\"wp-block-paragraph\">Y escribieron: \u00abExigimos a @CONAPO_mx el retiro de \u00e9sta y una disculpa de su titular @GabrielaRodr108 #TomarNoEsDelitoViolarSi #CulpableNoSoyYo\u00bb, escribi\u00f3 en su cuenta de Twitter.<\/p>\n\n\n\n<p class=\"wp-block-paragraph\">La ex diputada emecista Martha Tagle, lament\u00f3 que la imagen, compartida en redes sociales, y aspir\u00f3 a que fuera falsa, pero no fue as\u00ed.<\/p>\n\n\n\n<p class=\"wp-block-paragraph\">Escribi\u00f3 \u00abEsta imagen de la campa\u00f1a es estigmatizante, responsabiliza a las mujeres de \u2018ponerse en riesgo\u2019 por tomar una cerveza, cuando lo que se debe promover es que hombres no se sientan con el derecho de ejercer violencia contra las mujeres\u00bb, se\u00f1al\u00f3.<\/p>\n\n\n\n<p class=\"wp-block-paragraph\">La feminista Arely Torres-Miranda consider\u00f3 que la campa\u00f1a es estereotipada, machista, estigmatizante y revictimizante<\/p>\n\n\n\n<p class=\"wp-block-paragraph\">\u00ab\u00bfPor qu\u00e9 no mejor exigimos a los violentadores no violentar? Ay no, cada vez estamos peor\u00bb, se\u00f1al\u00f3.<\/p>\n\n\n\n<p class=\"wp-block-paragraph\">En la conversaci\u00f3n que Torres-Miranda tuvo con Tagle a prop\u00f3sito de la campa\u00f1a particip\u00f3 la titular del Conapo, Gabriela Rodr\u00edguez Ram\u00edrez, quien defendi\u00f3 el mensaje.<\/p>\n\n\n\n<p class=\"wp-block-paragraph\">\u00abLa campa\u00f1a Yo decido de @CONAPO_mx incluye evitar pr\u00e1cticas sexuales de riesgo y evitar consumo de alcohol en menores: ni\u00f1as\/os y adolescentes, hombres y mujeres\u00bb, escribi\u00f3.<\/p>\n\n\n\n<p class=\"wp-block-paragraph\">Tras la reacci\u00f3n del p\u00fablico, las feministas y los grupos en redes y declaraciones, los comentarios de las y los comentaristas en radio y televisi\u00f3n Conapo emiti\u00f3 un comunicado en el que explic\u00f3 que la campa\u00f1a consta de distintos mensajes para prevenir el embarazo adolescente y uno de ellos est\u00e1 enfocado en prevenir el consumo de bebidas alcoh\u00f3licas.<\/p>\n\n\n\n<p class=\"wp-block-paragraph\">\u00abLos materiales de la campa\u00f1a \u2018\u00a1Yo Decido!\u2019 en sus versiones urbanas e ind\u00edgena y afrodescendiente tienen distintas salidas: spots audiovisuales, spots de radio, gr\u00e1ficos para difusi\u00f3n digital e impresos. Adem\u00e1s de un par de publicaciones editoriales, que tienen como eje la educaci\u00f3n integral en sexualidad\u00bb, explic\u00f3.<\/p>\n\n\n\n<p class=\"wp-block-paragraph\">\u00abEn uno de estos mecanismos de participaci\u00f3n, adolescentes relataron la importancia de que dentro de su comunidad se hiciera prevenci\u00f3n del consumo de bebidas alcoh\u00f3licas y otras sustancias, ya que tienen un impacto negativo en la vida de la comunidad\u00bb.<\/p>\n\n\n\n<p class=\"wp-block-paragraph\">\u00abEsto se asoci\u00f3 tambi\u00e9n con el ejercicio de la sexualidad en la que manifestaron que el consumo excesivo de bebidas alcoh\u00f3licas no permite tomar decisiones asertivas con relaci\u00f3n a la vida sexual\u00bb.<\/p>\n\n\n\n<h2 class=\"wp-block-heading\" id=\"la-ley-prohibe-contenidos-difundidos-por-conapo\"><strong>La Ley Proh\u00edbe contenidos difundidos por CONAPO<\/strong><\/h2>\n\n\n\n<p class=\"wp-block-paragraph\">El 23 de abril de 2015, el Senado de la Rep\u00fablica aval\u00f3 reformas para eliminar estereotipos sexistas en la publicidad. En ese entonces, como presidenta de la Comisi\u00f3n para la Igualdad de G\u00e9nero, Diva Hadamira Gast\u00e9lum Bajo, explic\u00f3 ante el pleno \u2015en un largo debate\u2015 sobre las consecuencias de que la publicidad gubernamental tenga mensajes con estereotipos en raz\u00f3n del sexo, porque las campa\u00f1as oficiales tienen una amplia difusi\u00f3n y gran penetraci\u00f3n, recuerda el Grupo Amplio de Mujeres de Chiapas, firmado entre otras por la acad\u00e9mica Enriqueta Burelo Melgar.<\/p>\n\n\n\n<p class=\"wp-block-paragraph\">Como parte de la agenda del Senado en materia de igualdad se determin\u00f3 emprender las reformas para eliminar de la publicidad de gobierno todo mensaje sexista que se\u00f1ale estereotipos y, sobre todo, denigre al g\u00e9nero femenino, a\u00f1adi\u00f3 la entonces senadora.<\/p>\n\n\n\n<p class=\"wp-block-paragraph\">Por esta reforma, los tres \u00f3rdenes de gobierno est\u00e1n obligados a promover el uso de lenguaje respetuoso y promover\u00e1n campa\u00f1as de igualdad, lo que es un paso importante para revertir la desigualdad que prevalece en M\u00e9xico dice el Grupo Amplio.<\/p>\n\n\n\n<p class=\"wp-block-paragraph\">Con las modificaciones a la fracci\u00f3n IV del art\u00edculo 16, y la fracci\u00f3n VII del art\u00edculo 38, y la adici\u00f3n de la fracci\u00f3n VI del art\u00edculo 42, de la Ley General para la Igualdad entre Mujeres y Hombres, se incorpora permanentemente el dise\u00f1o, formulaci\u00f3n y aplicaci\u00f3n de campa\u00f1as de concientizaci\u00f3n sobre la participaci\u00f3n equitativa de ambos g\u00e9neros.<\/p>\n\n\n\n<p class=\"wp-block-paragraph\">Tambi\u00e9n incluye la disposici\u00f3n para vigilar que el contenido de la publicidad gubernamental o institucional, partes fundamentales de estas campa\u00f1as, est\u00e9n desprovista de estereotipos en funci\u00f3n del g\u00e9nero de las personas.<\/p>\n\n\n\n<p class=\"wp-block-paragraph\">Es importante resaltar la trascendencia de &nbsp;tener claridad sobre el efecto de los medios de comunicaci\u00f3n en los procesos de culturizaci\u00f3n y socializaci\u00f3n: \u201cEl impacto de las tradiciones y contenidos publicitarios deben basarse en fundamentos \u00e9ticos y democr\u00e1ticos que impulsen una adecuada convivencia entre las mujeres y los hombres, donde el respeto, la libertad, la igualdad, la inclusi\u00f3n y la solidaridad sean los pilares donde sostengan los nuevos conceptos que habr\u00e1n de definir la vida en sociedad\u201d.<\/p>\n\n\n\n<h2 class=\"wp-block-heading\" id=\"origen\"><strong>Origen<\/strong><\/h2>\n\n\n\n<p class=\"wp-block-paragraph\">Las reacciones en redes sociales surgieron porque Conapo, y la Secretar\u00eda de Gobernaci\u00f3n en sus cuentas oficiales la circularon el viernes.<\/p>\n\n\n\n<p class=\"wp-block-paragraph\">Ese mismo d\u00eda, la dependencia tambi\u00e9n comparti\u00f3 otro cartel similar, pero con la figura&nbsp;de un hombre que tambi\u00e9n rechaza la bebida alcoh\u00f3lica.<\/p>\n\n\n\n<p class=\"wp-block-paragraph\">Sin embargo, usuarios criticaron que en el mensaje que acompa\u00f1aba a la imagen donde aparece la joven se le daba una mayor responsabilidad y consecuencias, precisamente a las mujeres.<\/p>\n\n\n\n<p class=\"wp-block-paragraph\">Y es que algunas de las consecuencias que Conapo se\u00f1al\u00f3 en su publicaci\u00f3n por el consumo de alcohol a temprana edad son:<\/p>\n\n\n\n<ul class=\"wp-block-list\"><li>accidentes<\/li><li>alteraci\u00f3n del desarrollo cerebral<\/li><li>mayor grado de dependencia<\/li><li>comportamiento sexual riesgoso<\/li><\/ul>\n\n\n\n<p class=\"wp-block-paragraph\">Mujeres y usuarios repitieron la pregunta, que sigui\u00f3 hoy en hilos y otras redes: \u201cPor tomar alcohol, \u00bftienes un comportamiento sexual riesgoso? No, los que te ponen en riesgo son los hombres que te atacan\u201d, critic\u00f3 una usuaria.<\/p>\n\n\n\n<p class=\"wp-block-paragraph\">De esta manera, otro de los internautas&nbsp;calific\u00f3 de \u201cmachista\u201d la campa\u00f1a, pues sostuvo que la culpa es exclusiva del abusador sexual&nbsp;sin importar que se consuma alcoholo cualquier otro factor.<\/p>\n\n\n\n<p class=\"wp-block-paragraph\">\u201c\u00bfQu\u00e9 onda con la campa\u00f1a machista de @CONAPO_mx de @GabrielaRodr108? Para evitar riesgos, las mujeres no deben de tomar&#8230; y de una vez: usar pantal\u00f3n, no tener escote y hasta ponerse lentes para no ser tan atractivas (han de pensar). La culpa ES DEL ABUSADOR sin importar qu\u00e9\u201d, escribi\u00f3.<\/p>\n\n\n\n<p class=\"wp-block-paragraph\">Cabe se\u00f1alar que&nbsp;Conapoes una dependencia que pertenece a la&nbsp;Segob, dirigida a la prevenci\u00f3n, identificaci\u00f3n y denuncia de violencia sexual contra las mujeres.<\/p>\n\n\n\n<h2 class=\"wp-block-heading\" id=\"segob-apura-una-explicacion\"><strong>SEGOB apura una explicaci\u00f3n<\/strong><\/h2>\n\n\n\n<p class=\"wp-block-paragraph\">En cosa de horas y luego de las cr\u00edticas difundidas, la&nbsp;Secretar\u00eda deGobernaci\u00f3n explic\u00f3 que&nbsp;la campa\u00f1a \u201c\u00a1Yo Decido!\u201d del Conapose enmarca en la estrategia nacional para la prevenci\u00f3n del embarazo en adolescentes.<\/p>\n\n\n\n<p class=\"wp-block-paragraph\">La dependencia sostuvo que la campa\u00f1a promueve \u201cel libre, informado y placentero ejercicio de los derechos sexuales y reproductivos entre las adolescencias de entornos urbanos, ind\u00edgenas y afrodescendientes\u201d.<\/p>\n\n\n\n<p class=\"wp-block-paragraph\">Afirm\u00f3 que la campa\u00f1a se bas\u00f3 en opiniones de j\u00f3venes en grupos focales donde se concluy\u00f3 que el consumo excesivo de bebidas alcoh\u00f3licas&nbsp;no permite tomar decisiones asertivas con relaci\u00f3n a la vida sexual.<\/p>\n\n\n\n<p class=\"wp-block-paragraph\">Y dijo \u201cCon base en estos comentarios se dise\u00f1aron dos versiones de material \u2018\u00a1Yo Decido! \u00a1Evitar riesgos!\u2019, en el que una mujer y un hombre adolescentes est\u00e1n en la misma circunstancia de rechazo a consumir bebidas alcoh\u00f3licas, eligiendo que no lo necesitan para divertirse\u201d, argument\u00f3 finalmente.<\/p>\n\n\n\n<figure class=\"wp-block-image size-large\"><a href=\"https:\/\/redsemlac.com\/semmexico\/wp-content\/uploads\/2022\/05\/campana-conapo-03.jpg\"><img decoding=\"async\" src=\"https:\/\/redsemlac.com\/semmexico\/wp-content\/uploads\/2022\/05\/campana-conapo-03-1024x571.jpg\" alt=\"\" class=\"wp-image-50864\"\/><\/a><\/figure>\n\n\n\n<h2 class=\"wp-block-heading\" id=\"textos-en-las-redes\"><strong>Textos en las Redes<\/strong><\/h2>\n\n\n\n<p class=\"wp-block-paragraph\">Qu\u00e9 onda con la campa\u00f1a machista de @CONAPO_mx de @GabrielaRodr108<\/p>\n\n\n\n<p class=\"wp-block-paragraph\">Para evitar riesgos, las mujeres no deben de tomar&#8230; y de una vez: usar pantal\u00f3n, no tener escote y hasta ponerse lentes para no ser tan atractivas (han de pensar).<\/p>\n\n\n\n<p class=\"wp-block-paragraph\">La culpa es del abusador sin importar qu\u00e9.<\/p>\n\n\n\n<p class=\"wp-block-paragraph\">Claro que no es fake. La campa\u00f1a Yo decido de @CONAPO_mx incluye evitar pr\u00e1cticas sexuales de riesgo y evitar consumo de alcohol en menores: ni\u00f1as\/os y adolescentes, hombres y mujeres twitter.com\/arelyfeminista\u2026<\/p>\n\n\n\n<p class=\"wp-block-paragraph\">De esta manera, otro de los internautas calific\u00f3 de \u201cmachista\u201d la campa\u00f1a, pues sostuvo que la culpa es exclusiva del abusador sexual sin importar que se consuma alcohol o cualquier otro factor.<\/p>\n\n\n\n<p class=\"wp-block-paragraph\">\u00bfQu\u00e9 onda con la campa\u00f1a machista \u00bf\u00bfA qui\u00e9n le dan m\u00e1s responsabilidades y consecuencias? \u00a1A LA MUJER! Son tontos\u2026<\/p>\n\n\n\n<p class=\"wp-block-paragraph\">El cuaderno \u00a1#YoDecido! Mi futuro de @CONAPO_mx te explica algunos riesgos de consumir alcohol a temprana edad: Accidentes, Alteraci\u00f3n del desarrollo cerebral, mayor grado de dependencia, comportamiento sexual riesgoso.<\/p>\n\n\n\n<p class=\"wp-block-paragraph\">\u00bfTanto palabrer\u00edo para echarle la culpa a la v\u00edctima de que decidi\u00f3 tener un comportamiento sexual riesgoso, en serio? \u00bfPor tomar alcohol tienes un comportamiento sexual riesgoso? Nop los que te ponen en riesgo son los enfermos que te atacan.<\/p>\n\n\n\n<h2 class=\"wp-block-heading\" id=\"revuelo\"><strong>Revuelo<\/strong><\/h2>\n\n\n\n<p class=\"wp-block-paragraph\">Uno de las cr\u00edticas que m\u00e1s revuelo est\u00e1n causando en las redes es la del influenciar&nbsp;Chumel Torres, quien public\u00f3 en su cuenta de Twitter un promocional de la campa\u00f1a.<\/p>\n\n\n\n<p class=\"wp-block-paragraph\">\u201cHay que lanzar una campa\u00f1a desde el gobierno para evitar la&nbsp;violencia contra las mujeres<strong>.<\/strong>&nbsp;El Gobierno: (ojo, no es fake, pa que ni empiecen)\u201d, escribi\u00f3 el conductor de \u201cEl Pulso de la Rep\u00fablica\u201d acompa\u00f1ado de la propaganda en donde una joven&nbsp;rechaza una cerveza.<\/p>\n\n\n\n<p class=\"wp-block-paragraph\">&nbsp;Por su parte, la escritora&nbsp;Brenda Lozano tambi\u00e9n manifest\u00f3 su descontento y cuestion\u00f3 sobre la campa\u00f1a: \u201cc\u00f3mo hacer una campa\u00f1a contra la violencia de g\u00e9nero ejerciendo violencia de g\u00e9nero, en una imagen\u201d.&nbsp;<\/p>\n\n\n\n<p class=\"wp-block-paragraph\">La tambi\u00e9n periodista<strong>&nbsp;Carolina Sol\u00eds mostr\u00f3 su sorpresa ante la promoci\u00f3n de la campa\u00f1a que coment\u00f3.<\/strong><\/p>\n\n\n\n<h2 class=\"wp-block-heading\" id=\"repite-segob\">&nbsp;<strong>Repite Segob.<\/strong><\/h2>\n\n\n\n<p class=\"wp-block-paragraph\">Pese a que la finalidad de&nbsp;<strong>\u2018\u00a1Yo Decido!<\/strong>, es promover la prevenci\u00f3n de riesgos en los j\u00f3venes, est\u00e1 campa\u00f1a no es reciente, pues la estrategia fue lanzada por la Secretar\u00eda de Gobernaci\u00f3n en 2021.<\/p>\n\n\n\n<p class=\"wp-block-paragraph\">Sin embargo, en este 2022 toma el nombre&nbsp;<strong>\u201cYo exijo respeto\u201d&nbsp;<\/strong>y est\u00e1 destinada a crear conciencia contra la violencia sexual de g\u00e9nero y \u201cpromueve el libre, informado y placentero ejercicio de los derechos sexuales y reproductivos entre las adolescencias\u201d, seg\u00fan refiri\u00f3&nbsp;Gobernaci\u00f3n <strong>&nbsp;<\/strong>en su cuenta de Twitter.<br>&nbsp;<\/p>\n\n\n\n<p class=\"wp-block-paragraph\">Gobernaci\u00f3n dijo que, respecto al uso de im\u00e1genes y dibujos alusivos a j\u00f3venes pertenecientes a pueblos ind\u00edgenas y afrodescendientes, la dependencia justific\u00f3 diciendo que \u201cpara el dise\u00f1o conceptual y gr\u00e1fico de la campa\u00f1a se realizaron distintos grupos focales con j\u00f3venes l\u00edderes y brigadistas de estados como Ciudad de M\u00e9xico, Sonora, Estado de M\u00e9xico, Tabasco, Guerrero, Oaxaca y Chiapas con la colaboraci\u00f3n de las instituciones locales que tambi\u00e9n integran la Enapea\u201d.<\/p>\n\n\n\n<figure class=\"wp-block-image size-large\"><a href=\"https:\/\/redsemlac.com\/semmexico\/wp-content\/uploads\/2022\/05\/campana-conapo-04.jpg\"><img decoding=\"async\" src=\"https:\/\/redsemlac.com\/semmexico\/wp-content\/uploads\/2022\/05\/campana-conapo-04-1024x576.jpg\" alt=\"\" class=\"wp-image-50865\"\/><\/a><\/figure>\n\n\n\n<figure class=\"wp-block-image size-large\"><a href=\"https:\/\/redsemlac.com\/semmexico\/wp-content\/uploads\/2022\/05\/campana-conapo-05.jpg\"><img decoding=\"async\" src=\"https:\/\/redsemlac.com\/semmexico\/wp-content\/uploads\/2022\/05\/campana-conapo-05-1024x571.jpg\" alt=\"\" class=\"wp-image-50866\"\/><\/a><\/figure>\n\n\n\n<figure class=\"wp-block-image size-large\"><a href=\"https:\/\/redsemlac.com\/semmexico\/wp-content\/uploads\/2022\/05\/campana-conapo-06.jpg\"><img decoding=\"async\" src=\"https:\/\/redsemlac.com\/semmexico\/wp-content\/uploads\/2022\/05\/campana-conapo-06-1024x570.jpg\" alt=\"\" class=\"wp-image-50867\"\/><\/a><\/figure>\n\n\n\n<p class=\"wp-block-paragraph\">\u00a1POR LOS CLAVOS DE SAN JOS\u00c9!&nbsp; \u00abYo decido no tomar riesgos porque si me pasa algo, evidentemente es mi culpa por tomar el riesgo de tomar cerveza\u00bb. Nomamen!!!!<\/p>\n\n\n\n<div class=\"wp-block-image\"><figure class=\"aligncenter size-full\"><a href=\"https:\/\/redsemlac.com\/semmexico\/wp-content\/uploads\/2022\/05\/campana-conapo-07.jpg\"><img loading=\"lazy\" decoding=\"async\" width=\"446\" height=\"688\" src=\"https:\/\/redsemlac.com\/semmexico\/wp-content\/uploads\/2022\/05\/campana-conapo-07.jpg\" alt=\"\" class=\"wp-image-50868\"\/><\/a><\/figure><\/div>\n\n\n\n<div class=\"wp-block-image\"><figure class=\"aligncenter size-full\"><a href=\"https:\/\/redsemlac.com\/semmexico\/wp-content\/uploads\/2022\/05\/campana-conapo-08.jpg\"><img loading=\"lazy\" decoding=\"async\" width=\"299\" height=\"519\" src=\"https:\/\/redsemlac.com\/semmexico\/wp-content\/uploads\/2022\/05\/campana-conapo-08.jpg\" alt=\"\" class=\"wp-image-50869\"\/><\/a><\/figure><\/div>\n\n\n\n<h2 class=\"wp-block-heading\" id=\"mala-malisima-campana-contra-la-violencia-de-genero\"><strong>\u201cMala, mal\u00edsima campa\u00f1a contra la violencia de g\u00e9nero\u201d<\/strong><\/h2>\n\n\n\n<p class=\"wp-block-paragraph\">Aunque no fueron solo personajes con un gran n\u00famero de seguidores los que se quejaron, tambi\u00e9n lo hicieron internautas que cuestionaron la forma en que se sigue criminalizando que mujeres beban alcohol: \u201c\u00bfY las que no toman y aun as\u00ed las agreden?\u201d,&nbsp;\u201cno es si beben, es la impunidad\u201d.<\/p>\n\n\n\n<div class=\"wp-block-image\"><figure class=\"aligncenter size-large\"><a href=\"https:\/\/redsemlac.com\/semmexico\/wp-content\/uploads\/2022\/05\/campana-conapo-09.jpg\"><img decoding=\"async\" src=\"https:\/\/redsemlac.com\/semmexico\/wp-content\/uploads\/2022\/05\/campana-conapo-09-1024x576.jpg\" alt=\"\" class=\"wp-image-50870\"\/><\/a><\/figure><\/div>\n\n\n\n<p class=\"wp-block-paragraph\">Es importante recalcar que, en Twitter espec\u00edficamente, se se\u00f1al\u00f3 que los mensajes estaban dirigidos \u00fanicamente para las mujeres; sin embargo, el consejo explic\u00f3 quese busc\u00f3 recalcar la corresponsabilidad del hombre en el ejercicio de la sexualidad.<\/p>\n\n\n\n<p class=\"wp-block-paragraph\">Aunado a lo anterior, se ten\u00eda como objetivo que se crearan&nbsp;\u201cmasculinidades positivas, doble protecci\u00f3n,&nbsp;prevenci\u00f3n del consumo de alcohol y sustancias durante las pr\u00e1cticas sexuales\u201d, as\u00ed como una mejor planificaci\u00f3n familiar a trav\u00e9s del conocimiento de las medidas en las que es aplicable la&nbsp;interrupci\u00f3n legal del embarazo&nbsp;o el acceso a informaci\u00f3n oportuna sobre m\u00e9todos anticonceptivos y prevenci\u00f3n de violencia<\/p>\n\n\n\n<div class=\"wp-block-image\"><figure class=\"aligncenter size-large\"><a href=\"https:\/\/redsemlac.com\/semmexico\/wp-content\/uploads\/2022\/05\/campana-conapo-10.jpg\"><img decoding=\"async\" src=\"https:\/\/redsemlac.com\/semmexico\/wp-content\/uploads\/2022\/05\/campana-conapo-10-1024x571.jpg\" alt=\"\" class=\"wp-image-50871\"\/><\/a><\/figure><\/div>\n\n\n\n<p class=\"wp-block-paragraph\">CONAPO<\/p>\n\n\n\n<p class=\"wp-block-paragraph\">Actualmente, la Secretar\u00eda General del Consejo Nacional de Poblaci\u00f3n (SGCONAPO), en el marco de la Estrategia Nacional para la Prevenci\u00f3n del Embarazo en Adolescentes (ENAPEA), present\u00f3 el Cuaderno<em>&nbsp;\u00a1Yo decido! Mi futuro personal y comunitario<\/em>, mismo que busca contribuir a<strong>&nbsp;reducir el embarazo en adolescentes de 15 a 19 a\u00f1os y erradicarlo en las ni\u00f1as de 14 a\u00f1os o menos<\/strong>.<\/p>\n\n\n\n<p class=\"wp-block-paragraph\">La Conapo es una&nbsp;dependencia que pertenece a la Secretar\u00eda de Gobernaci\u00f3n (Segob), la cual est\u00e1 dirigida a la prevenci\u00f3n, identificaci\u00f3n y denuncia de&nbsp;<strong>violencia sexual contra las mujeres.<\/strong><\/p>\n\n\n\n<p class=\"wp-block-paragraph\">.<\/p>\n\n\n\n<h2 class=\"has-vivid-red-color has-text-color wp-block-heading\" id=\"en-uno-de-estos-mecanismos-de-participacion-adolescentes-relataron-la-importancia-de-que-dentro-de-su-comunidad-se-hiciera-prevencion-del-consumo-de-bebidas-alcoholicas-y-otras-sustancias-ya-que-tienen-un-impacto-negativo-en-la-vida-de-la-comunidad-senalo-segob\"><strong>En uno de estos mecanismos de participaci\u00f3n, adolescentes relataron la importancia de que dentro de su comunidad se hiciera prevenci\u00f3n del consumo de bebidas alcoh\u00f3licas y otras sustancias, ya que tienen un impacto negativo en la vida de la comunidad\u201d, se\u00f1al\u00f3<\/strong><strong>.<\/strong><strong> SEGOB.<\/strong><strong><\/strong><\/h2>\n","protected":false},"excerpt":{"rendered":"<p>El Movimiento Amplio de Mujeres de Chiapas, se sum\u00f3 este d\u00eda a la reacci\u00f3n generalizada por la campa\u00f1a de CONAPO que estigmatiza, revictimiza y carga en las mujeres responsabilidad sobre las violencias machistas, el embarazo no deseado, la violaci\u00f3n sexual, y les resta su libertad.<\/p>\n","protected":false},"author":3,"featured_media":50862,"comment_status":"open","ping_status":"open","sticky":false,"template":"","format":"standard","meta":{"_monsterinsights_skip_tracking":false,"footnotes":""},"categories":[693,54],"tags":[],"class_list":["post-50861","post","type-post","status-publish","format-standard","has-post-thumbnail","category-693","category-mujeres"],"_links":{"self":[{"href":"https:\/\/redsemlac.com\/semmexico\/wp-json\/wp\/v2\/posts\/50861","targetHints":{"allow":["GET"]}}],"collection":[{"href":"https:\/\/redsemlac.com\/semmexico\/wp-json\/wp\/v2\/posts"}],"about":[{"href":"https:\/\/redsemlac.com\/semmexico\/wp-json\/wp\/v2\/types\/post"}],"author":[{"embeddable":true,"href":"https:\/\/redsemlac.com\/semmexico\/wp-json\/wp\/v2\/users\/3"}],"replies":[{"embeddable":true,"href":"https:\/\/redsemlac.com\/semmexico\/wp-json\/wp\/v2\/comments?post=50861"}],"version-history":[{"count":0,"href":"https:\/\/redsemlac.com\/semmexico\/wp-json\/wp\/v2\/posts\/50861\/revisions"}],"wp:featuredmedia":[{"embeddable":true,"href":"https:\/\/redsemlac.com\/semmexico\/wp-json\/wp\/v2\/media\/50862"}],"wp:attachment":[{"href":"https:\/\/redsemlac.com\/semmexico\/wp-json\/wp\/v2\/media?parent=50861"}],"wp:term":[{"taxonomy":"category","embeddable":true,"href":"https:\/\/redsemlac.com\/semmexico\/wp-json\/wp\/v2\/categories?post=50861"},{"taxonomy":"post_tag","embeddable":true,"href":"https:\/\/redsemlac.com\/semmexico\/wp-json\/wp\/v2\/tags?post=50861"}],"curies":[{"name":"wp","href":"https:\/\/api.w.org\/{rel}","templated":true}]}}