{"id":50839,"date":"2022-05-27T17:03:40","date_gmt":"2022-05-27T23:03:40","guid":{"rendered":"https:\/\/redsemlac.com\/semmexico\/?p=50839"},"modified":"2023-07-21T19:05:48","modified_gmt":"2023-07-22T00:05:48","slug":"la-energia-femenina-ha-acrecentado-su-fuerza-y-presencia-en-esta-cultura-del-mezcal","status":"publish","type":"post","link":"https:\/\/redsemlac.com\/semmexico\/la-energia-femenina-ha-acrecentado-su-fuerza-y-presencia-en-esta-cultura-del-mezcal\/","title":{"rendered":"La energ\u00eda femenina ha acrecentado su fuerza y presencia en esta cultura del Mezcal"},"content":{"rendered":"\n<ul class=\"wp-block-list\"><li><strong>Primer Encuentro Nacional de Maestras del Mezcal en la Ciudad de M\u00e9xico, anuncia el Frente Mayahuel<\/strong><\/li><\/ul>\n\n\n\n<p class=\"wp-block-paragraph\"><strong>Redacci\u00f3n<\/strong><\/p>\n\n\n\n<p class=\"wp-block-paragraph\">SemM\u00e9xico, Ciudad de M\u00e9xico, 27 de mayo, 2022.- Las Maestras del Mezcal, quieren hacer visible su trabajo y dedicaci\u00f3n, ya que cada d\u00eda son parte intr\u00ednseca del mezcal y del campo mexicano, desde sembrar el maguey, recolectar su semilla, trabajar, velar y hacer el proceso de los mezcales, vender y promocionar, adem\u00e1s de ser parte esencial de las cadenas de negocio y la pol\u00edtica p\u00fablica.<\/p>\n\n\n\n<p class=\"wp-block-paragraph\">Ahora a trav\u00e9s del Frente Mayahuel anuncian el primer Encuentro Nacional de Maestras del Mezcal, de distintas partes del pa\u00eds, que se llevar\u00e1 a cabo en el Huerto Roma Verde de la Ciudad de M\u00e9xico, con la participaci\u00f3n de 50 maestras, y en horarios de las 12 a las 19 horas, a este s\u00e1bado y domingo.<\/p>\n\n\n\n<p class=\"wp-block-paragraph\">La invitaci\u00f3n se\u00f1ala que la energ\u00eda femenina ha acrecentado su fuerza y presencia en esta cultura del Mezcal que es una industria creciente de nuestra tierra, les invitamos a degustar y recibir la sabidur\u00eda de la mano de las guardianas de este archivo hist\u00f3rico organol\u00e9ptico nacional y a conocer los principales objetivos y el esp\u00edritu de Ley de los Mezcales Tradicionales propuesta en el Senado recientemente.<\/p>\n\n\n\n<p class=\"wp-block-paragraph\">Estar\u00e1n en el encuentro decanas del Mezcal, funcionarios p\u00fablicos, instituciones privadas y p\u00fablicas, acad\u00e9micos, artistas y personas destacadas del medio Gastron\u00f3mico y Comunidad Mezcalera. La cita es el s\u00e1bado 28 de mayo a las 12 del d\u00eda, en el Huerto Roma Verde, ubicado en Jalapa 234, Roma Sur, alcald\u00eda Cuauht\u00e9moc de la CDMX.<\/p>\n\n\n\n<p class=\"wp-block-paragraph\">Confirmar su asistencia al tel\u00e9fono (55) 32605861 o al correo: <a href=\"mailto:frentemayahuel@gmail.com\">frentemayahuel@gmail.com<\/a><\/p>\n","protected":false},"excerpt":{"rendered":"<p>Primer Encuentro Nacional de Maestras del Mezcal en la Ciudad de M\u00e9xico, anuncia el Frente Mayahuel Redacci\u00f3n SemM\u00e9xico, Ciudad de M\u00e9xico, 27 de mayo, 2022.- Las Maestras del Mezcal, quieren hacer visible su trabajo y dedicaci\u00f3n, ya que cada d\u00eda son parte intr\u00ednseca del mezcal y del campo mexicano, desde sembrar el maguey, recolectar su [&hellip;]<\/p>\n","protected":false},"author":3,"featured_media":50840,"comment_status":"open","ping_status":"open","sticky":false,"template":"","format":"standard","meta":{"_monsterinsights_skip_tracking":false,"footnotes":""},"categories":[693,54],"tags":[],"class_list":["post-50839","post","type-post","status-publish","format-standard","has-post-thumbnail","category-693","category-mujeres"],"_links":{"self":[{"href":"https:\/\/redsemlac.com\/semmexico\/wp-json\/wp\/v2\/posts\/50839","targetHints":{"allow":["GET"]}}],"collection":[{"href":"https:\/\/redsemlac.com\/semmexico\/wp-json\/wp\/v2\/posts"}],"about":[{"href":"https:\/\/redsemlac.com\/semmexico\/wp-json\/wp\/v2\/types\/post"}],"author":[{"embeddable":true,"href":"https:\/\/redsemlac.com\/semmexico\/wp-json\/wp\/v2\/users\/3"}],"replies":[{"embeddable":true,"href":"https:\/\/redsemlac.com\/semmexico\/wp-json\/wp\/v2\/comments?post=50839"}],"version-history":[{"count":0,"href":"https:\/\/redsemlac.com\/semmexico\/wp-json\/wp\/v2\/posts\/50839\/revisions"}],"wp:featuredmedia":[{"embeddable":true,"href":"https:\/\/redsemlac.com\/semmexico\/wp-json\/wp\/v2\/media\/50840"}],"wp:attachment":[{"href":"https:\/\/redsemlac.com\/semmexico\/wp-json\/wp\/v2\/media?parent=50839"}],"wp:term":[{"taxonomy":"category","embeddable":true,"href":"https:\/\/redsemlac.com\/semmexico\/wp-json\/wp\/v2\/categories?post=50839"},{"taxonomy":"post_tag","embeddable":true,"href":"https:\/\/redsemlac.com\/semmexico\/wp-json\/wp\/v2\/tags?post=50839"}],"curies":[{"name":"wp","href":"https:\/\/api.w.org\/{rel}","templated":true}]}}