{"id":50836,"date":"2022-05-27T16:58:18","date_gmt":"2022-05-27T22:58:18","guid":{"rendered":"https:\/\/redsemlac.com\/semmexico\/?p=50836"},"modified":"2023-07-21T19:05:48","modified_gmt":"2023-07-22T00:05:48","slug":"el-gobierno-indulta-parcialmente-a-maria-sevilla-expresidenta-de-infancia-libre","status":"publish","type":"post","link":"https:\/\/redsemlac.com\/semmexico\/el-gobierno-indulta-parcialmente-a-maria-sevilla-expresidenta-de-infancia-libre\/","title":{"rendered":"El Gobierno indulta parcialmente a Mar\u00eda Sevilla, expresidenta de Infancia Libre"},"content":{"rendered":"\n<ul class=\"wp-block-list\"><li><strong>Ella fue condenada por sustracci\u00f3n de menores en 2020 al tratar de proteger a su hijo de su progenitor<\/strong><\/li><\/ul>\n\n\n\n<p class=\"wp-block-paragraph\">Redacci\u00f3n<\/p>\n\n\n\n<p class=\"wp-block-paragraph\">SemM\u00e9xico\/AmecoPress, Madrid, Espa\u00f1a, 27 de mayo, 2022. &#8211; Mar\u00eda Sevilla, expresidenta de Infancia Libre, fue condenada en 2020 por incumplir una sentencia de 2017 que otorgaba la custodia al padre de su hijo. Fue condenada a dos a\u00f1os y cuatro meses de prisi\u00f3n, adem\u00e1s de a cuatro a\u00f1os sin patria potestad. Ayer, 25 de mayo, el BOE public\u00f3 su indulto.<\/p>\n\n\n\n<p class=\"wp-block-paragraph\">Sevilla acus\u00f3 a su expareja de abusos sexuales al menor, pero las causas fueron archivadas. En 2017, una sentencia otorg\u00f3 la custodia al padre, pero ella decidi\u00f3 no cumplirla. No entreg\u00f3 al ni\u00f1o y, por eso, fue detenida en 2019.<\/p>\n\n\n\n<p class=\"wp-block-paragraph\">El indulto publicado por el BOE reduce la pena de Sevilla a dos a\u00f1os y si el juez lo considera, puede evitar la prisi\u00f3n. Asimismo, la inhabilitaci\u00f3n para ejercer la patria potestad queda eliminada a cambio de 180 d\u00edas de trabajos en beneficio de la comunidad. Este indulto, el cual ten\u00eda el visto bueno del fiscal, hab\u00eda sido solicitado por&nbsp;<a href=\"https:\/\/amecopress.net\/168-entidades-sociales-piden-un-indulto-urgente-para-Maria-Sevilla-expresidenta-de-Infancia-Libre\">168 entidades sociales<\/a>&nbsp;hace m\u00e1s de tres meses.<\/p>\n\n\n\n<p class=\"wp-block-paragraph\">La Asociaci\u00f3n de Mujeres Juristas Themis es una de las que exigi\u00f3 el indulto. Altamira Gonzalo, expresidenta de la asociaci\u00f3n, explica que est\u00e1n muy de acuerdo con el indulto que le han dado a Sevilla, ya que \u00abla conducta por la que fue condenada y obligada a entrar en prisi\u00f3n es una conducta que ahora no es constitutiva de delito desde que se aprob\u00f3 la ley de 4 de junio del 2021 de protecci\u00f3n integral a la infancia y la adolescencia frente a la violencia\u00bb. Por lo tanto, califica como una barbaridad mantenerla en prisi\u00f3n y subraya que el Gobierno \u00abha hecho lo que ten\u00eda que hacer\u00bb.<\/p>\n\n\n\n<p class=\"wp-block-paragraph\">Aunque no sea fijo que el juzgado exima de la c\u00e1rcel a Sevilla, Gonzalo cree que es l\u00f3gico que no entre en prisi\u00f3n con una condena inferior a dos a\u00f1os: \u00abSer\u00eda tremendo que esta mujer que fue v\u00edctima de malos tratos y que ha sido condenada por proteger a su hijo vaya a la c\u00e1rcel, cuando los maltratadores se libran\u00bb. Ha explicado el caso de Luis Antonio Irzo. En 2019, el juzgado dict\u00f3 cuatro penas contra Irzo, cada una de ellas de un a\u00f1o, nueves meses y un d\u00eda, por maltrato habitual a su ya exmujer, sus dos hijas y su hijo. Como ninguna condena rebasa los dos a\u00f1os, no ha cumplido ning\u00fan d\u00eda de c\u00e1rcel. Por lo tanto, si el juzgado no pone en libertad a Sevilla, \u00abser\u00e1 un agravio dif\u00edcil de justificar\u00bb.<\/p>\n\n\n\n<p class=\"wp-block-paragraph\">Existe una falta de credibilidad de las personas menores cuando denuncian a los padres por abuso sexual, as\u00ed como cuando las mujeres denuncian malos tratos: \u00abLa inmensa mayor\u00eda de las denuncias por abusos sexuales a menores ni tan siquiera llegan a juicio; de las pocas denuncias que se ponen, un 70% mueren en el camino\u00bb. El motivo es que a los y las menores no se les cree cuando relatan los hechos.<\/p>\n\n\n\n<p class=\"wp-block-paragraph\"><strong>Denegado el indulto a Mar\u00eda Salmer\u00f3n<\/strong><\/p>\n\n\n\n<p class=\"wp-block-paragraph\">Este indulto llega tras la negativa de conceder a Mar\u00eda Salmer\u00f3n un cuarto indulto. Salmer\u00f3n fue condenada en 2020 a nueve meses de c\u00e1rcel por incumplir el r\u00e9gimen de visitas de su hija con el padre de esta, condenado por violencia machista. La raz\u00f3n que da el Gobierno es que es reincidente y que su expediente no cuenta con el visto bueno del tribunal, imperativo en estos casos.<\/p>\n\n\n\n<p class=\"wp-block-paragraph\">La expresidenta de Themis explica que ellas critican el hecho de que no se le concediera el indulto a Salmer\u00f3n, dado que \u00ablas razones de fondo son exactamente las mismas que las que existen en el caso de Mar\u00eda Sevilla\u00bb. Seg\u00fan expresa Gonzalo, quiz\u00e1s alguna circunstancia personal no sea la misma, pero las circunstancias externas de protecci\u00f3n de menores s\u00ed que lo son.<\/p>\n\n\n\n<p class=\"wp-block-paragraph\">Gonzalo: \u00abLa conducta de Mar\u00eda Salmer\u00f3n hoy en d\u00eda tampoco ser\u00eda constitutiva de delito, porque se modificaron el C\u00f3digo Civil y la Ley de Enjuiciamiento Criminal el a\u00f1o pasado. Ojal\u00e1 la situaci\u00f3n de Mar\u00eda Salmer\u00f3n se resuelva bien y pronto\u00bb.<\/p>\n\n\n\n<p class=\"wp-block-paragraph\">Foto: archivo de AmecoPress.<\/p>\n","protected":false},"excerpt":{"rendered":"<p>Ella fue condenada por sustracci\u00f3n de menores en 2020 al tratar de proteger a su hijo de su progenitor<\/p>\n","protected":false},"author":3,"featured_media":50837,"comment_status":"open","ping_status":"open","sticky":false,"template":"","format":"standard","meta":{"_monsterinsights_skip_tracking":false,"footnotes":""},"categories":[693,53],"tags":[],"class_list":["post-50836","post","type-post","status-publish","format-standard","has-post-thumbnail","category-693","category-internacional"],"_links":{"self":[{"href":"https:\/\/redsemlac.com\/semmexico\/wp-json\/wp\/v2\/posts\/50836","targetHints":{"allow":["GET"]}}],"collection":[{"href":"https:\/\/redsemlac.com\/semmexico\/wp-json\/wp\/v2\/posts"}],"about":[{"href":"https:\/\/redsemlac.com\/semmexico\/wp-json\/wp\/v2\/types\/post"}],"author":[{"embeddable":true,"href":"https:\/\/redsemlac.com\/semmexico\/wp-json\/wp\/v2\/users\/3"}],"replies":[{"embeddable":true,"href":"https:\/\/redsemlac.com\/semmexico\/wp-json\/wp\/v2\/comments?post=50836"}],"version-history":[{"count":0,"href":"https:\/\/redsemlac.com\/semmexico\/wp-json\/wp\/v2\/posts\/50836\/revisions"}],"wp:featuredmedia":[{"embeddable":true,"href":"https:\/\/redsemlac.com\/semmexico\/wp-json\/wp\/v2\/media\/50837"}],"wp:attachment":[{"href":"https:\/\/redsemlac.com\/semmexico\/wp-json\/wp\/v2\/media?parent=50836"}],"wp:term":[{"taxonomy":"category","embeddable":true,"href":"https:\/\/redsemlac.com\/semmexico\/wp-json\/wp\/v2\/categories?post=50836"},{"taxonomy":"post_tag","embeddable":true,"href":"https:\/\/redsemlac.com\/semmexico\/wp-json\/wp\/v2\/tags?post=50836"}],"curies":[{"name":"wp","href":"https:\/\/api.w.org\/{rel}","templated":true}]}}