{"id":50825,"date":"2022-05-27T14:03:12","date_gmt":"2022-05-27T20:03:12","guid":{"rendered":"https:\/\/redsemlac.com\/semmexico\/?p=50825"},"modified":"2023-07-21T19:05:48","modified_gmt":"2023-07-22T00:05:48","slug":"opinion-cladem-cronica","status":"publish","type":"post","link":"https:\/\/redsemlac.com\/semmexico\/opinion-cladem-cronica\/","title":{"rendered":"Opini\u00f3n CLADEM| Cr\u00f3nica"},"content":{"rendered":"\n<p class=\"wp-block-paragraph\">Alejandra Maritza Cartagena L\u00f3pez*<br>SemM\u00e9xico, Guadalajara, Jalisco, 27 de mayo, 2022.- Hace un par de d\u00edas en el pa\u00eds alcanzamos la cifra de m\u00e1s de cien mil personas desaparecidas, continuando Jalisco en primer lugar con 14 mil 954 seg\u00fan el Registro Nacional de Personas Desaparecidas. Seg\u00fan el reportaje fragmentos de la desaparici\u00f3n cinco son los municipios m\u00e1s golpeados al tener m\u00e1s de dos mil registros: Guadalajara y Zapopan, en Jalisco, as\u00ed como Reynosa, Matamoros y Nuevo Laredo, en Tamaulipas.<br>A una semana de esta noticia el gobernador del estado Enrique Alfaro presento el reforzamiento de Estrategia Estatal de B\u00fasqueda 2022-2024 que es una continuaci\u00f3n de lo presentado en el 2019 con la estrategia \u201cEstamos buscando\u201d, donde los resultados de esta \u00faltima no quedan claros.<\/p>\n\n\n\n<p class=\"wp-block-paragraph\"><br>De lo observado en dicha estrategia y en vinculaci\u00f3n con lo mencionado el Comit\u00e9 contra la Desaparici\u00f3n en su informe solo destacare tres cosas; \u201cno hay una solo familiar o colectivo de personas desaparecidas, dos otra vez las cifras no cuadran con el SISOVID y el Registro Nacional y tres las instancias que deben coordinarse (Fiscal\u00eda, Comisi\u00f3n de b\u00fasqueda, Comisi\u00f3n de v\u00edctimas e Instituto Jalisciense de ciencias forenses), siguen sin coordinarse, y los colectivos lo han denunciado en varias ocasiones, pues son ellas quienes han vivido directamente las omisiones y negligencias de las instituciones que por falta de coordinaci\u00f3n y de entendimiento de sus obligaciones esto se ha traducido en que sus hijas e hijos no son buscados.<\/p>\n\n\n\n<p class=\"wp-block-paragraph\"><br>Adem\u00e1s, las instituciones involucradas en la atenci\u00f3n, investigaci\u00f3n, b\u00fasqueda e identificaci\u00f3n siguen sin contar con los recursos humanos, materiales, econ\u00f3micos y tecnol\u00f3gicos para realizar sus funciones y no est\u00e1n debidamente capacitadas y mucho menos se han instaurado los mecanismos de coordinaci\u00f3n interinstitucional necesarios para la implementaci\u00f3n de los protocolos homologados de b\u00fasqueda e investigaci\u00f3n, adem\u00e1s de la Ley General.<\/p>\n\n\n\n<p class=\"wp-block-paragraph\"><br>El Comit\u00e9 tambi\u00e9n se\u00f1alo que de la informaci\u00f3n obtenida por las victimas y las autoridades se puede observar la existencia de diversos patrones en la comisi\u00f3n de desapariciones forzadas que afectan a la gran mayor\u00eda de las entidades federativas. Cabe mencionar que en Jalisco las familias han denunciado en varias ocasiones la colusi\u00f3n entre las autoridades y quienes se llevaron a sus hijas o hijos y la participaci\u00f3n de la delincuencia organizada que se ha convertido en un perpetrador central de desapariciones, con diversas formas de complicidad y diversos grados de participaci\u00f3n, aquiescencia u omisi\u00f3n de servidores p\u00fablicos.<\/p>\n\n\n\n<p class=\"wp-block-paragraph\"><br>Tambi\u00e9n, el Comit\u00e9 se\u00f1ala su preocupaci\u00f3n por la victimizaci\u00f3n espec\u00edfica de las mujeres que, en la mayor\u00eda de los casos, quedan a cargo de su familia y afrontan con sus propios medios la b\u00fasqueda de sus seres queridos, al tiempo que sufren los graves efectos sociales y econ\u00f3micos de las desapariciones y, en muchos casos son v\u00edctimas de violencia, persecuci\u00f3n, estigmatizaci\u00f3n, extorsi\u00f3n y represalias. Pues al asumir la investigaci\u00f3n y b\u00fasqueda de sus familiares se encuentran en un contexto de vulnerabilidad, que las autoridades no han atendido de manera integral.<\/p>\n\n\n\n<p class=\"wp-block-paragraph\"><br>Asimismo, el CED se\u00f1ala que es imprescindible crear una pol\u00edtica p\u00fablica integral, que atienda y combata las causas de las desapariciones de manera integral y esta debe asumir condiciones m\u00ednimas como: reconocer y tomar en consideraci\u00f3n los criterios de responsabilidad de los servidores p\u00fablicos y erradicar las causas estructurales de la impunidad solo esta condici\u00f3n con lleva un gran desaf\u00edo en un estado donde se insiste en criminalizar y estigmatizar a las v\u00edctimas lo cual se ha traducido en b\u00fasquedas e investigaci\u00f3n tard\u00edas o inexistentes y donde las autoridades han insistido en criminalizar y estigmatizar a las personas desaparecidas y sus familiares.<\/p>\n\n\n\n<p class=\"wp-block-paragraph\"><br>*CLADEM Jalisco<\/p>\n","protected":false},"excerpt":{"rendered":"<p>Alejandra Maritza Cartagena L\u00f3pez*SemM\u00e9xico, Guadalajara, Jalisco, 27 de mayo, 2022.- Hace un par de d\u00edas en el pa\u00eds alcanzamos la cifra de m\u00e1s de cien mil personas desaparecidas, continuando Jalisco en primer lugar con 14 mil 954 seg\u00fan el Registro Nacional de Personas Desaparecidas. Seg\u00fan el reportaje fragmentos de la desaparici\u00f3n cinco son los municipios [&hellip;]<\/p>\n","protected":false},"author":3,"featured_media":41752,"comment_status":"open","ping_status":"open","sticky":false,"template":"","format":"standard","meta":{"_monsterinsights_skip_tracking":false,"footnotes":""},"categories":[693,619],"tags":[],"class_list":["post-50825","post","type-post","status-publish","format-standard","has-post-thumbnail","category-693","category-opinion-desde-cladem"],"_links":{"self":[{"href":"https:\/\/redsemlac.com\/semmexico\/wp-json\/wp\/v2\/posts\/50825","targetHints":{"allow":["GET"]}}],"collection":[{"href":"https:\/\/redsemlac.com\/semmexico\/wp-json\/wp\/v2\/posts"}],"about":[{"href":"https:\/\/redsemlac.com\/semmexico\/wp-json\/wp\/v2\/types\/post"}],"author":[{"embeddable":true,"href":"https:\/\/redsemlac.com\/semmexico\/wp-json\/wp\/v2\/users\/3"}],"replies":[{"embeddable":true,"href":"https:\/\/redsemlac.com\/semmexico\/wp-json\/wp\/v2\/comments?post=50825"}],"version-history":[{"count":0,"href":"https:\/\/redsemlac.com\/semmexico\/wp-json\/wp\/v2\/posts\/50825\/revisions"}],"wp:featuredmedia":[{"embeddable":true,"href":"https:\/\/redsemlac.com\/semmexico\/wp-json\/wp\/v2\/media\/41752"}],"wp:attachment":[{"href":"https:\/\/redsemlac.com\/semmexico\/wp-json\/wp\/v2\/media?parent=50825"}],"wp:term":[{"taxonomy":"category","embeddable":true,"href":"https:\/\/redsemlac.com\/semmexico\/wp-json\/wp\/v2\/categories?post=50825"},{"taxonomy":"post_tag","embeddable":true,"href":"https:\/\/redsemlac.com\/semmexico\/wp-json\/wp\/v2\/tags?post=50825"}],"curies":[{"name":"wp","href":"https:\/\/api.w.org\/{rel}","templated":true}]}}