{"id":5081,"date":"2018-10-04T20:24:11","date_gmt":"2018-10-04T20:24:11","guid":{"rendered":"https:\/\/redsemlac.com\/semmexico\/?p=5081"},"modified":"2023-07-21T14:33:50","modified_gmt":"2023-07-21T19:33:50","slug":"los-ejes-de-trabajo-las-autonomias-fisica-economica-y-en-la-toma-de-decisiones","status":"publish","type":"post","link":"https:\/\/redsemlac.com\/semmexico\/los-ejes-de-trabajo-las-autonomias-fisica-economica-y-en-la-toma-de-decisiones\/","title":{"rendered":"Los ejes de trabajo, las autonom\u00edas f\u00edsica, econ\u00f3mica y en la toma de decisiones."},"content":{"rendered":"\n<p class=\"wp-block-paragraph\"><a href=\"https:\/\/www.semmexico.com\/gallery-post.php?id=6015#\">Lizbeth \u00c1lvarez<\/a><\/p>\n\n\n\n<p class=\"wp-block-paragraph\">SemM\u00e9xico, Cd. de M\u00e9xico, 4 octubre 2018.- Con el acompa\u00f1amiento solidario de la \u201candanada feminista\u201d, Martha Luc\u00eda M\u00edcher Camarena, presidenta de la Comisi\u00f3n de Igualdad de G\u00e9nero en el Senado, formaliz\u00f3 el inicio de los trabajos legislativos enfocados, se dijo, a eliminar las causas estructurales de la desigualdad y construir un Gobierno de desarrollo basado en la igualdad entre mujeres y hombres.<\/p>\n\n\n\n<p class=\"wp-block-paragraph\">M\u00edcher Camarena asegur\u00f3 que \u201ccomo feminista, como mujer\u201d en la presente legislatura aportar\u00e1 para cumplir el gran reto de dar un giro de 180 grados para cambiar el r\u00e9gimen pol\u00edtico que se ha caracterizado por una simulaci\u00f3n discursiva \u201cque nos ha ofendido\u201d\u2026\u201csin pr\u00e1cticamente nada desde la acci\u00f3n pol\u00edtica\u201d.<\/p>\n\n\n\n<p class=\"wp-block-paragraph\">Para avanzar en la agenda legislativa en materia de igualdad sostuvo que contar\u00e1n con el respaldo de expertas de la academia y el feminismo.<\/p>\n\n\n\n<p class=\"wp-block-paragraph\">Las senadoras Blanca Estela Pi\u00f1a Gudi\u00f1o y Alejandra del Carmen Le\u00f3n Gast\u00e9lum fungir\u00e1n como secretarias de la comisi\u00f3n. En ese sentido, Mal\u00fa M\u00edcher coment\u00f3 que no se registr\u00f3 ning\u00fan hombre. &nbsp;<\/p>\n\n\n\n<p class=\"wp-block-paragraph\">La senadora morenista indic\u00f3 que trabajar\u00e1n en torno a las tres autonom\u00edas que son fundamentales: La autonom\u00eda f\u00edsica, la autonom\u00eda econ\u00f3mica y la autonom\u00eda en la toma de decisiones. &nbsp;<\/p>\n\n\n\n<p class=\"wp-block-paragraph\">La autonom\u00eda f\u00edsica se refiere a la salud de las mujeres, a una vida libre de violencia de g\u00e9nero, con vivienda digna, y puedan las mexicanas acceder al pleno ejercicio de sus derechos sociales.<\/p>\n\n\n\n<p class=\"wp-block-paragraph\">Explic\u00f3 que es una obligaci\u00f3n del &nbsp;Estado mexicano reconocer el aporte de las mujeres a la econom\u00eda mundial, como una parte de la autonom\u00eda econ\u00f3mica, y a\u00f1adi\u00f3 que las mujeres tienen derecho a decidir y no quieren seguir pidiendo permiso.<\/p>\n\n\n\n<p class=\"wp-block-paragraph\"><strong>M\u00edcher cit\u00f3 \u201cdatos demoledores\u201d<\/strong><\/p>\n\n\n\n<p class=\"wp-block-paragraph\">De acuerdo con el Coneval, aproximadamente una cuarta parte de los hogares mexicanos cuentan con una jefatura femenina, es decir, en ellos las mujeres se hacen cargo de todos los gastos.<\/p>\n\n\n\n<p class=\"wp-block-paragraph\">Cit\u00f3 que aunque el rezago educativo entre mujeres y hombres se redujo entre 2010 y 2016, sin embargo, las jefas de hogar padecen mayor dificultad para acceder a la educaci\u00f3n.<\/p>\n\n\n\n<p class=\"wp-block-paragraph\">\u201cNos seguimos muriendo porque somos pobres. En su mayor\u00eda tenemos acceso a la salud solo por alg\u00fan familiar que goce de este derecho, lo que nos coloca en condiciones de dependencia y vulnerabilidad\u201d.&nbsp;<\/p>\n\n\n\n<p class=\"wp-block-paragraph\">En 2016, por cada 100 hombres que contaban con seguridad social, solo 62 mujeres se encontraban en la misma situaci\u00f3n. En 2016, por cada 100 hombres, 49 mujeres contaban con el derecho.<\/p>\n\n\n\n<p class=\"wp-block-paragraph\">Uno de los campos de mayor desigualdad entre hombres y mujeres en el pa\u00eds, es el del trabajo dom\u00e9stico no remunerado y de cuidados de menores de edad y adultos mayores. En promedio, las mujeres dedican a los quehaceres de casa entre 12 y 17 horas semanales m\u00e1s que los hombres, sin recibir ninguna remuneraci\u00f3n econ\u00f3mica.<\/p>\n\n\n\n<p class=\"wp-block-paragraph\">M\u00edcher Camarena, presidenta de la Comisi\u00f3n de Igualdad de G\u00e9nero en el Senado tambi\u00e9n se refiri\u00f3 a los datos \u201cdesalentadores y vergonzosos\u201d sobre la violencia contra las mujeres, y dijo que las que se encuentran en situaci\u00f3n de mayor vulnerabilidad son ind\u00edgenas, migrantes, ni\u00f1as, adolescentes y adultas mayores.<\/p>\n\n\n\n<p class=\"wp-block-paragraph\">\u201cTodos los d\u00edas se matan a siete mujeres en M\u00e9xico, lo que representa la mitad de asesinatos de mujeres que se comenten en Am\u00e9rica Latina. Estos cr\u00edmenes se concentran en las ni\u00f1as de cero a cinco a\u00f1os, las adolescentes y las mayores de 65 a\u00f1os; es decir, pr\u00e1cticamente en cualquier etapa de la vida estamos expuestas a una condici\u00f3n de riesgo\u201d.<\/p>\n\n\n\n<p class=\"wp-block-paragraph\">Agreg\u00f3 que de acuerdo al INEGI, el 66.1 por ciento de las mujeres mayores de 15 a\u00f1os ha experimentado un acto de violencia en su vida. \u201cNo estamos seguras en el \u00e1mbito privado ni en el p\u00fablico\u201d y cit\u00f3 que en M\u00e9xico se producen 600 mil delitos sexuales por a\u00f1o, de acuerdo con cifras oficiales.<\/p>\n\n\n\n<p class=\"wp-block-paragraph\">Para la senadora M\u00edcher Camarena es un prop\u00f3sito el cumplir las recomendaciones internacionales en materia de Derechos Humanos y en especial de las Mujeres, porque M\u00e9xico ha adquirido el compromiso de garantizar la igualdad de derechos y de trato ante la ley entre Mujeres y Hombres.<\/p>\n\n\n\n<p class=\"wp-block-paragraph\">Expres\u00f3 que \u201cvamos a trabajar para eliminar todas las formas de violencia y discriminaci\u00f3n contra las mujeres, las adolescentes y las ni\u00f1as, asegurando el avance de respeto y protecci\u00f3n de todos sus derechos humanos de todas las mujeres que vivimos y transitamos en este pa\u00eds\u201d.<\/p>\n\n\n\n<p class=\"wp-block-paragraph\">Adem\u00e1s, anunci\u00f3 que propuso y, se aprob\u00f3, que las Integrantes de la Comisi\u00f3n para la Igualdad de G\u00e9nero solicitemos a la Mesa Directiva del Senado la realizaci\u00f3n una Sesi\u00f3n Solemne al d\u00eda 16 de octubre por el 65 Aniversario del Voto de la Mujer en M\u00e9xico, que se celebra el d\u00eda 17 de octubre.<\/p>\n\n\n\n<p class=\"wp-block-paragraph\">\u201cSin nosotras no hay cuarta transformaci\u00f3n. La igualdad no es un tema de mujeres, nos compete a todas y todos\u201d.<\/p>\n\n\n\n<p class=\"wp-block-paragraph\">Durante la Instalaci\u00f3n de la comisi\u00f3n tambi\u00e9n estuvieron presentes las feministas y activistas Marcela Eternod, titular del Instituto Nacional de las Mujeres (Inmujeres); Karla Micheel Salas Ram\u00edrez, Emilienne De Le\u00f3n, entre otras.<\/p>\n\n\n\n<p class=\"wp-block-paragraph\">SEM\/la\/sj<br><\/p>\n","protected":false},"excerpt":{"rendered":"<p>Lizbeth \u00c1lvarez SemM\u00e9xico, Cd. de M\u00e9xico, 4 octubre 2018.- Con el acompa\u00f1amiento solidario de la \u201candanada feminista\u201d, Martha Luc\u00eda M\u00edcher Camarena, presidenta de la Comisi\u00f3n de Igualdad de G\u00e9nero en el Senado, formaliz\u00f3 el inicio de los trabajos legislativos enfocados, se dijo, a eliminar las causas estructurales de la desigualdad y construir un Gobierno de [&hellip;]<\/p>\n","protected":false},"author":3,"featured_media":5082,"comment_status":"open","ping_status":"open","sticky":false,"template":"","format":"standard","meta":{"_monsterinsights_skip_tracking":false,"footnotes":""},"categories":[689,50],"tags":[],"class_list":["post-5081","post","type-post","status-publish","format-standard","has-post-thumbnail","category-689","category-congreso"],"_links":{"self":[{"href":"https:\/\/redsemlac.com\/semmexico\/wp-json\/wp\/v2\/posts\/5081","targetHints":{"allow":["GET"]}}],"collection":[{"href":"https:\/\/redsemlac.com\/semmexico\/wp-json\/wp\/v2\/posts"}],"about":[{"href":"https:\/\/redsemlac.com\/semmexico\/wp-json\/wp\/v2\/types\/post"}],"author":[{"embeddable":true,"href":"https:\/\/redsemlac.com\/semmexico\/wp-json\/wp\/v2\/users\/3"}],"replies":[{"embeddable":true,"href":"https:\/\/redsemlac.com\/semmexico\/wp-json\/wp\/v2\/comments?post=5081"}],"version-history":[{"count":0,"href":"https:\/\/redsemlac.com\/semmexico\/wp-json\/wp\/v2\/posts\/5081\/revisions"}],"wp:featuredmedia":[{"embeddable":true,"href":"https:\/\/redsemlac.com\/semmexico\/wp-json\/wp\/v2\/media\/5082"}],"wp:attachment":[{"href":"https:\/\/redsemlac.com\/semmexico\/wp-json\/wp\/v2\/media?parent=5081"}],"wp:term":[{"taxonomy":"category","embeddable":true,"href":"https:\/\/redsemlac.com\/semmexico\/wp-json\/wp\/v2\/categories?post=5081"},{"taxonomy":"post_tag","embeddable":true,"href":"https:\/\/redsemlac.com\/semmexico\/wp-json\/wp\/v2\/tags?post=5081"}],"curies":[{"name":"wp","href":"https:\/\/api.w.org\/{rel}","templated":true}]}}