{"id":5078,"date":"2018-10-04T20:22:36","date_gmt":"2018-10-04T20:22:36","guid":{"rendered":"https:\/\/redsemlac.com\/semmexico\/?p=5078"},"modified":"2023-07-21T14:33:50","modified_gmt":"2023-07-21T19:33:50","slug":"cifras-alarmantes-de-violencia","status":"publish","type":"post","link":"https:\/\/redsemlac.com\/semmexico\/cifras-alarmantes-de-violencia\/","title":{"rendered":"Cifras alarmantes de violencia"},"content":{"rendered":"\n<p class=\"wp-block-paragraph\"><a href=\"https:\/\/www.semmexico.com\/gallery-post.php?id=6017#\">Redacci\u00f3n<\/a><\/p>\n\n\n\n<p class=\"wp-block-paragraph\">SemM\u00e9xico, Cd. de M\u00e9xico, 4 octubre 2018.- M\u00e9xico es un pa\u00eds de v\u00edctimas, de la indolencia del estado y de crisis en los derechos humanos, sostuvo la directora ejecutiva de Amnist\u00eda Internacional M\u00e9xico, Tania Reneaum Panszi, invitada a la instalaci\u00f3n de la Comisi\u00f3n de Derechos Humanos del Senado de la Rep\u00fablica.<\/p>\n\n\n\n<p class=\"wp-block-paragraph\">Ante senadores, entre ellos el presidente de la Mesa Directiva, Mart\u00ed Batres Guadarrama y la senadora Kenia L\u00f3pez Rabad\u00e1n, Rebeaum Pamszi dijo que, para restablecer la confianza en las instituciones del Estado, el Senado debe escuchar a quienes viven en el pa\u00eds, a los Organismos Internacionales y fortalecer los mecanismos de control del Estado poniendo como bien superior el inter\u00e9s p\u00fablico.<\/p>\n\n\n\n<p class=\"wp-block-paragraph\">En su momento, Batres Guadarrama revel\u00f3 las cifras de la violencia en M\u00e9xico y dijo que en la \u00faltima d\u00e9cada se registraron alrededor de 200 mil ejecuciones. Hay siete feminicidios diarios, 37 mil personas reconocidas como desaparecidas y m\u00e1s de 300 mil desplazados en diversas regiones del pa\u00eds.<\/p>\n\n\n\n<p class=\"wp-block-paragraph\">Record\u00f3 que conforme al art\u00edculo 1\u00ba de la Constituci\u00f3n, todas las autoridades deben promover, respetar, proteger y garantizar los derechos humanos; adem\u00e1s, dijo, en este ordenamiento est\u00e1 incorporado el principio de progresividad, por lo que los derechos humanos no se pueden restringir ni disminuir, sino que s\u00f3lo se pueden ampliar.<\/p>\n\n\n\n<p class=\"wp-block-paragraph\">A su vez, la presidenta de la Comisi\u00f3n de Derechos Humanos, Kenia L\u00f3pez Rabad\u00e1n, asegur\u00f3 que las senadoras y senadores trabajar\u00e1n para dar voz a quienes no la tienen: \u201cSeremos compa\u00f1eros y compa\u00f1eras en las causas de las v\u00edctimas y buscaremos lograr acuerdos en tiempos de desacuerdos\u201d.<\/p>\n\n\n\n<p class=\"wp-block-paragraph\">La legisladora panista agreg\u00f3 que revisar\u00e1n y perfeccionar\u00e1n ordenamientos, se buscar\u00e1 presupuesto y se dar\u00e1 un debate e intercambio de ideas profundo, de respeto y transparencia.<\/p>\n\n\n\n<p class=\"wp-block-paragraph\">Se pondr\u00e1 especial \u00e9nfasis en la atenci\u00f3n a las v\u00edctimas, y en el an\u00e1lisis y reforzamiento de la reforma constitucional de 2011 en materia de derechos humanos, afirm\u00f3.<\/p>\n\n\n\n<p class=\"wp-block-paragraph\">A la reuni\u00f3n de instalaci\u00f3n asistieron las senadoras Martha Luc\u00eda M\u00edcher Camarena, de Morena; Mauricio Kuri Gonz\u00e1lez, Gina Andrea Cruz Blackledge y Mayuli Latifa Mart\u00ednez Sim\u00f3n, del PAN, as\u00ed como la presidenta del Instituto Nacional de las Mujeres, Marcela Eternod; el subsecretario de la Secretar\u00eda de Gobernaci\u00f3n, Felipe Sol\u00eds Acero; el presidente de la Comisi\u00f3n Ejecutiva de Atenci\u00f3n a V\u00edctimas, Jaime Roch\u00edn; Isabel Miranda de Wallace, presidenta de la asociaci\u00f3n civil Alto al Secuestro.<br><\/p>\n","protected":false},"excerpt":{"rendered":"<p>Redacci\u00f3n SemM\u00e9xico, Cd. de M\u00e9xico, 4 octubre 2018.- M\u00e9xico es un pa\u00eds de v\u00edctimas, de la indolencia del estado y de crisis en los derechos humanos, sostuvo la directora ejecutiva de Amnist\u00eda Internacional M\u00e9xico, Tania Reneaum Panszi, invitada a la instalaci\u00f3n de la Comisi\u00f3n de Derechos Humanos del Senado de la Rep\u00fablica. Ante senadores, entre [&hellip;]<\/p>\n","protected":false},"author":3,"featured_media":5079,"comment_status":"open","ping_status":"open","sticky":false,"template":"","format":"standard","meta":{"_monsterinsights_skip_tracking":false,"footnotes":""},"categories":[689,50],"tags":[],"class_list":["post-5078","post","type-post","status-publish","format-standard","has-post-thumbnail","category-689","category-congreso"],"_links":{"self":[{"href":"https:\/\/redsemlac.com\/semmexico\/wp-json\/wp\/v2\/posts\/5078","targetHints":{"allow":["GET"]}}],"collection":[{"href":"https:\/\/redsemlac.com\/semmexico\/wp-json\/wp\/v2\/posts"}],"about":[{"href":"https:\/\/redsemlac.com\/semmexico\/wp-json\/wp\/v2\/types\/post"}],"author":[{"embeddable":true,"href":"https:\/\/redsemlac.com\/semmexico\/wp-json\/wp\/v2\/users\/3"}],"replies":[{"embeddable":true,"href":"https:\/\/redsemlac.com\/semmexico\/wp-json\/wp\/v2\/comments?post=5078"}],"version-history":[{"count":0,"href":"https:\/\/redsemlac.com\/semmexico\/wp-json\/wp\/v2\/posts\/5078\/revisions"}],"wp:featuredmedia":[{"embeddable":true,"href":"https:\/\/redsemlac.com\/semmexico\/wp-json\/wp\/v2\/media\/5079"}],"wp:attachment":[{"href":"https:\/\/redsemlac.com\/semmexico\/wp-json\/wp\/v2\/media?parent=5078"}],"wp:term":[{"taxonomy":"category","embeddable":true,"href":"https:\/\/redsemlac.com\/semmexico\/wp-json\/wp\/v2\/categories?post=5078"},{"taxonomy":"post_tag","embeddable":true,"href":"https:\/\/redsemlac.com\/semmexico\/wp-json\/wp\/v2\/tags?post=5078"}],"curies":[{"name":"wp","href":"https:\/\/api.w.org\/{rel}","templated":true}]}}