{"id":5072,"date":"2018-10-04T20:19:07","date_gmt":"2018-10-04T20:19:07","guid":{"rendered":"https:\/\/redsemlac.com\/semmexico\/?p=5072"},"modified":"2023-07-21T14:33:50","modified_gmt":"2023-07-21T19:33:50","slug":"patricia-mercado-cede-su-lugar-en-tribuna-a-marcelina-bautista","status":"publish","type":"post","link":"https:\/\/redsemlac.com\/semmexico\/patricia-mercado-cede-su-lugar-en-tribuna-a-marcelina-bautista\/","title":{"rendered":"Patricia Mercado cede su lugar en tribuna a Marcelina Bautista"},"content":{"rendered":"\n<p class=\"wp-block-paragraph\"><a href=\"https:\/\/www.semmexico.com\/gallery-post.php?id=6028#\">Redacci\u00f3n<\/a><\/p>\n\n\n\n<p class=\"wp-block-paragraph\">SemM\u00e9xico, Cd. de M\u00e9xico, 4 octubre 2018.- La senadora Patricia Mercado del Grupo Parlamentario de Movimiento Ciudadano, le cedi\u00f3 su lugar en tribuna a Marcelina Bautista, lideresa del primer Sindicato Nacional de Trabajadoras del Hogar y fundadora del Centro de Capacitaci\u00f3n para Empleadas del Hogar, para colocar en el debate nacional el tema de los derechos laborales de este sector.<\/p>\n\n\n\n<p class=\"wp-block-paragraph\">Se estima que tres millones de personas en el pa\u00eds se dedican a esta actividad, de las cuales 93 por ciento son mujeres, los restantes son hombres. Mujeres que son explotadas, abusadas, no tienen derecho a Seguro Social, ni a otras prestaciones de ley como vacaciones, d\u00edas de descanso y pagos de horas extras.<\/p>\n\n\n\n<p class=\"wp-block-paragraph\">Marcelina Bautista, inform\u00f3 que buscan que el Senado apruebe el Convenio 189 de la Organizaci\u00f3n Internacional del Trabajo, (OIT), sobre trabajadoras y trabajadores dom\u00e9sticos (del hogar) para que lo ratifique posteriormente el Estado Mexicano; que se modifique la ley del Instituto Mexicano del Seguro Social (IMSS) para que su inscripci\u00f3n por los empleadores sea obligatorio y no voluntario. &nbsp;&nbsp;<\/p>\n\n\n\n<p class=\"wp-block-paragraph\">La dirigente sindical, con trayectoria de 18 a\u00f1os, inform\u00f3 lo anterior, durante su participaci\u00f3n en el Foro de Trabajo sobre las mujeres trabajadoras del hogar ante las recomendaciones del Comit\u00e9 CEDAW 2018, que organiza la C\u00e1tedra UNESCO de Derechos Humanos de la UNAM, en la Facultad de Ciencias Pol\u00edticas y Sociales.<\/p>\n\n\n\n<p class=\"wp-block-paragraph\">SEM\/em\/sj<br><\/p>\n","protected":false},"excerpt":{"rendered":"<p>Redacci\u00f3n SemM\u00e9xico, Cd. de M\u00e9xico, 4 octubre 2018.- La senadora Patricia Mercado del Grupo Parlamentario de Movimiento Ciudadano, le cedi\u00f3 su lugar en tribuna a Marcelina Bautista, lideresa del primer Sindicato Nacional de Trabajadoras del Hogar y fundadora del Centro de Capacitaci\u00f3n para Empleadas del Hogar, para colocar en el debate nacional el tema de [&hellip;]<\/p>\n","protected":false},"author":3,"featured_media":5073,"comment_status":"open","ping_status":"open","sticky":false,"template":"","format":"standard","meta":{"_monsterinsights_skip_tracking":false,"footnotes":""},"categories":[689,50],"tags":[],"class_list":["post-5072","post","type-post","status-publish","format-standard","has-post-thumbnail","category-689","category-congreso"],"_links":{"self":[{"href":"https:\/\/redsemlac.com\/semmexico\/wp-json\/wp\/v2\/posts\/5072","targetHints":{"allow":["GET"]}}],"collection":[{"href":"https:\/\/redsemlac.com\/semmexico\/wp-json\/wp\/v2\/posts"}],"about":[{"href":"https:\/\/redsemlac.com\/semmexico\/wp-json\/wp\/v2\/types\/post"}],"author":[{"embeddable":true,"href":"https:\/\/redsemlac.com\/semmexico\/wp-json\/wp\/v2\/users\/3"}],"replies":[{"embeddable":true,"href":"https:\/\/redsemlac.com\/semmexico\/wp-json\/wp\/v2\/comments?post=5072"}],"version-history":[{"count":0,"href":"https:\/\/redsemlac.com\/semmexico\/wp-json\/wp\/v2\/posts\/5072\/revisions"}],"wp:featuredmedia":[{"embeddable":true,"href":"https:\/\/redsemlac.com\/semmexico\/wp-json\/wp\/v2\/media\/5073"}],"wp:attachment":[{"href":"https:\/\/redsemlac.com\/semmexico\/wp-json\/wp\/v2\/media?parent=5072"}],"wp:term":[{"taxonomy":"category","embeddable":true,"href":"https:\/\/redsemlac.com\/semmexico\/wp-json\/wp\/v2\/categories?post=5072"},{"taxonomy":"post_tag","embeddable":true,"href":"https:\/\/redsemlac.com\/semmexico\/wp-json\/wp\/v2\/tags?post=5072"}],"curies":[{"name":"wp","href":"https:\/\/api.w.org\/{rel}","templated":true}]}}