{"id":50670,"date":"2022-05-24T10:05:56","date_gmt":"2022-05-24T16:05:56","guid":{"rendered":"https:\/\/redsemlac.com\/semmexico\/?p=50670"},"modified":"2023-07-21T19:05:19","modified_gmt":"2023-07-22T00:05:19","slug":"textura-violetalo-que-no-se-dice-de-las-dirigencias-universitarias-bolivianas","status":"publish","type":"post","link":"https:\/\/redsemlac.com\/semmexico\/textura-violetalo-que-no-se-dice-de-las-dirigencias-universitarias-bolivianas\/","title":{"rendered":"Textura Violeta|Lo que no se dice de las dirigencias universitarias bolivianas"},"content":{"rendered":"\n<p class=\"wp-block-paragraph\"><strong>Drina Ergueta<\/strong><\/p>\n\n\n\n<p class=\"wp-block-paragraph\">SemM\u00e9xico. La Paz-Bolivia. 24 de mayo de 2022.- Rayza Colque, Daniela Quentasi, Jhoselyn Paita y Gladys Acu\u00f1a, jovenc\u00edsimas, murieron en medio de una multitud estudiantil encerrada y espantada por un gas lacrim\u00f3geno lanzado en medio de una asamblea. Sin respeto y sin esperar un tiempo prudencial, sus rostros sin vida y magullados fueron expuestos en redes sociales y alg\u00fan medio con el pretexto de buscar identificarlas. Mucho amarillismo con ellas, especialmente, y nada m\u00e1s.<\/p>\n\n\n\n<p class=\"wp-block-paragraph\">Ellas pasaron al olvido medi\u00e1tico porque ese hecho revel\u00f3 algo m\u00e1s jugoso: la podredumbre en que se ve inmerso el sistema universitario estatal y las pugnas por el poder y por el control de sus recursos. Pugnas con participantes casi exclusivamente masculinos, se ha de decir.<\/p>\n\n\n\n<p class=\"wp-block-paragraph\">El 9 de mayo en la Universidad Aut\u00f3noma Tom\u00e1s Fr\u00edas de Potos\u00ed se llev\u00f3 a cabo una asamblea convocada por el Comit\u00e9 Electoral para renovar la Federaci\u00f3n Universitaria Local (FUL, que es el m\u00e1ximo organismo de dirigencia estudiantil). El frente saliente busc\u00f3 dificultar el cambio dirigencial lanzando una granada de gas en medio de la asamblea. La avalancha humana generada y la ausencia de salidas de emergencia provocaron las cuatro muertes, todas de mujeres que en estos casos son las m\u00e1s vulnerables, y 70 personas hospitalizadas.<\/p>\n\n\n\n<p class=\"wp-block-paragraph\">El espacio no cumpl\u00eda con requisitos m\u00ednimos de seguridad: salidas de emergencia visibles y suficientes, extintores, seguridad en caso de conflicto, servicio de asistencia m\u00e9dica inmediata, punto de denuncia y reacci\u00f3n ante el acoso o las agresiones sexuales, entre otros.<\/p>\n\n\n\n<p class=\"wp-block-paragraph\">Se detuvo a cuatro estudiantes, dirigentes, que habr\u00edan sido los autores del atentado y se desvi\u00f3 hacia ellos toda la atenci\u00f3n y toda la responsabilidad. Luego se descubri\u00f3 que hab\u00eda muchos dirigentes que se eternizaban en el cargo, que llevaban 20 a\u00f1os como estudiantes y que acaparaban poder y beneficios personales. Eso en todo el sistema universitario.<\/p>\n\n\n\n<p class=\"wp-block-paragraph\">Las universidades se crearon para formar a los hombres, no a las mujeres. De este aspecto ninguno habla. El acceso de las mujeres a la universidad estaba prohibido, ingresar a ellas es una conquista larga y dolorosa que lleva poco m\u00e1s de un siglo en el planeta. En Bolivia, hoy hay carreras totalmente feminizadas, otras mixtas y algunas donde a\u00fan predominan los hombres; sin embargo, donde las mujeres no han llegado es a las m\u00e1ximas dirigencias estudiantiles.<\/p>\n\n\n\n<p class=\"wp-block-paragraph\">Se trata de un espacio masculino no s\u00f3lo por la presencia abrumadora de hombres en los cargos m\u00e1s altos, sino tambi\u00e9n por las formas de hacer son masculinizadas: competencia, agresividad, figuraci\u00f3n, el ejercicio y disfrute del poder, control y \u00faltima palabra decisoria.<\/p>\n\n\n\n<p class=\"wp-block-paragraph\">Esa asamblea, esas actuaciones delictivas y los objetivos de control del poder fueron asuntos masculinos. En la mente de la mayor\u00eda de quienes dirigen todo ello, no se les cruza la idea de que una mujer asuma, de hacerlo ese ser\u00eda un punto de cuestionamiento disfrazado de acusaciones de ineptitud, incapacidad, inexperiencia, entre otras conocidas.<\/p>\n\n\n\n<p class=\"wp-block-paragraph\">A las mujeres el hablar ante un p\u00fablico masculino agresivo les resulta m\u00e1s dif\u00edcil ya que no son tomadas en cuenta a la hora de ceder la palabra, durante sus intervenciones suelen ser interrumpidas, sus comentarios son menospreciados o ridiculizados, siempre hay una broma o un comentario sexualizado. Sobre todo esto que acabo de afirmar existen muchos estudios.&nbsp;<\/p>\n\n\n\n<p class=\"wp-block-paragraph\">Una muestra del patriarcado institucional en el sistema universitario boliviano es que son pocas las mujeres rectoras que ha habido y que entre las FULes de las 15 universidades estatales no hay ninguna dirigente m\u00e1xima que sea mujer, s\u00ed hay algunas delegadas a asuntos espec\u00edficos. Las mujeres est\u00e1n en la masa, en las movilizaciones, en las asambleas, pintando carteles, siempre siendo las secretarias de actas o recaudando fondos, las m\u00e1s activas.<\/p>\n\n\n\n<p class=\"wp-block-paragraph\">Este fin de semana se ha detenido al m\u00e1ximo representante dirigencial del sistema universitario, Max Mendoza, por varios excesos en el ejercicio del cargo. Hay que hacer limpieza y cambios profundos, tambi\u00e9n en lo que toca al g\u00e9nero y las maneras masculinizadas.<\/p>\n","protected":false},"excerpt":{"rendered":"<p>Rayza Colque, Daniela Quentasi, Jhoselyn Paita y Gladys Acu\u00f1a, jovenc\u00edsimas, murieron en medio de una multitud estudiantil encerrada y espantada por un gas lacrim\u00f3geno lanzado en medio de una asamblea. <\/p>\n","protected":false},"author":3,"featured_media":8467,"comment_status":"open","ping_status":"open","sticky":false,"template":"","format":"standard","meta":{"_monsterinsights_skip_tracking":false,"footnotes":""},"categories":[693,77,35,102],"tags":[459],"class_list":["post-50670","post","type-post","status-publish","format-standard","has-post-thumbnail","category-693","category-drina-ergueta","category-opinion","category-textura-violeta","tag-opinion"],"_links":{"self":[{"href":"https:\/\/redsemlac.com\/semmexico\/wp-json\/wp\/v2\/posts\/50670","targetHints":{"allow":["GET"]}}],"collection":[{"href":"https:\/\/redsemlac.com\/semmexico\/wp-json\/wp\/v2\/posts"}],"about":[{"href":"https:\/\/redsemlac.com\/semmexico\/wp-json\/wp\/v2\/types\/post"}],"author":[{"embeddable":true,"href":"https:\/\/redsemlac.com\/semmexico\/wp-json\/wp\/v2\/users\/3"}],"replies":[{"embeddable":true,"href":"https:\/\/redsemlac.com\/semmexico\/wp-json\/wp\/v2\/comments?post=50670"}],"version-history":[{"count":0,"href":"https:\/\/redsemlac.com\/semmexico\/wp-json\/wp\/v2\/posts\/50670\/revisions"}],"wp:featuredmedia":[{"embeddable":true,"href":"https:\/\/redsemlac.com\/semmexico\/wp-json\/wp\/v2\/media\/8467"}],"wp:attachment":[{"href":"https:\/\/redsemlac.com\/semmexico\/wp-json\/wp\/v2\/media?parent=50670"}],"wp:term":[{"taxonomy":"category","embeddable":true,"href":"https:\/\/redsemlac.com\/semmexico\/wp-json\/wp\/v2\/categories?post=50670"},{"taxonomy":"post_tag","embeddable":true,"href":"https:\/\/redsemlac.com\/semmexico\/wp-json\/wp\/v2\/tags?post=50670"}],"curies":[{"name":"wp","href":"https:\/\/api.w.org\/{rel}","templated":true}]}}