{"id":50648,"date":"2022-05-23T16:46:20","date_gmt":"2022-05-23T22:46:20","guid":{"rendered":"https:\/\/redsemlac.com\/semmexico\/?p=50648"},"modified":"2023-07-21T19:05:20","modified_gmt":"2023-07-22T00:05:20","slug":"cuba-por-una-atencion-de-salud-a-personas-trans-centrada-en-derechos","status":"publish","type":"post","link":"https:\/\/redsemlac.com\/semmexico\/cuba-por-una-atencion-de-salud-a-personas-trans-centrada-en-derechos\/","title":{"rendered":"Cuba: Por una atenci\u00f3n de salud a personas trans centrada en derechos"},"content":{"rendered":"\n<ul class=\"wp-block-list\"><li><strong>Las personas trans necesitan atenci\u00f3n m\u00e9dica desprejuiciada<\/strong><\/li><\/ul>\n\n\n\n<ul class=\"wp-block-list\"><li><strong>El derecho a la salud sexual es una parte importante del derecho a la salud<\/strong><\/li><\/ul>\n\n\n\n<p class=\"wp-block-paragraph\"><strong>Redacci\u00f3n<\/strong><\/p>\n\n\n\n<p class=\"wp-block-paragraph\">SemM\u00e9xico\/SEMlac, La Habana, 23 de mayo 2022.- Despatologizar la transexualidad desde el aspecto m\u00e9dico, pero tambi\u00e9n cultural y social, y asumir la atenci\u00f3n de salud de las personas trans desde un enfoque integral y basado en los derechos humanos fueron ideas que transversalizaron las intervenciones del panel efectuado el pasado 20 de mayo en el teatro de la Facultad de Ciencias M\u00e9dicas General Calixto Garc\u00eda.<\/p>\n\n\n\n<p class=\"wp-block-paragraph\"><br>Bajo el tema \u00abAtenci\u00f3n integral a personas trans en los servicios de salud: antecedentes, avances y desaf\u00edos\u00bb especialistas, activistas y personas lesbianas, gays, bisexuales, trans, intersexuales y queers (LGBTIQ+) de pa\u00edses latinoamericanos compartieron sus experiencias con estudiantes y profesores del centro educacional.<\/p>\n\n\n\n<p class=\"wp-block-paragraph\"><br>Result\u00f3 el mejor escenario, al decir de la doctora Mariela Castro Esp\u00edn, directora del Centro Nacional de Educaci\u00f3n Sexual (Cenesex) y moderadora del panel, pues contribuir con la formaci\u00f3n de los futuros profesionales de las ramas m\u00e9dicas, ayudarlos a comprender y a desprenderse de los estereotipos que rodean a las personas trans es esencial y forma parte de los objetivos educativos que motivan las Jornadas cubanas contra la homofobia y la transfobia.<\/p>\n\n\n\n<p class=\"wp-block-paragraph\"><br>Las personas trans necesitan atenci\u00f3n m\u00e9dica, pero no se trata de una enfermedad, enfatiz\u00f3 en su intervenci\u00f3n Roc\u00edo Su\u00e1rez, activista de M\u00e9xico, quien remarc\u00f3 que persiste una visi\u00f3n patologizante de la transexualidad, a pesar de que, desde 2018, fue eliminada del cat\u00e1logo de enfermedades mentales.<\/p>\n\n\n\n<p class=\"wp-block-paragraph\"><br>Trascender esa visi\u00f3n es uno de los mayores retos, a\u00f1adi\u00f3, y para ello la educaci\u00f3n en el \u00e1mbito m\u00e9dico es vital, para que los profesionales puedan responder a situaciones como la de una mujer trans que necesita los servicios de un ur\u00f3logo, o el hecho de que un hombre trans precise ser atendido por un ginec\u00f3logo, coment\u00f3.<\/p>\n\n\n\n<p class=\"wp-block-paragraph\"><br>Tales circunstancias demandan una atenci\u00f3n m\u00e9dica desprejuiciada, a\u00f1adi\u00f3, y ejemplific\u00f3 que en ocasiones esas ideas preconcebidas dificultan la atenci\u00f3n, pues cuando el facultativo tiene delante una persona trans, muchas veces sin indagar ni examinar, asume que se trata de VIH, consumo de sustancias, asuntos hormonales o complicaciones de operaciones, lo que lleva a que obvie otros problemas de salud.<\/p>\n\n\n\n<p class=\"wp-block-paragraph\"><br>Su\u00e1rez tambi\u00e9n alert\u00f3 del peligro que representa el abandono de la atenci\u00f3n sanitaria, debido a la&nbsp;<a href=\"https:\/\/www.redsemlac-cuba.net\/redsemlac\/diversidad-sexual\/personas-trans-la-informacion-es-clave-para-el-autocuidado\/\" target=\"_blank\" rel=\"noreferrer noopener\">discriminaci\u00f3n que sufren estas personas, con las consecuencias negativas que esto conlleva para su bienestar f\u00edsico y mental<\/a>.<br>Se necesita mucho acompa\u00f1amiento y respeto, que se les pregunte c\u00f3mo se reconocen y les llamen por su nombre, independientemente de cuestiones legales, acot\u00f3.<\/p>\n\n\n\n<p class=\"wp-block-paragraph\"><br>El derecho a la salud sexual es una parte importante del derecho a la salud, que es transversal a todos los derechos humanos, reflexion\u00f3 por su parte la doctora en ciencias Gloria Careaga P\u00e9rez, psic\u00f3loga social, feminista y activista mexicana.<br>La experta repas\u00f3 c\u00f3mo ha sido el acercamiento de las ciencias a la sexualidad y el g\u00e9nero, que ha transitado de un silenciamiento en una \u00e9poca y un enfoque utilitario procreativo, a una visi\u00f3n m\u00e1s integral que contempla los derechos de las personas.<\/p>\n\n\n\n<p class=\"wp-block-paragraph\"><br>Sin embargo, se\u00f1al\u00f3, pese a algunos avances legales persisten barreras sociales y estructurales que limitan el disfrute pleno de los derechos, lo que demanda pol\u00edticas p\u00fablicas que contribuyan a transformar esa realidad.<\/p>\n\n\n\n<p class=\"wp-block-paragraph\"><br>La atenci\u00f3n m\u00e9dica debe ir acompa\u00f1ada de sensibilidad y prestar atenci\u00f3n no solo a los asuntos del cuerpo, sino sicol\u00f3gicos, consider\u00f3.<\/p>\n\n\n\n<p class=\"wp-block-paragraph\"><br>Precisamente, ese es uno de los pilares que sostiene el trabajo que realiza el doctor en ciencias puertorrique\u00f1o Wilfred Labiosa, quien dirige una organizaci\u00f3n dedicada a cuidar la salud de personas de la comunidad LGBTIQ+, con \u00e9nfasis en los adultos mayores.<\/p>\n\n\n\n<p class=\"wp-block-paragraph\"><br>Explic\u00f3 que la sociedad puertorrique\u00f1a transita hacia el envejecimiento de su poblaci\u00f3n y el pa\u00eds se enfrenta a un problema con los cuidados geri\u00e1tricos debido a esto, lo cual tambi\u00e9n incluye a las personas LGBTIQ+ en esas edades, un segmento poblacional que muchas veces se olvida.<\/p>\n\n\n\n<p class=\"wp-block-paragraph\"><br>En su intervenci\u00f3n comparti\u00f3 la labor en el proyecto Academia Empod\u00e9rate, destinado a estudiantes de ciencias m\u00e9dicas, con cursos espec\u00edficos sobre esta comunidad y en particular sobre las personas trans.<\/p>\n\n\n\n<p class=\"wp-block-paragraph\"><br>Resalt\u00f3 la importancia de la educaci\u00f3n a los j\u00f3venes que se forman en especialidades m\u00e9dicas, pues las pol\u00edticas p\u00fablicas se ven muy bien en los documentos, pero requieren seguimiento para que se cumplan y no se deterioren. Los futuros profesionales tienen un gran peso en su ejecuci\u00f3n, insisti\u00f3.<\/p>\n\n\n\n<p class=\"wp-block-paragraph\"><br>De forma paralela, agreg\u00f3, llevan adelante la campa\u00f1a Expr\u00e9sate Puerto Rico, para educar sobre la trascendencia de la salud mental para un desarrollo pleno y por su impacto sobre la salud f\u00edsica. Precis\u00f3 que ese es uno de los ejes principales de su trabajo, entre otras razones porque la comunidad LGTBI tiene mucha incidencia en los casos de suicidio del pa\u00eds.<\/p>\n\n\n\n<p class=\"wp-block-paragraph\"><br>La necesidad de espacios amigables y emp\u00e1ticos en todos los \u00e1mbitos de la atenci\u00f3n de salud fue destacada por la mexicana Oyuki Ariadne Mart\u00ednez Col\u00edn, quien coordina la primera unidad de salud integral para personas trans en la Ciudad de M\u00e9xico.<\/p>\n\n\n\n<p class=\"wp-block-paragraph\"><br>La instituci\u00f3n comenz\u00f3 a prestar servicios en octubre de 2021 y no solo atiende el componente m\u00e9dico, comparti\u00f3, sino la salud de manera integral, entendiendo esta tambi\u00e9n como el acceso a la educaci\u00f3n, al trabajo, a la identidad de g\u00e9nero, a tener una familia, a todos los derechos.<\/p>\n\n\n\n<p class=\"wp-block-paragraph\"><br>Expuso que el trabajo con las familias es la labor m\u00e1s exitosa entre las que realizan en la secci\u00f3n comunitaria, pues la mayor parte de las veces es desde ese n\u00facleo que las personas trans reciben el primer rechazo o el primer apoyo. La unidad les ayuda a entender las complejidades de este fen\u00f3meno, partiendo de sus propios conocimientos y dudas, con un lenguaje sencillo, alejado de tecnicismos y con el uso de recursos did\u00e1cticos, ampli\u00f3.<\/p>\n\n\n\n<p class=\"wp-block-paragraph\"><br>La doctora Castro Esp\u00edn reflexion\u00f3 sobre la importancia de estudiar estos temas en profundidad y encontrar herramientas te\u00f3ricas y metodol\u00f3gicas para incorporar en la pr\u00e1ctica social, pol\u00edtica y legislativa los elementos m\u00e1s justos, equitativos y solidarios. \u00abCuando logramos entender todo eso nos damos cuenta de que no podemos seguir reproduciendo ideas patologizadoras y manipuladoras\u00bb, apunt\u00f3.<\/p>\n\n\n\n<p class=\"wp-block-paragraph\"><br>Describi\u00f3 la evoluci\u00f3n del trabajo con las personas trans en Cuba hasta llegar a la actual situaci\u00f3n, con la implementaci\u00f3n de una estrategia para su integraci\u00f3n social. Detall\u00f3 que esta se ha ido ajustando y todav\u00eda realiza acciones de diagn\u00f3stico, pues recientemente incluyeron a las personas trans masculinas en los estudios.<\/p>\n\n\n\n<p class=\"wp-block-paragraph\"><br>Todav\u00eda en materia legal no est\u00e1n cubiertos todos los derechos, signific\u00f3 Castro Esp\u00edn, pero acot\u00f3 que existe voluntad pol\u00edtica de avanzar en ese camino.<br>Otra de las l\u00edneas de actuaci\u00f3n enunciadas fue la educaci\u00f3n y capacitaci\u00f3n a personas trans y sus familias, para su verdadera integraci\u00f3n social, pero tambi\u00e9n hay tareas dirigidas a la formaci\u00f3n de profesores y estudiantes de especialidades m\u00e9dicas y del sector educacional, agreg\u00f3.<\/p>\n\n\n\n<p class=\"wp-block-paragraph\"><br>En este sentido, coment\u00f3 que se estudia con la direcci\u00f3n de Docencia M\u00e9dica del Ministerio de Salud P\u00fablica la incorporaci\u00f3n de cursos optativos sobre g\u00e9nero y transidentidades, que llevar\u00e1n todo el rigor cient\u00edfico y el valor humano necesarios.<br>Hace falta transformaci\u00f3n social para eliminar el acoso y la discriminaci\u00f3n, y por eso toda la energ\u00eda est\u00e1 concentrada en ese cambio social, no en el enfoque biologicista y de salud; se trabaja con un acento integral y enfoque de derechos, asegur\u00f3.<\/p>\n\n\n\n<p class=\"wp-block-paragraph\"><br>Desde el p\u00fablico varias personas agradecieron la posibilidad del intercambio y solicitaron el acompa\u00f1amiento del Cenesex para participar de esa transformaci\u00f3n.<br>Yulieski Mor\u00e9, abogado y especialista del Cenesex, llam\u00f3 la atenci\u00f3n sobre el hecho de que no bastan las leyes para hacer valer los derechos de las personas. Record\u00f3 que la Carta Magna es de aplicaci\u00f3n directa y, por tanto, no hay que esperar por nuevas legislaciones para poner en pr\u00e1ctica lo que dice.<\/p>\n\n\n\n<p class=\"wp-block-paragraph\"><br>Puso como ejemplo el caso de estudiantes que no pueden mostrar su verdadera identidad de g\u00e9nero en el entorno universitario, debido a los reglamentos, algo a lo que la joven Sheila, de primer a\u00f1o, agreg\u00f3 que muchas veces el rechazo viene de los propios compa\u00f1eros. Por esa raz\u00f3n, ratific\u00f3 la importancia de la educaci\u00f3n sexual integral desde edades tempranas, acorde con el desarrollo de cada ni\u00f1o, para que se fomenten el conocimiento y la inclusi\u00f3n.<\/p>\n\n\n\n<p class=\"wp-block-paragraph\"><br>A partir del panel, usuarios en las redes sociales compartieron algunas experiencias de discriminaci\u00f3n en entornos escolares y hospitalarios, adem\u00e1s del retraso que provoc\u00f3 la pandemia de covid-19 en la atenci\u00f3n a las personas trans, en particular a las que residen fuera de la capital del pa\u00eds.<\/p>\n\n\n\n<p class=\"wp-block-paragraph\">SEM-SEMlac<\/p>\n","protected":false},"excerpt":{"rendered":"<p>Las personas trans necesitan atenci\u00f3n m\u00e9dica desprejuiciada<\/p>\n","protected":false},"author":3,"featured_media":50649,"comment_status":"open","ping_status":"open","sticky":false,"template":"","format":"standard","meta":{"_monsterinsights_skip_tracking":false,"footnotes":""},"categories":[693,53],"tags":[],"class_list":["post-50648","post","type-post","status-publish","format-standard","has-post-thumbnail","category-693","category-internacional"],"_links":{"self":[{"href":"https:\/\/redsemlac.com\/semmexico\/wp-json\/wp\/v2\/posts\/50648","targetHints":{"allow":["GET"]}}],"collection":[{"href":"https:\/\/redsemlac.com\/semmexico\/wp-json\/wp\/v2\/posts"}],"about":[{"href":"https:\/\/redsemlac.com\/semmexico\/wp-json\/wp\/v2\/types\/post"}],"author":[{"embeddable":true,"href":"https:\/\/redsemlac.com\/semmexico\/wp-json\/wp\/v2\/users\/3"}],"replies":[{"embeddable":true,"href":"https:\/\/redsemlac.com\/semmexico\/wp-json\/wp\/v2\/comments?post=50648"}],"version-history":[{"count":0,"href":"https:\/\/redsemlac.com\/semmexico\/wp-json\/wp\/v2\/posts\/50648\/revisions"}],"wp:featuredmedia":[{"embeddable":true,"href":"https:\/\/redsemlac.com\/semmexico\/wp-json\/wp\/v2\/media\/50649"}],"wp:attachment":[{"href":"https:\/\/redsemlac.com\/semmexico\/wp-json\/wp\/v2\/media?parent=50648"}],"wp:term":[{"taxonomy":"category","embeddable":true,"href":"https:\/\/redsemlac.com\/semmexico\/wp-json\/wp\/v2\/categories?post=50648"},{"taxonomy":"post_tag","embeddable":true,"href":"https:\/\/redsemlac.com\/semmexico\/wp-json\/wp\/v2\/tags?post=50648"}],"curies":[{"name":"wp","href":"https:\/\/api.w.org\/{rel}","templated":true}]}}